{"id":317455,"date":"2026-07-15T09:39:50","date_gmt":"2026-07-15T12:39:50","guid":{"rendered":"https:\/\/www.caririemacao.com\/1\/?p=317455"},"modified":"2026-07-15T09:39:50","modified_gmt":"2026-07-15T12:39:50","slug":"inscricoes-para-segunda-edicao-do-fies-estao-abertas","status":"publish","type":"post","link":"https:\/\/www.caririemacao.com\/1\/2026\/07\/15\/inscricoes-para-segunda-edicao-do-fies-estao-abertas\/","title":{"rendered":"Inscri\u00e7\u00f5es para segunda edi\u00e7\u00e3o do Fies est\u00e3o abertas"},"content":{"rendered":"<p>Estudantes interessados em participar do processo seletivo ao Fundo de Financiamento Estudantil (Fies) do segundo\u00a0 semestre de 2026 tem at\u00e9 o dia <strong>17 de julho<\/strong>\u00a0para efetivar a inscri\u00e7\u00e3o. O candidato deve acessar o\u00a0<a href=\"https:\/\/acessounico.mec.gov.br\/fies\">Portal \u00danico de Acesso ao Ensino Superior<\/a>.<\/p>\n<p>O programa beneficia prioritariamente estudantes que n\u00e3o tenham conclu\u00eddo o ensino superior e n\u00e3o tenham sido beneficiados pelo financiamento estudantil.<\/p>\n<h2>Vagas<\/h2>\n<p>Ao todo, o MEC oferece mais de 112 mil vagas para o Fies em 2026, considerando as oportunidades do primeiro e do segundo semestre, sendo 67.301 vagas no primeiro, e 44.867 no segundo.<\/p>\n<p>Al\u00e9m das vagas do segundo semestre, o MEC ainda ofertar\u00e1 todas as vagas eventualmente n\u00e3o ocupadas at\u00e9 o limite do total definido para este ano.<\/p>\n<h2>Quem pode se inscrever<\/h2>\n<p>Os candidatos devem atender aos requisitos estabelecidos no novo edital:<\/p>\n<ul>\n<li>Ter participado do Exame Nacional do Ensino M\u00e9dio (Enem) a partir da edi\u00e7\u00e3o de 2010;<\/li>\n<li>Ter obtido m\u00e9dia igual ou maior que 450 pontos considerando as cinco provas;<\/li>\n<li>N\u00e3o ter tirado nota zero na prova de reda\u00e7\u00e3o;<\/li>\n<li>Ter renda bruta familiar mensal per capita de at\u00e9 tr\u00eas sal\u00e1rios m\u00ednimos (R$ 4.863, em 2026).<\/li>\n<li>Os candidatos que participaram do Enem na condi\u00e7\u00e3o de \u201ctreineiro\u201d n\u00e3o podem se inscrever no Fies.<\/li>\n<\/ul>\n<h2>Regras de car\u00eancia<\/h2>\n<p>Uma resolu\u00e7\u00e3o do Conselho Monet\u00e1rio Nacional (CMN) alterou\u00a0<a href=\"https:\/\/www.in.gov.br\/web\/dou\/-\/resolucao-cmn-n-5.328-de-10-de-julho-de-2026-718445514\">regras de car\u00eancia<\/a>\u00a0apresentadas anteriormente. Pela norma anterior, a car\u00eancia abrangia tanto o principal quanto os juros da d\u00edvida e era vedada a capitaliza\u00e7\u00e3o desses juros.<\/p>\n<p>Com a Resolu\u00e7\u00e3o CMN n\u00ba 5.328, a car\u00eancia passou a valer apenas para o principal, e os juros que n\u00e3o forem pagos nesse per\u00edodo podem ser incorporados ao saldo devedor.<\/p>\n<p>A nova resolu\u00e7\u00e3o manteve os prazos m\u00e1ximos de financiamento para benefici\u00e1rios adimplentes do Fies \u2013 at\u00e9 60 meses para pessoas f\u00edsicas e at\u00e9 96 meses para pessoas jur\u00eddicas.<\/p>\n<h2>Fies Social<\/h2>\n<p>O processo seletivo do Fies inclui a reserva de 50% das vagas para estudantes com renda familiar por pessoa de at\u00e9 meio sal\u00e1rio m\u00ednimo (R$ 810,50, em 2026) e com inscri\u00e7\u00e3o ativa no Cadastro \u00danico para Programas Sociais do governo federal (Cad\u00danico).<\/p>\n<p>Os pr\u00e9-selecionados para as vagas do Fies Social poder\u00e3o solicitar a contrata\u00e7\u00e3o do financiamento integral, cobrindo todos os encargos educacionais.<\/p>\n<p>Estes estudantes pr\u00e9-selecionados com renda familiar de at\u00e9 meio sal\u00e1rio m\u00ednimo por pessoa, inscritos nas vagas do Fies Social, est\u00e3o dispensados de comprovar a renda familiar diretamente na institui\u00e7\u00e3o privada de ensino superior.<\/p>\n<p>Mesmo assim, dever\u00e3o comparecer \u00e0 Comiss\u00e3o Permanente de Supervis\u00e3o e Acompanhamento (CPSA) da respectiva faculdade privada para validar as demais informa\u00e7\u00f5es prestadas no momento da inscri\u00e7\u00e3o.<\/p>\n<h2>Cronograma<\/h2>\n<ul>\n<li>Inscri\u00e7\u00f5es: de 14 a 17 de julho;<\/li>\n<li>Resultado: 30 de julho;<\/li>\n<li>Complementa\u00e7\u00e3o das inscri\u00e7\u00f5es: de 31 de julho a 4 de agosto;<\/li>\n<li>Lista de espera: de 7 a 24 de setembro.<\/li>\n<\/ul>\n<p><em>*Com informa\u00e7\u00f5es da Ag\u00eancia Brasil<\/em><\/p>\n","protected":false},"excerpt":{"rendered":"<p>Estudantes interessados em participar do processo seletivo ao Fundo de Financiamento Estudantil (Fies) do segundo\u00a0 semestre de 2026 tem at\u00e9 o dia 17 de julho\u00a0para efetivar a inscri\u00e7\u00e3o. O candidato deve acessar o\u00a0Portal \u00danico de Acesso ao Ensino Superior. O programa beneficia prioritariamente estudantes que n\u00e3o tenham conclu\u00eddo o ensino superior e n\u00e3o tenham sido beneficiados pelo financiamento estudantil. Vagas Ao todo, o MEC oferece mais de 112 mil vagas para o Fies em 2026, considerando as oportunidades do primeiro e do segundo semestre, sendo 67.301 vagas no primeiro, e 44.867 no segundo. Al\u00e9m das vagas do segundo semestre, o MEC ainda ofertar\u00e1 todas as vagas eventualmente n\u00e3o ocupadas at\u00e9 o limite do total definido para este ano. Quem pode se inscrever Os candidatos devem atender aos requisitos estabelecidos no novo edital: Ter participado do Exame Nacional do Ensino M\u00e9dio (Enem) a partir da edi\u00e7\u00e3o de 2010; Ter obtido m\u00e9dia igual ou maior que 450 pontos considerando as cinco provas; N\u00e3o ter tirado nota zero na prova de reda\u00e7\u00e3o; Ter renda bruta familiar mensal per capita de at\u00e9 tr\u00eas sal\u00e1rios m\u00ednimos (R$ 4.863, em 2026). Os candidatos que participaram do Enem na condi\u00e7\u00e3o de \u201ctreineiro\u201d n\u00e3o podem se inscrever no Fies. Regras de car\u00eancia Uma resolu\u00e7\u00e3o do Conselho Monet\u00e1rio Nacional (CMN) alterou\u00a0regras de car\u00eancia\u00a0apresentadas anteriormente. Pela norma anterior, a car\u00eancia abrangia tanto o principal quanto os juros da d\u00edvida e era vedada a capitaliza\u00e7\u00e3o desses juros. Com a Resolu\u00e7\u00e3o CMN n\u00ba 5.328, a car\u00eancia passou a valer apenas para o principal, e os juros que n\u00e3o forem pagos nesse per\u00edodo podem ser incorporados ao saldo devedor. A nova resolu\u00e7\u00e3o manteve os prazos m\u00e1ximos de financiamento para benefici\u00e1rios adimplentes do Fies \u2013 at\u00e9 60 meses para pessoas f\u00edsicas e at\u00e9 96 meses para pessoas jur\u00eddicas. Fies Social O processo seletivo do Fies inclui a reserva de 50% das vagas para estudantes com renda familiar por pessoa de at\u00e9 meio sal\u00e1rio m\u00ednimo (R$ 810,50, em 2026) e com inscri\u00e7\u00e3o ativa no Cadastro \u00danico para Programas Sociais do governo federal (Cad\u00danico). Os pr\u00e9-selecionados para as vagas do Fies Social poder\u00e3o solicitar a contrata\u00e7\u00e3o do financiamento integral, cobrindo todos os encargos educacionais. Estes estudantes pr\u00e9-selecionados com renda familiar de at\u00e9 meio sal\u00e1rio m\u00ednimo por pessoa, inscritos nas vagas do Fies Social, est\u00e3o dispensados de comprovar a renda familiar diretamente na institui\u00e7\u00e3o privada de ensino superior. Mesmo assim, dever\u00e3o comparecer \u00e0 Comiss\u00e3o Permanente de Supervis\u00e3o e Acompanhamento (CPSA) da respectiva faculdade privada para validar as demais informa\u00e7\u00f5es prestadas no momento da inscri\u00e7\u00e3o. Cronograma Inscri\u00e7\u00f5es: de 14 a 17 de julho; Resultado: 30 de julho; Complementa\u00e7\u00e3o das inscri\u00e7\u00f5es: de 31 de julho a 4 de agosto; Lista de espera: de 7 a 24 de setembro. *Com informa\u00e7\u00f5es da Ag\u00eancia Brasil<\/p>\n","protected":false},"author":6,"featured_media":317456,"comment_status":"closed","ping_status":"closed","sticky":false,"template":"","format":"standard","meta":{"sfsi_plus_gutenberg_text_before_share":"","sfsi_plus_gutenberg_show_text_before_share":"","sfsi_plus_gutenberg_icon_type":"","sfsi_plus_gutenberg_icon_alignemt":"","sfsi_plus_gutenburg_max_per_row":"","footnotes":""},"categories":[50,14],"tags":[],"class_list":["post-317455","post","type-post","status-publish","format-standard","has-post-thumbnail","hentry","category-destaque","category-educacao"],"_links":{"self":[{"href":"https:\/\/www.caririemacao.com\/1\/wp-json\/wp\/v2\/posts\/317455","targetHints":{"allow":["GET"]}}],"collection":[{"href":"https:\/\/www.caririemacao.com\/1\/wp-json\/wp\/v2\/posts"}],"about":[{"href":"https:\/\/www.caririemacao.com\/1\/wp-json\/wp\/v2\/types\/post"}],"author":[{"embeddable":true,"href":"https:\/\/www.caririemacao.com\/1\/wp-json\/wp\/v2\/users\/6"}],"replies":[{"embeddable":true,"href":"https:\/\/www.caririemacao.com\/1\/wp-json\/wp\/v2\/comments?post=317455"}],"version-history":[{"count":1,"href":"https:\/\/www.caririemacao.com\/1\/wp-json\/wp\/v2\/posts\/317455\/revisions"}],"predecessor-version":[{"id":317457,"href":"https:\/\/www.caririemacao.com\/1\/wp-json\/wp\/v2\/posts\/317455\/revisions\/317457"}],"wp:featuredmedia":[{"embeddable":true,"href":"https:\/\/www.caririemacao.com\/1\/wp-json\/wp\/v2\/media\/317456"}],"wp:attachment":[{"href":"https:\/\/www.caririemacao.com\/1\/wp-json\/wp\/v2\/media?parent=317455"}],"wp:term":[{"taxonomy":"category","embeddable":true,"href":"https:\/\/www.caririemacao.com\/1\/wp-json\/wp\/v2\/categories?post=317455"},{"taxonomy":"post_tag","embeddable":true,"href":"https:\/\/www.caririemacao.com\/1\/wp-json\/wp\/v2\/tags?post=317455"}],"curies":[{"name":"wp","href":"https:\/\/api.w.org\/{rel}","templated":true}]}}