{"id":317467,"date":"2026-07-15T16:05:05","date_gmt":"2026-07-15T19:05:05","guid":{"rendered":"https:\/\/www.caririemacao.com\/1\/?p=317467"},"modified":"2026-07-15T16:05:05","modified_gmt":"2026-07-15T19:05:05","slug":"colisao-envolvendo-carreta-e-tres-veiculos-deixa-tres-mortos-e-feridos-na-br-412-em-boa-vista","status":"publish","type":"post","link":"https:\/\/www.caririemacao.com\/1\/2026\/07\/15\/colisao-envolvendo-carreta-e-tres-veiculos-deixa-tres-mortos-e-feridos-na-br-412-em-boa-vista\/","title":{"rendered":"Colis\u00e3o envolvendo carreta e tr\u00eas ve\u00edculos deixa tr\u00eas mortos e feridos na BR-412, em Boa Vista"},"content":{"rendered":"<p class=\"PDq2pG_selectionAnchorContainer\" data-start=\"103\" data-end=\"310\">Um grave acidente de tr\u00e2nsito registrado no in\u00edcio da tarde desta quarta-feira (15) deixou tr\u00eas pessoas mortas e outras feridas na BR-412, nas proximidades do munic\u00edpio de Boa Vista, no Cariri paraibano.<\/p>\n<p data-start=\"312\" data-end=\"535\">De acordo com as primeiras informa\u00e7\u00f5es, a colis\u00e3o envolveu uma carreta e tr\u00eas ve\u00edculos de passeio. Em um dos autom\u00f3veis estavam as tr\u00eas v\u00edtimas fatais, que morreram ainda no local em decorr\u00eancia da viol\u00eancia do impacto.<\/p>\n<p data-start=\"537\" data-end=\"882\">Equipes do Servi\u00e7o de Atendimento M\u00f3vel de Urg\u00eancia (SAMU), do Corpo de Bombeiros e das for\u00e7as de seguran\u00e7a foram acionadas para prestar socorro \u00e0s v\u00edtimas feridas e atender \u00e0 ocorr\u00eancia. O Instituto de Pol\u00edcia Cient\u00edfica (IPC), por meio do Instituto de Medicina Legal (IML), tamb\u00e9m foi mobilizado para realizar a per\u00edcia e a remo\u00e7\u00e3o dos corpos.<\/p>\n<p data-start=\"884\" data-end=\"1084\">As causas do acidente ainda s\u00e3o desconhecidas e ser\u00e3o apuradas pelas autoridades competentes. At\u00e9 a publica\u00e7\u00e3o desta mat\u00e9ria, as identidades das v\u00edtimas fatais n\u00e3o haviam sido divulgadas oficialmente.<\/p>\n<p data-start=\"1086\" data-end=\"1295\">Durante o atendimento \u00e0 ocorr\u00eancia, a Pol\u00edcia Rodovi\u00e1ria Federal (PRF) realizou o controle do tr\u00e1fego no trecho para garantir a seguran\u00e7a dos motoristas e facilitar o trabalho das equipes de resgate e per\u00edcia.<\/p>\n<p data-start=\"1297\" data-end=\"1406\">O tr\u00e2nsito na regi\u00e3o segue com restri\u00e7\u00f5es, e os condutores que trafegam pela BR-412 devem redobrar a aten\u00e7\u00e3o.<\/p>\n<p data-start=\"1408\" data-end=\"1502\" data-is-last-node=\"\" data-is-only-node=\"\">A mat\u00e9ria ser\u00e1 atualizada assim que novas informa\u00e7\u00f5es forem confirmadas pelas autoridades.<\/p>\n<p data-start=\"1408\" data-end=\"1502\" data-is-last-node=\"\" data-is-only-node=\"\">\n<p data-start=\"1408\" data-end=\"1502\" data-is-last-node=\"\" data-is-only-node=\"\"><strong>CARIRI EM A\u00c7\u00c3O<\/strong><\/p>\n","protected":false},"excerpt":{"rendered":"<p>Um grave acidente de tr\u00e2nsito registrado no in\u00edcio da tarde desta quarta-feira (15) deixou tr\u00eas pessoas mortas e outras feridas na BR-412, nas proximidades do munic\u00edpio de Boa Vista, no Cariri paraibano. De acordo com as primeiras informa\u00e7\u00f5es, a colis\u00e3o envolveu uma carreta e tr\u00eas ve\u00edculos de passeio. Em um dos autom\u00f3veis estavam as tr\u00eas v\u00edtimas fatais, que morreram ainda no local em decorr\u00eancia da viol\u00eancia do impacto. Equipes do Servi\u00e7o de Atendimento M\u00f3vel de Urg\u00eancia (SAMU), do Corpo de Bombeiros e das for\u00e7as de seguran\u00e7a foram acionadas para prestar socorro \u00e0s v\u00edtimas feridas e atender \u00e0 ocorr\u00eancia. O Instituto de Pol\u00edcia Cient\u00edfica (IPC), por meio do Instituto de Medicina Legal (IML), tamb\u00e9m foi mobilizado para realizar a per\u00edcia e a remo\u00e7\u00e3o dos corpos. As causas do acidente ainda s\u00e3o desconhecidas e ser\u00e3o apuradas pelas autoridades competentes. At\u00e9 a publica\u00e7\u00e3o desta mat\u00e9ria, as identidades das v\u00edtimas fatais n\u00e3o haviam sido divulgadas oficialmente. Durante o atendimento \u00e0 ocorr\u00eancia, a Pol\u00edcia Rodovi\u00e1ria Federal (PRF) realizou o controle do tr\u00e1fego no trecho para garantir a seguran\u00e7a dos motoristas e facilitar o trabalho das equipes de resgate e per\u00edcia. O tr\u00e2nsito na regi\u00e3o segue com restri\u00e7\u00f5es, e os condutores que trafegam pela BR-412 devem redobrar a aten\u00e7\u00e3o. A mat\u00e9ria ser\u00e1 atualizada assim que novas informa\u00e7\u00f5es forem confirmadas pelas autoridades. CARIRI EM A\u00c7\u00c3O<\/p>\n","protected":false},"author":6,"featured_media":317468,"comment_status":"closed","ping_status":"closed","sticky":false,"template":"","format":"standard","meta":{"sfsi_plus_gutenberg_text_before_share":"","sfsi_plus_gutenberg_show_text_before_share":"","sfsi_plus_gutenberg_icon_type":"","sfsi_plus_gutenberg_icon_alignemt":"","sfsi_plus_gutenburg_max_per_row":"","footnotes":""},"categories":[106,50,2],"tags":[],"class_list":["post-317467","post","type-post","status-publish","format-standard","has-post-thumbnail","hentry","category-cariri","category-destaque","category-geral"],"_links":{"self":[{"href":"https:\/\/www.caririemacao.com\/1\/wp-json\/wp\/v2\/posts\/317467","targetHints":{"allow":["GET"]}}],"collection":[{"href":"https:\/\/www.caririemacao.com\/1\/wp-json\/wp\/v2\/posts"}],"about":[{"href":"https:\/\/www.caririemacao.com\/1\/wp-json\/wp\/v2\/types\/post"}],"author":[{"embeddable":true,"href":"https:\/\/www.caririemacao.com\/1\/wp-json\/wp\/v2\/users\/6"}],"replies":[{"embeddable":true,"href":"https:\/\/www.caririemacao.com\/1\/wp-json\/wp\/v2\/comments?post=317467"}],"version-history":[{"count":1,"href":"https:\/\/www.caririemacao.com\/1\/wp-json\/wp\/v2\/posts\/317467\/revisions"}],"predecessor-version":[{"id":317469,"href":"https:\/\/www.caririemacao.com\/1\/wp-json\/wp\/v2\/posts\/317467\/revisions\/317469"}],"wp:featuredmedia":[{"embeddable":true,"href":"https:\/\/www.caririemacao.com\/1\/wp-json\/wp\/v2\/media\/317468"}],"wp:attachment":[{"href":"https:\/\/www.caririemacao.com\/1\/wp-json\/wp\/v2\/media?parent=317467"}],"wp:term":[{"taxonomy":"category","embeddable":true,"href":"https:\/\/www.caririemacao.com\/1\/wp-json\/wp\/v2\/categories?post=317467"},{"taxonomy":"post_tag","embeddable":true,"href":"https:\/\/www.caririemacao.com\/1\/wp-json\/wp\/v2\/tags?post=317467"}],"curies":[{"name":"wp","href":"https:\/\/api.w.org\/{rel}","templated":true}]}}