{"id":317491,"date":"2026-07-16T06:00:29","date_gmt":"2026-07-16T09:00:29","guid":{"rendered":"https:\/\/www.caririemacao.com\/1\/?p=317491"},"modified":"2026-07-15T22:36:54","modified_gmt":"2026-07-16T01:36:54","slug":"dino-cobra-de-presidentes-de-partidos-informacoes-sobre-indicacoes-de-emendas","status":"publish","type":"post","link":"https:\/\/www.caririemacao.com\/1\/2026\/07\/16\/dino-cobra-de-presidentes-de-partidos-informacoes-sobre-indicacoes-de-emendas\/","title":{"rendered":"Dino cobra de presidentes de partidos informa\u00e7\u00f5es sobre indica\u00e7\u00f5es de emendas"},"content":{"rendered":"<p class=\"description readme-audima\" style=\"text-align: center;\"><em>Ministro do STF quer saber se chefes das 21 siglas com representa\u00e7\u00e3o no Congresso participaram da defini\u00e7\u00e3o de uso das verbas<\/em><\/p>\n<p>O ministro Fl\u00e1vio Dino, do\u00a0STF, determinou nesta quarta-feira que os presidentes de todos os partidos pol\u00edticos com representa\u00e7\u00e3o no Congresso devem informar, em 10 dias, se participaram da defini\u00e7\u00e3o da aplica\u00e7\u00e3o emendas parlamentares.<\/p>\n<p>Os chefes de 21 legendas ter\u00e3o que responder seis perguntas, incluindo se possuem \u201ccotas, reservas ou qualquer outro mecanismo de aloca\u00e7\u00e3o de emendas parlamentares\u201d.<\/p>\n<p>A decis\u00e3o ocorreu ap\u00f3s o presidente do PL, Valdemar Costa Neto, afirmar que a pr\u00e1tica \u00e9 comum entre os presidentes de partidos.\u00a0Valdemar est\u00e1 sendo investigado por ter decidido o destino de 119 milh\u00f5es de reais em emendas.<\/p>\n<p>\u201cO Sr. Valdemar Costa Neto \u00e9 um pol\u00edtico de destaque e preside um dos maiores partidos brasileiros, logo as suas afirma\u00e7\u00f5es p\u00fablicas merecem aten\u00e7\u00e3o\u201d, afirmou Dino.<\/p>\n<p>Na semana passada,\u00a0em entrevista, o presidente do PL afirmou que todos os presidentes de partidos atuam dessa forma. Ele negou a exist\u00eancia de uma \u201ccota\u201d dos caciques para destina\u00e7\u00e3o de emendas, mas afirmou que \u201c\u00e9 natural\u201d fazerem sugest\u00f5es.<\/p>\n<p>Segundo Valdemar, ele apenas \u201csugeriu\u201d uma rela\u00e7\u00e3o de emendas que poderiam atender a prefeitos que n\u00e3o teriam contato com deputados, e que, portanto, n\u00e3o teriam para quem pedir verba para tocar obras em suas cidades. \u201cIsso \u00e9 fazer pol\u00edtica, n\u00e3o est\u00e1 errado, est\u00e1 certo\u201d, afirmou.<\/p>\n<p>&nbsp;<\/p>\n<p><em>Com Veja<\/em><\/p>\n","protected":false},"excerpt":{"rendered":"<p>Ministro do STF quer saber se chefes das 21 siglas com representa\u00e7\u00e3o no Congresso participaram da defini\u00e7\u00e3o de uso das verbas O ministro Fl\u00e1vio Dino, do\u00a0STF, determinou nesta quarta-feira que os presidentes de todos os partidos pol\u00edticos com representa\u00e7\u00e3o no Congresso devem informar, em 10 dias, se participaram da defini\u00e7\u00e3o da aplica\u00e7\u00e3o emendas parlamentares. Os chefes de 21 legendas ter\u00e3o que responder seis perguntas, incluindo se possuem \u201ccotas, reservas ou qualquer outro mecanismo de aloca\u00e7\u00e3o de emendas parlamentares\u201d. A decis\u00e3o ocorreu ap\u00f3s o presidente do PL, Valdemar Costa Neto, afirmar que a pr\u00e1tica \u00e9 comum entre os presidentes de partidos.\u00a0Valdemar est\u00e1 sendo investigado por ter decidido o destino de 119 milh\u00f5es de reais em emendas. \u201cO Sr. Valdemar Costa Neto \u00e9 um pol\u00edtico de destaque e preside um dos maiores partidos brasileiros, logo as suas afirma\u00e7\u00f5es p\u00fablicas merecem aten\u00e7\u00e3o\u201d, afirmou Dino. Na semana passada,\u00a0em entrevista, o presidente do PL afirmou que todos os presidentes de partidos atuam dessa forma. Ele negou a exist\u00eancia de uma \u201ccota\u201d dos caciques para destina\u00e7\u00e3o de emendas, mas afirmou que \u201c\u00e9 natural\u201d fazerem sugest\u00f5es. Segundo Valdemar, ele apenas \u201csugeriu\u201d uma rela\u00e7\u00e3o de emendas que poderiam atender a prefeitos que n\u00e3o teriam contato com deputados, e que, portanto, n\u00e3o teriam para quem pedir verba para tocar obras em suas cidades. \u201cIsso \u00e9 fazer pol\u00edtica, n\u00e3o est\u00e1 errado, est\u00e1 certo\u201d, afirmou. &nbsp; Com Veja<\/p>\n","protected":false},"author":6,"featured_media":310700,"comment_status":"closed","ping_status":"closed","sticky":false,"template":"","format":"standard","meta":{"sfsi_plus_gutenberg_text_before_share":"","sfsi_plus_gutenberg_show_text_before_share":"","sfsi_plus_gutenberg_icon_type":"","sfsi_plus_gutenberg_icon_alignemt":"","sfsi_plus_gutenburg_max_per_row":"","footnotes":""},"categories":[123,50,2,11],"tags":[],"class_list":["post-317491","post","type-post","status-publish","format-standard","has-post-thumbnail","hentry","category-brasil","category-destaque","category-geral","category-politica"],"_links":{"self":[{"href":"https:\/\/www.caririemacao.com\/1\/wp-json\/wp\/v2\/posts\/317491","targetHints":{"allow":["GET"]}}],"collection":[{"href":"https:\/\/www.caririemacao.com\/1\/wp-json\/wp\/v2\/posts"}],"about":[{"href":"https:\/\/www.caririemacao.com\/1\/wp-json\/wp\/v2\/types\/post"}],"author":[{"embeddable":true,"href":"https:\/\/www.caririemacao.com\/1\/wp-json\/wp\/v2\/users\/6"}],"replies":[{"embeddable":true,"href":"https:\/\/www.caririemacao.com\/1\/wp-json\/wp\/v2\/comments?post=317491"}],"version-history":[{"count":1,"href":"https:\/\/www.caririemacao.com\/1\/wp-json\/wp\/v2\/posts\/317491\/revisions"}],"predecessor-version":[{"id":317492,"href":"https:\/\/www.caririemacao.com\/1\/wp-json\/wp\/v2\/posts\/317491\/revisions\/317492"}],"wp:featuredmedia":[{"embeddable":true,"href":"https:\/\/www.caririemacao.com\/1\/wp-json\/wp\/v2\/media\/310700"}],"wp:attachment":[{"href":"https:\/\/www.caririemacao.com\/1\/wp-json\/wp\/v2\/media?parent=317491"}],"wp:term":[{"taxonomy":"category","embeddable":true,"href":"https:\/\/www.caririemacao.com\/1\/wp-json\/wp\/v2\/categories?post=317491"},{"taxonomy":"post_tag","embeddable":true,"href":"https:\/\/www.caririemacao.com\/1\/wp-json\/wp\/v2\/tags?post=317491"}],"curies":[{"name":"wp","href":"https:\/\/api.w.org\/{rel}","templated":true}]}}