{"id":317551,"date":"2026-07-17T09:25:10","date_gmt":"2026-07-17T12:25:10","guid":{"rendered":"https:\/\/www.caririemacao.com\/1\/?p=317551"},"modified":"2026-07-17T09:25:10","modified_gmt":"2026-07-17T12:25:10","slug":"inscricoes-para-edicao-do-segundo-semestre-do-fies-2026-terminam-hoje","status":"publish","type":"post","link":"https:\/\/www.caririemacao.com\/1\/2026\/07\/17\/inscricoes-para-edicao-do-segundo-semestre-do-fies-2026-terminam-hoje\/","title":{"rendered":"Inscri\u00e7\u00f5es para edi\u00e7\u00e3o do segundo semestre do Fies 2026 terminam hoje"},"content":{"rendered":"<div class=\"header-noticia full-width\">\n<p style=\"text-align: center;\"><em><strong>Processo deve ser feito pela internet<\/strong><\/em><\/p>\n<\/div>\n<p>Termina nesta quinta-feira (17) o prazo para inscri\u00e7\u00e3o no\u00a0<a href=\"https:\/\/acessounico.mec.gov.br\/fies\" target=\"_blank\" rel=\"noopener\">processo seletivo<\/a>\u00a0do Fundo de Financiamento Estudantil (Fies) do segundo semestre de 2026. Os estudantes interessados em participar devem acessar o Portal \u00danico de Acesso ao Ensino Superior.<img decoding=\"async\" src=\"https:\/\/agenciabrasil.ebc.com.br\/ebc.png?id=1696838&amp;o=node\" \/><img decoding=\"async\" src=\"https:\/\/agenciabrasil.ebc.com.br\/ebc.gif?id=1696838&amp;o=node\" \/><\/p>\n<p>O Fies financia a gradua\u00e7\u00e3o de estudantes matriculados em cursos presenciais n\u00e3o gratuitos em faculdades privadas avaliadas positivamente no Sistema Nacional de Avalia\u00e7\u00e3o da Educa\u00e7\u00e3o Superior (Sinaes) do Minist\u00e9rio da Educa\u00e7\u00e3o.<\/p>\n<p>O programa beneficia prioritariamente estudantes que n\u00e3o tenham conclu\u00eddo o ensino superior e n\u00e3o tenham sido beneficiados pelo financiamento estudantil.<\/p>\n<h2>Vagas<\/h2>\n<p>Ao todo, o MEC oferece mais de 112 mil vagas para o Fies em 2026, considerando as oportunidades do primeiro e do segundo semestre, sendo 67.301 vagas no primeiro, e 44.867 no segundo.<\/p>\n<p>Al\u00e9m das vagas do segundo semestre, o MEC ainda ofertar\u00e1 todas as vagas eventualmente n\u00e3o ocupadas at\u00e9 o limite do total definido para este ano.<\/p>\n<h2>Quem pode se inscrever<\/h2>\n<p><strong>Os candidatos devem atender aos requisitos estabelecidos no novo edital:<\/strong><\/p>\n<ul>\n<li>ter participado do Exame Nacional do Ensino M\u00e9dio (Enem) a partir da edi\u00e7\u00e3o de 2010<\/li>\n<li>ter obtido m\u00e9dia igual ou maior que 450 pontos considerando as cinco provas<\/li>\n<li>n\u00e3o ter tirado nota zero na prova de reda\u00e7\u00e3o<\/li>\n<li>ter renda bruta familiar mensal per capita de at\u00e9 tr\u00eas sal\u00e1rios m\u00ednimos (R$ 4.863, em 2026)<\/li>\n<\/ul>\n<p>Os candidatos que participaram do Enem na condi\u00e7\u00e3o de &#8220;treineiro&#8221; n\u00e3o podem se inscrever no Fies.<\/p>\n<h2>Fies Social<\/h2>\n<p>O processo seletivo do Fies inclui a reserva de 50% das vagas para estudantes com renda familiar por pessoa de at\u00e9 meio sal\u00e1rio m\u00ednimo (R$ 810,50, em 2026) e com inscri\u00e7\u00e3o ativa no Cadastro \u00danico para Programas Sociais do governo federal (Cad\u00danico).<\/p>\n<p>Os pr\u00e9-selecionados para as vagas do Fies Social poder\u00e3o solicitar a contrata\u00e7\u00e3o do financiamento integral, cobrindo todos os encargos educacionais.<\/p>\n<p>Os estudantes pr\u00e9-selecionados, com renda familiar de at\u00e9 meio sal\u00e1rio m\u00ednimo por pessoa, inscritos nas vagas do Fies Social, est\u00e3o dispensados de comprovar a renda familiar diretamente na institui\u00e7\u00e3o privada de ensino superior.<\/p>\n<p>Mesmo assim, dever\u00e3o comparecer \u00e0 Comiss\u00e3o Permanente de Supervis\u00e3o e Acompanhamento (CPSA) da respectiva faculdade privada para validar as demais informa\u00e7\u00f5es prestadas no momento da inscri\u00e7\u00e3o.<\/p>\n<h2>Cronograma<\/h2>\n<ul>\n<li>inscri\u00e7\u00f5es: de 14 a 17 de julho<\/li>\n<li>resultado: 30 de julho<\/li>\n<li>complementa\u00e7\u00e3o das inscri\u00e7\u00f5es: de 31 de julho a 4 de agosto<\/li>\n<li>lista de espera: de 7 a 24 de setembro<\/li>\n<\/ul>\n<p>FONTE: Ag\u00eancia Brasil<\/p>\n<div class=\"subheader\">\n<div class=\"container-autoria\" style=\"text-align: center;\"><\/div>\n<\/div>\n","protected":false},"excerpt":{"rendered":"<p>Processo deve ser feito pela internet Termina nesta quinta-feira (17) o prazo para inscri\u00e7\u00e3o no\u00a0processo seletivo\u00a0do Fundo de Financiamento Estudantil (Fies) do segundo semestre de 2026. Os estudantes interessados em participar devem acessar o Portal \u00danico de Acesso ao Ensino Superior. O Fies financia a gradua\u00e7\u00e3o de estudantes matriculados em cursos presenciais n\u00e3o gratuitos em faculdades privadas avaliadas positivamente no Sistema Nacional de Avalia\u00e7\u00e3o da Educa\u00e7\u00e3o Superior (Sinaes) do Minist\u00e9rio da Educa\u00e7\u00e3o. O programa beneficia prioritariamente estudantes que n\u00e3o tenham conclu\u00eddo o ensino superior e n\u00e3o tenham sido beneficiados pelo financiamento estudantil. Vagas Ao todo, o MEC oferece mais de 112 mil vagas para o Fies em 2026, considerando as oportunidades do primeiro e do segundo semestre, sendo 67.301 vagas no primeiro, e 44.867 no segundo. Al\u00e9m das vagas do segundo semestre, o MEC ainda ofertar\u00e1 todas as vagas eventualmente n\u00e3o ocupadas at\u00e9 o limite do total definido para este ano. Quem pode se inscrever Os candidatos devem atender aos requisitos estabelecidos no novo edital: ter participado do Exame Nacional do Ensino M\u00e9dio (Enem) a partir da edi\u00e7\u00e3o de 2010 ter obtido m\u00e9dia igual ou maior que 450 pontos considerando as cinco provas n\u00e3o ter tirado nota zero na prova de reda\u00e7\u00e3o ter renda bruta familiar mensal per capita de at\u00e9 tr\u00eas sal\u00e1rios m\u00ednimos (R$ 4.863, em 2026) Os candidatos que participaram do Enem na condi\u00e7\u00e3o de &#8220;treineiro&#8221; n\u00e3o podem se inscrever no Fies. Fies Social O processo seletivo do Fies inclui a reserva de 50% das vagas para estudantes com renda familiar por pessoa de at\u00e9 meio sal\u00e1rio m\u00ednimo (R$ 810,50, em 2026) e com inscri\u00e7\u00e3o ativa no Cadastro \u00danico para Programas Sociais do governo federal (Cad\u00danico). Os pr\u00e9-selecionados para as vagas do Fies Social poder\u00e3o solicitar a contrata\u00e7\u00e3o do financiamento integral, cobrindo todos os encargos educacionais. Os estudantes pr\u00e9-selecionados, com renda familiar de at\u00e9 meio sal\u00e1rio m\u00ednimo por pessoa, inscritos nas vagas do Fies Social, est\u00e3o dispensados de comprovar a renda familiar diretamente na institui\u00e7\u00e3o privada de ensino superior. Mesmo assim, dever\u00e3o comparecer \u00e0 Comiss\u00e3o Permanente de Supervis\u00e3o e Acompanhamento (CPSA) da respectiva faculdade privada para validar as demais informa\u00e7\u00f5es prestadas no momento da inscri\u00e7\u00e3o. Cronograma inscri\u00e7\u00f5es: de 14 a 17 de julho resultado: 30 de julho complementa\u00e7\u00e3o das inscri\u00e7\u00f5es: de 31 de julho a 4 de agosto lista de espera: de 7 a 24 de setembro FONTE: Ag\u00eancia Brasil<\/p>\n","protected":false},"author":6,"featured_media":317552,"comment_status":"closed","ping_status":"closed","sticky":false,"template":"","format":"standard","meta":{"sfsi_plus_gutenberg_text_before_share":"","sfsi_plus_gutenberg_show_text_before_share":"","sfsi_plus_gutenberg_icon_type":"","sfsi_plus_gutenberg_icon_alignemt":"","sfsi_plus_gutenburg_max_per_row":"","footnotes":""},"categories":[50,14],"tags":[],"class_list":["post-317551","post","type-post","status-publish","format-standard","has-post-thumbnail","hentry","category-destaque","category-educacao"],"_links":{"self":[{"href":"https:\/\/www.caririemacao.com\/1\/wp-json\/wp\/v2\/posts\/317551","targetHints":{"allow":["GET"]}}],"collection":[{"href":"https:\/\/www.caririemacao.com\/1\/wp-json\/wp\/v2\/posts"}],"about":[{"href":"https:\/\/www.caririemacao.com\/1\/wp-json\/wp\/v2\/types\/post"}],"author":[{"embeddable":true,"href":"https:\/\/www.caririemacao.com\/1\/wp-json\/wp\/v2\/users\/6"}],"replies":[{"embeddable":true,"href":"https:\/\/www.caririemacao.com\/1\/wp-json\/wp\/v2\/comments?post=317551"}],"version-history":[{"count":1,"href":"https:\/\/www.caririemacao.com\/1\/wp-json\/wp\/v2\/posts\/317551\/revisions"}],"predecessor-version":[{"id":317553,"href":"https:\/\/www.caririemacao.com\/1\/wp-json\/wp\/v2\/posts\/317551\/revisions\/317553"}],"wp:featuredmedia":[{"embeddable":true,"href":"https:\/\/www.caririemacao.com\/1\/wp-json\/wp\/v2\/media\/317552"}],"wp:attachment":[{"href":"https:\/\/www.caririemacao.com\/1\/wp-json\/wp\/v2\/media?parent=317551"}],"wp:term":[{"taxonomy":"category","embeddable":true,"href":"https:\/\/www.caririemacao.com\/1\/wp-json\/wp\/v2\/categories?post=317551"},{"taxonomy":"post_tag","embeddable":true,"href":"https:\/\/www.caririemacao.com\/1\/wp-json\/wp\/v2\/tags?post=317551"}],"curies":[{"name":"wp","href":"https:\/\/api.w.org\/{rel}","templated":true}]}}