{"id":317554,"date":"2026-07-17T09:27:08","date_gmt":"2026-07-17T12:27:08","guid":{"rendered":"https:\/\/www.caririemacao.com\/1\/?p=317554"},"modified":"2026-08-24T22:03:19","modified_gmt":"2026-08-25T01:03:19","slug":"inmet-emite-alertas-de-chuvas-para-joao-pessoa-e-outras-93-cidades-paraibanas-nesta-sexta-17","status":"publish","type":"post","link":"https:\/\/www.caririemacao.com\/1\/2026\/07\/17\/inmet-emite-alertas-de-chuvas-para-joao-pessoa-e-outras-93-cidades-paraibanas-nesta-sexta-17\/","title":{"rendered":"Inmet emite alertas de chuvas para Jo\u00e3o Pessoa e outras 93 cidades paraibanas nesta sexta (17)"},"content":{"rendered":"<div class=\"subtitulo mb-3\" style=\"text-align: center;\"><strong><em>O aviso \u00e9 v\u00e1lido at\u00e9 as 23h59 deste s\u00e1bado (18)<\/em><\/strong><\/div>\n<div><\/div>\n<div>\n<p class=\"wp-block-paragraph\">O Instituto Nacional de Meteorologia (Inmet) emitiu alertas de chuva amarelo para Jo\u00e3o Pessoa e outras cidades da Para\u00edba. S\u00e3o 94 munic\u00edpios sob o alerta amarelo, nesta sexta-feira (17). O aviso \u00e9 v\u00e1lido at\u00e9 as 23h59 deste s\u00e1bado (18).<\/p>\n<p class=\"wp-block-paragraph\">Para as cidades sob alerta amarelo, a previs\u00e3o \u00e9 de que as chuvas possam alcan\u00e7ar entre 20 e 30 mil\u00edmetros por hora, chegando a at\u00e9 50 mil\u00edmetros por dia. Os ventos devem atingir de 40-60 quil\u00f4metros por hora. O risco de corte de energia el\u00e9trica, queda de galhos de \u00e1rvores, alagamentos e de descargas el\u00e9tricas \u00e9 considerado baixo.<\/p>\n<p class=\"wp-block-paragraph\">O Inmet orienta a popula\u00e7\u00e3o a adotar algumas medidas de seguran\u00e7a, como n\u00e3o se abrigar debaixo de \u00e1rvores, n\u00e3o estacionar ve\u00edculos pr\u00f3ximos a torres de transmiss\u00e3o e placas de propaganda, al\u00e9m de evitar o uso de aparelhos eletr\u00f4nicos ligados \u00e0 tomada.<\/p>\n<p class=\"wp-block-paragraph\">Em caso de emerg\u00eancia, a Defesa Civil pode ser acionada pelo telefone 199 e o Corpo de Bombeiros pelo 193.<\/p>\n<h2 class=\"wp-block-heading\">Confira as cidades que est\u00e3o sob alerta amarelo:<\/h2>\n<ul class=\"wp-block-list\">\n<li>Alagoa Grande<\/li>\n<li>Alagoa Nova<\/li>\n<li>Alagoinha<\/li>\n<li>Alcantil<\/li>\n<li>Algod\u00e3o de Janda\u00edra<\/li>\n<li>Alhandra<\/li>\n<li>Ara\u00e7agi<\/li>\n<li>Arara<\/li>\n<li>Araruna<\/li>\n<li>Areia<\/li>\n<li>Areial<\/li>\n<li>Aroeiras<\/li>\n<li>Ba\u00eda da Trai\u00e7\u00e3o<\/li>\n<li>Bananeiras<\/li>\n<li>Barra de Santana<\/li>\n<li>Barra de Santa Rosa<\/li>\n<li>Bayeux<\/li>\n<li>Bel\u00e9m<\/li>\n<li>Borborema<\/li>\n<li>Caapor\u00e3<\/li>\n<li>Cabedelo<\/li>\n<li>Cacimba de Dentro<\/li>\n<li>Cai\u00e7ara<\/li>\n<li>Caldas Brand\u00e3o<\/li>\n<li>Campina Grande<\/li>\n<li>Capim<\/li>\n<li>Casserengue<\/li>\n<li>Caturit\u00e9<\/li>\n<li>Conde<\/li>\n<li>Cruz do Esp\u00edrito Santo<\/li>\n<li>Cuit\u00e9<\/li>\n<li>Cuit\u00e9 de Mamanguape<\/li>\n<li>Cuitegi<\/li>\n<li>Curral de Cima<\/li>\n<li>Dami\u00e3o<\/li>\n<li>Dona In\u00eas<\/li>\n<li>Duas Estradas<\/li>\n<li>Esperan\u00e7a<\/li>\n<li>Fagundes<\/li>\n<li>Gado Bravo<\/li>\n<li>Guarabira<\/li>\n<li>Gurinh\u00e9m<\/li>\n<li>Ing\u00e1<\/li>\n<li>Itabaiana<\/li>\n<li>Itapororoca<\/li>\n<li>Itatuba<\/li>\n<li>Jacara\u00fa<\/li>\n<li>Jo\u00e3o Pessoa<\/li>\n<li>Juarez T\u00e1vora<\/li>\n<li>Juripiranga<\/li>\n<li>Lagoa de Dentro<\/li>\n<li>Lagoa Seca<\/li>\n<li>Logradouro<\/li>\n<li>Lucena<\/li>\n<li>Mamanguape<\/li>\n<li>Marca\u00e7\u00e3o<\/li>\n<li>Mari<\/li>\n<li>Massaranduba<\/li>\n<li>Mataraca<\/li>\n<li>Matinhas<\/li>\n<li>Mogeiro<\/li>\n<li>Montadas<\/li>\n<li>Mulungu<\/li>\n<li>Natuba<\/li>\n<li>Pedras de Fogo<\/li>\n<li>Pedro R\u00e9gis<\/li>\n<li>Pilar<\/li>\n<li>Pil\u00f5es<\/li>\n<li>Pil\u00f5ezinhos<\/li>\n<li>Pirpirituba<\/li>\n<li>Pitimbu<\/li>\n<li>Pocinhos<\/li>\n<li>Puxinan\u00e3<\/li>\n<li>Queimadas<\/li>\n<li>Rem\u00edgio<\/li>\n<li>Riach\u00e3o<\/li>\n<li>Riach\u00e3o do Bacamarte<\/li>\n<li>Riach\u00e3o do Po\u00e7o<\/li>\n<li>Rio Tinto<\/li>\n<li>Salgado de S\u00e3o F\u00e9lix<\/li>\n<li>Santa Cec\u00edlia<\/li>\n<li>Santa Rita<\/li>\n<li>S\u00e3o Jos\u00e9 dos Ramos<\/li>\n<li>S\u00e3o Miguel de Taipu<\/li>\n<li>S\u00e3o Sebasti\u00e3o de Lagoa de Ro\u00e7a<\/li>\n<li>Sap\u00e9<\/li>\n<li>Serra da Raiz<\/li>\n<li>Serra Redonda<\/li>\n<li>Serraria<\/li>\n<li>Sert\u00e3ozinho<\/li>\n<li>Sobrado<\/li>\n<li>Sol\u00e2nea<\/li>\n<li>Tacima<\/li>\n<li>Umbuzeiro<\/li>\n<\/ul>\n<p>FONTE: Portal Correio<\/p>\n<\/div>\n","protected":false},"excerpt":{"rendered":"<p>O aviso \u00e9 v\u00e1lido at\u00e9 as 23h59 deste s\u00e1bado (18) O Instituto Nacional de Meteorologia (Inmet) emitiu alertas de chuva amarelo para Jo\u00e3o Pessoa e outras cidades da Para\u00edba. S\u00e3o 94 munic\u00edpios sob o alerta amarelo, nesta sexta-feira (17). O aviso \u00e9 v\u00e1lido at\u00e9 as 23h59 deste s\u00e1bado (18). Para as cidades sob alerta amarelo, a previs\u00e3o \u00e9 de que as chuvas possam alcan\u00e7ar entre 20 e 30 mil\u00edmetros por hora, chegando a at\u00e9 50 mil\u00edmetros por dia. Os ventos devem atingir de 40-60 quil\u00f4metros por hora. O risco de corte de energia el\u00e9trica, queda de galhos de \u00e1rvores, alagamentos e de descargas el\u00e9tricas \u00e9 considerado baixo. O Inmet orienta a popula\u00e7\u00e3o a adotar algumas medidas de seguran\u00e7a, como n\u00e3o se abrigar debaixo de \u00e1rvores, n\u00e3o estacionar ve\u00edculos pr\u00f3ximos a torres de transmiss\u00e3o e placas de propaganda, al\u00e9m de evitar o uso de aparelhos eletr\u00f4nicos ligados \u00e0 tomada. Em caso de emerg\u00eancia, a Defesa Civil pode ser acionada pelo telefone 199 e o Corpo de Bombeiros pelo 193. Confira as cidades que est\u00e3o sob alerta amarelo: Alagoa Grande Alagoa Nova Alagoinha Alcantil Algod\u00e3o de Janda\u00edra Alhandra Ara\u00e7agi Arara Araruna Areia Areial Aroeiras Ba\u00eda da Trai\u00e7\u00e3o Bananeiras Barra de Santana Barra de Santa Rosa Bayeux Bel\u00e9m Borborema Caapor\u00e3 Cabedelo Cacimba de Dentro Cai\u00e7ara Caldas Brand\u00e3o Campina Grande Capim Casserengue Caturit\u00e9 Conde Cruz do Esp\u00edrito Santo Cuit\u00e9 Cuit\u00e9 de Mamanguape Cuitegi Curral de Cima Dami\u00e3o Dona In\u00eas Duas Estradas Esperan\u00e7a Fagundes Gado Bravo Guarabira Gurinh\u00e9m Ing\u00e1 Itabaiana Itapororoca Itatuba Jacara\u00fa Jo\u00e3o Pessoa Juarez T\u00e1vora Juripiranga Lagoa de Dentro Lagoa Seca Logradouro Lucena Mamanguape Marca\u00e7\u00e3o Mari Massaranduba Mataraca Matinhas Mogeiro Montadas Mulungu Natuba Pedras de Fogo Pedro R\u00e9gis Pilar Pil\u00f5es Pil\u00f5ezinhos Pirpirituba Pitimbu Pocinhos Puxinan\u00e3 Queimadas Rem\u00edgio Riach\u00e3o Riach\u00e3o do Bacamarte Riach\u00e3o do Po\u00e7o Rio Tinto Salgado de S\u00e3o F\u00e9lix Santa Cec\u00edlia Santa Rita S\u00e3o Jos\u00e9 dos Ramos S\u00e3o Miguel de Taipu S\u00e3o Sebasti\u00e3o de Lagoa de Ro\u00e7a Sap\u00e9 Serra da Raiz Serra Redonda Serraria Sert\u00e3ozinho Sobrado Sol\u00e2nea Tacima Umbuzeiro FONTE: Portal Correio<\/p>\n","protected":false},"author":6,"featured_media":317555,"comment_status":"closed","ping_status":"closed","sticky":false,"template":"","format":"standard","meta":{"sfsi_plus_gutenberg_text_before_share":"","sfsi_plus_gutenberg_show_text_before_share":"","sfsi_plus_gutenberg_icon_type":"","sfsi_plus_gutenberg_icon_alignemt":"","sfsi_plus_gutenburg_max_per_row":"","footnotes":""},"categories":[6,50,2,104],"tags":[],"class_list":["post-317554","post","type-post","status-publish","format-standard","has-post-thumbnail","hentry","category-cidades","category-destaque","category-geral","category-paraiba"],"_links":{"self":[{"href":"https:\/\/www.caririemacao.com\/1\/wp-json\/wp\/v2\/posts\/317554","targetHints":{"allow":["GET"]}}],"collection":[{"href":"https:\/\/www.caririemacao.com\/1\/wp-json\/wp\/v2\/posts"}],"about":[{"href":"https:\/\/www.caririemacao.com\/1\/wp-json\/wp\/v2\/types\/post"}],"author":[{"embeddable":true,"href":"https:\/\/www.caririemacao.com\/1\/wp-json\/wp\/v2\/users\/6"}],"replies":[{"embeddable":true,"href":"https:\/\/www.caririemacao.com\/1\/wp-json\/wp\/v2\/comments?post=317554"}],"version-history":[{"count":1,"href":"https:\/\/www.caririemacao.com\/1\/wp-json\/wp\/v2\/posts\/317554\/revisions"}],"predecessor-version":[{"id":317556,"href":"https:\/\/www.caririemacao.com\/1\/wp-json\/wp\/v2\/posts\/317554\/revisions\/317556"}],"wp:featuredmedia":[{"embeddable":true,"href":"https:\/\/www.caririemacao.com\/1\/wp-json\/wp\/v2\/media\/317555"}],"wp:attachment":[{"href":"https:\/\/www.caririemacao.com\/1\/wp-json\/wp\/v2\/media?parent=317554"}],"wp:term":[{"taxonomy":"category","embeddable":true,"href":"https:\/\/www.caririemacao.com\/1\/wp-json\/wp\/v2\/categories?post=317554"},{"taxonomy":"post_tag","embeddable":true,"href":"https:\/\/www.caririemacao.com\/1\/wp-json\/wp\/v2\/tags?post=317554"}],"curies":[{"name":"wp","href":"https:\/\/api.w.org\/{rel}","templated":true}]}}