{"id":317565,"date":"2026-07-17T11:48:25","date_gmt":"2026-07-17T14:48:25","guid":{"rendered":"https:\/\/www.caririemacao.com\/1\/?p=317565"},"modified":"2026-07-17T11:48:25","modified_gmt":"2026-07-17T14:48:25","slug":"prefeitura-do-cariri-prorroga-concurso-com-50-vagas-e-salarios-de-ate-r-45-mil","status":"publish","type":"post","link":"https:\/\/www.caririemacao.com\/1\/2026\/07\/17\/prefeitura-do-cariri-prorroga-concurso-com-50-vagas-e-salarios-de-ate-r-45-mil\/","title":{"rendered":"Prefeitura do Cariri prorroga concurso com 50 vagas e sal\u00e1rios de at\u00e9 R$ 4,5 mil"},"content":{"rendered":"<p class=\"wp-block-paragraph\">A Prefeitura de Assun\u00e7\u00e3o, munic\u00edpio do Cariri paraibano, prorrogou as inscri\u00e7\u00f5es do concurso p\u00fablico que oferece 50 vagas e remunera\u00e7\u00f5es de at\u00e9 R$ 4.554,00. A prorroga\u00e7\u00e3o do prazo foi publicado na edi\u00e7\u00e3o desta sexta-feira (17) do Di\u00e1rio Oficial do Estado (DOE). Veja aqui o edital.<\/p>\n<p class=\"wp-block-paragraph\">De acordo com a publica\u00e7\u00e3o no DOE, as inscri\u00e7\u00f5es seguem at\u00e9 o dia 30 deste m\u00eas no site da empresa organizadora do certame, a \u00c1pice Consultoria. O pagamento da taxa de inscri\u00e7\u00f5es, que custa R$ 40 (fundamental), R$ 45 (m\u00e9dio\/t\u00e9cnico) e R$ 60 (superior), segue at\u00e9 o dia 31.<\/p>\n<p class=\"wp-block-paragraph\">As vagas s\u00e3o para cargos de n\u00edvel fundamental, m\u00e9dio\/t\u00e9cnico e superior. A jornada de trabalho, dependendo do cargo, varia entre 30 e 40 horas semanais.<\/p>\n<p class=\"wp-block-paragraph\">O concurso vai ser realizado por meio de provas escritas, pr\u00e1ticas, teste de aptid\u00e3o f\u00edsica, avalia\u00e7\u00e3o ps\u00edquica, investiga\u00e7\u00e3o social e comportamental e avalia\u00e7\u00e3o de conhecimentos e de t\u00edtulos, a depender dos cargos.<\/p>\n<p class=\"wp-block-paragraph\">Confira abaixo a rela\u00e7\u00e3o de cargos ofertados no certame:<\/p>\n<p class=\"wp-block-paragraph\">Agente comunit\u00e1rio de sa\u00fade<br \/>\nAgente de combate \u00e0s endemias<br \/>\nAssistente administrativo<br \/>\nAuxiliar de servi\u00e7os gerais<br \/>\nEletricista<br \/>\nFarmac\u00eautico<br \/>\nFiscal de obras<br \/>\nFiscal de tributos<br \/>\nFisioterapeuta<br \/>\nFonoaudi\u00f3logo \u2013 educa\u00e7\u00e3o<br \/>\nFonoaudi\u00f3logo \u2013 sa\u00fade<br \/>\nGuarda municipal<br \/>\nM\u00e9dico veterin\u00e1rio<br \/>\nMotorista categoria B<br \/>\nMotorista categoria D<br \/>\nNutricionista<br \/>\nOdont\u00f3logo<br \/>\nOper\u00e1rio urbano<br \/>\nProfessor \u2013 hist\u00f3ria<br \/>\nProfessor \u2013 ingl\u00eas<br \/>\nProfessor \u2013 matem\u00e1tica<br \/>\nProfessor \u2013 portugu\u00eas<br \/>\nProfessor A<br \/>\nProfessor \u2013 ci\u00eancias<br \/>\nProfessor \u2013 educa\u00e7\u00e3o f\u00edsica<br \/>\nPsic\u00f3logo \u2013 educa\u00e7\u00e3o<br \/>\nPsic\u00f3logo \u2013 sa\u00fade<br \/>\nPsicopedagogo<br \/>\nSupervisor escolar<br \/>\nT\u00e9cnico em enfermagem<\/p>\n<figure class=\"wp-block-image aligncenter\"><img decoding=\"async\" class=\"aligncenter\" src=\"https:\/\/i0.wp.com\/portalcorreio.com.br\/portalcorreio\/storage\/2026\/07\/6752cb47c043e0c3a78bf93e6c551a7d.jpg?resize=542%2C275&amp;ssl=1\" alt=\"\" \/><\/figure>\n","protected":false},"excerpt":{"rendered":"<p>A Prefeitura de Assun\u00e7\u00e3o, munic\u00edpio do Cariri paraibano, prorrogou as inscri\u00e7\u00f5es do concurso p\u00fablico que oferece 50 vagas e remunera\u00e7\u00f5es de at\u00e9 R$ 4.554,00. A prorroga\u00e7\u00e3o do prazo foi publicado na edi\u00e7\u00e3o desta sexta-feira (17) do Di\u00e1rio Oficial do Estado (DOE). Veja aqui o edital. De acordo com a publica\u00e7\u00e3o no DOE, as inscri\u00e7\u00f5es seguem at\u00e9 o dia 30 deste m\u00eas no site da empresa organizadora do certame, a \u00c1pice Consultoria. O pagamento da taxa de inscri\u00e7\u00f5es, que custa R$ 40 (fundamental), R$ 45 (m\u00e9dio\/t\u00e9cnico) e R$ 60 (superior), segue at\u00e9 o dia 31. As vagas s\u00e3o para cargos de n\u00edvel fundamental, m\u00e9dio\/t\u00e9cnico e superior. A jornada de trabalho, dependendo do cargo, varia entre 30 e 40 horas semanais. O concurso vai ser realizado por meio de provas escritas, pr\u00e1ticas, teste de aptid\u00e3o f\u00edsica, avalia\u00e7\u00e3o ps\u00edquica, investiga\u00e7\u00e3o social e comportamental e avalia\u00e7\u00e3o de conhecimentos e de t\u00edtulos, a depender dos cargos. Confira abaixo a rela\u00e7\u00e3o de cargos ofertados no certame: Agente comunit\u00e1rio de sa\u00fade Agente de combate \u00e0s endemias Assistente administrativo Auxiliar de servi\u00e7os gerais Eletricista Farmac\u00eautico Fiscal de obras Fiscal de tributos Fisioterapeuta Fonoaudi\u00f3logo \u2013 educa\u00e7\u00e3o Fonoaudi\u00f3logo \u2013 sa\u00fade Guarda municipal M\u00e9dico veterin\u00e1rio Motorista categoria B Motorista categoria D Nutricionista Odont\u00f3logo Oper\u00e1rio urbano Professor \u2013 hist\u00f3ria Professor \u2013 ingl\u00eas Professor \u2013 matem\u00e1tica Professor \u2013 portugu\u00eas Professor A Professor \u2013 ci\u00eancias Professor \u2013 educa\u00e7\u00e3o f\u00edsica Psic\u00f3logo \u2013 educa\u00e7\u00e3o Psic\u00f3logo \u2013 sa\u00fade Psicopedagogo Supervisor escolar T\u00e9cnico em enfermagem<\/p>\n","protected":false},"author":6,"featured_media":308655,"comment_status":"closed","ping_status":"closed","sticky":false,"template":"","format":"standard","meta":{"sfsi_plus_gutenberg_text_before_share":"","sfsi_plus_gutenberg_show_text_before_share":"","sfsi_plus_gutenberg_icon_type":"","sfsi_plus_gutenberg_icon_alignemt":"","sfsi_plus_gutenburg_max_per_row":"","footnotes":""},"categories":[106,50,2],"tags":[],"class_list":["post-317565","post","type-post","status-publish","format-standard","has-post-thumbnail","hentry","category-cariri","category-destaque","category-geral"],"_links":{"self":[{"href":"https:\/\/www.caririemacao.com\/1\/wp-json\/wp\/v2\/posts\/317565","targetHints":{"allow":["GET"]}}],"collection":[{"href":"https:\/\/www.caririemacao.com\/1\/wp-json\/wp\/v2\/posts"}],"about":[{"href":"https:\/\/www.caririemacao.com\/1\/wp-json\/wp\/v2\/types\/post"}],"author":[{"embeddable":true,"href":"https:\/\/www.caririemacao.com\/1\/wp-json\/wp\/v2\/users\/6"}],"replies":[{"embeddable":true,"href":"https:\/\/www.caririemacao.com\/1\/wp-json\/wp\/v2\/comments?post=317565"}],"version-history":[{"count":1,"href":"https:\/\/www.caririemacao.com\/1\/wp-json\/wp\/v2\/posts\/317565\/revisions"}],"predecessor-version":[{"id":317566,"href":"https:\/\/www.caririemacao.com\/1\/wp-json\/wp\/v2\/posts\/317565\/revisions\/317566"}],"wp:featuredmedia":[{"embeddable":true,"href":"https:\/\/www.caririemacao.com\/1\/wp-json\/wp\/v2\/media\/308655"}],"wp:attachment":[{"href":"https:\/\/www.caririemacao.com\/1\/wp-json\/wp\/v2\/media?parent=317565"}],"wp:term":[{"taxonomy":"category","embeddable":true,"href":"https:\/\/www.caririemacao.com\/1\/wp-json\/wp\/v2\/categories?post=317565"},{"taxonomy":"post_tag","embeddable":true,"href":"https:\/\/www.caririemacao.com\/1\/wp-json\/wp\/v2\/tags?post=317565"}],"curies":[{"name":"wp","href":"https:\/\/api.w.org\/{rel}","templated":true}]}}