{"id":317636,"date":"2026-07-19T19:07:37","date_gmt":"2026-07-19T22:07:37","guid":{"rendered":"https:\/\/www.caririemacao.com\/1\/?p=317636"},"modified":"2026-07-19T19:07:37","modified_gmt":"2026-07-19T22:07:37","slug":"espanha-domina-bate-argentina-na-prorrogacao-e-e-bicampea-da-copa-do-mundo","status":"publish","type":"post","link":"https:\/\/www.caririemacao.com\/1\/2026\/07\/19\/espanha-domina-bate-argentina-na-prorrogacao-e-e-bicampea-da-copa-do-mundo\/","title":{"rendered":"Espanha domina, bate Argentina na prorroga\u00e7\u00e3o e \u00e9 bicampe\u00e3 da Copa do Mundo"},"content":{"rendered":"<p class=\"text-lg font-normal group-[.isActiveSource]:text-xl\" style=\"text-align: center;\" data-single-excerpt=\"true\"><em>Sele\u00e7\u00e3o europeia venceu a equipe sul-americana por 1 a 0 e conquistou o seu segundo t\u00edtulo na hist\u00f3ria<\/em><\/p>\n<p class=\"my-5 break-words group-[.isActiveSource]:text-xl\">A Espanha se sagrou campe\u00e3 da Copa do Mundo de 2026 neste domingo (19), ao derrotar a Argentina por 1 a 0 no MetLife Stadium, em Nova Jersey.<\/p>\n<p class=\"my-5 break-words group-[.isActiveSource]:text-xl\">Depois de dominar o confronto do in\u00edcio ao fim, os espanh\u00f3is s\u00f3 abriram o placar na prorroga\u00e7\u00e3o. Nico Williams ajeitou de cabe\u00e7a e\u00a0Ferran Torres\u00a0finalizou forte para sacramentar o t\u00edtulo a favor da equipe do t\u00e9cnico Luis de la Fuente.<\/p>\n<p class=\"my-5 break-words group-[.isActiveSource]:text-xl\">Com a conquista, a\u00a0Espanha chegou ao bicampeonato mundial. Na primeira vez, em 2010, o pa\u00eds europeu bateu a Holanda por 1 a 0 na prorroga\u00e7\u00e3o, com gol marcado por Andr\u00e9s Iniesta.<\/p>\n<h2 class=\"text-2xl my-5 font-bold break-words\">Primeiro tempo com posse da Espanha e poucas chances criadas<\/h2>\n<p class=\"my-5 break-words group-[.isActiveSource]:text-xl\">Na primeira chegada perigosa da partida, o ponta Lamine Yamal, da Espanha, tabelou com o meia Dani Olmo, invadiu a \u00e1rea e finalizou rasteiro. A bola desviou na marca\u00e7\u00e3o e acabou nas m\u00e3os do goleiro Emiliano Mart\u00ednez.<\/p>\n<p class=\"my-5 break-words group-[.isActiveSource]:text-xl\">Os espanh\u00f3is seguiram tendo o controle do jogo, mantendo a posse de bola na busca por furar a defesa argentina. Yamal era o jogador mais acionado do lado europeu, com boas subidas pelo lado direito do ataque.<\/p>\n<p class=\"my-5 break-words group-[.isActiveSource]:text-xl\">A F\u00faria voltou a assustar na marca de 39 minutos, em chute do atacante Mikel Oyarzabal que foi defendida por Dibu. J\u00e1 aos 43, o lateral-esquerdo Marc Cucurella arriscou de fora da \u00e1rea e mandou \u00e0 esquerda do gol advers\u00e1rio.<\/p>\n<p class=\"my-5 break-words group-[.isActiveSource]:text-xl\">Antes do final do primeiro tempo, a Argentina fez sua primeira substitui\u00e7\u00e3o na grande decis\u00e3o. O zagueiro Lisandro Mart\u00ednez sentiu o problema f\u00edsico e saiu de campo aos 44 minutos, para dar lugar a Nicol\u00e1s Otamendi.<\/p>\n<h2 class=\"text-2xl my-5 font-bold break-words\">Dom\u00ednio espanhol no segundo tempo e Argentina com um a menos<\/h2>\n<p class=\"my-5 break-words group-[.isActiveSource]:text-xl\">Logo no primeiro minuto da segunda etapa, o meia \u00c1lex Baena recebeu na entrada da \u00e1rea, limpou a marca\u00e7\u00e3o e bateu para mais uma f\u00e1cil defesa de Dibu Mart\u00ednez.<\/p>\n<div id=\"content_3\" class=\"custom__ad__element flex min-h-64 bg-gray-200 justify-center items-center my-4 py-4 bg-[url('\/images\/ad-bg.png')] bg-repeat\" role=\"complementary\" aria-label=\"Publicidade\">\n<div id=\"google_ads_iframe_\/21920083859\/artigos_esporte_2023_5__container__\"><\/div>\n<\/div>\n<p class=\"my-5 break-words group-[.isActiveSource]:text-xl\">A Espanha ensaiou uma press\u00e3o nos primeiros minutos, chegando no ataque atrav\u00e9s de boas trocas de passes e ultrapassagens pelos lados do campo. Aos 19 minutos, Olmo arriscou e o goleiro argentino colocou a bola para escanteio. Na sequ\u00eancia, Yamal cruzou para o atacante Ferran Torres, que cabeceou nas m\u00e3os de Dibu.<\/p>\n<p class=\"my-5 break-words group-[.isActiveSource]:text-xl\">Na marca de 32 minutos, o meio-campista Pedri apareceu na entrada da \u00e1rea e chutou no centro da meta. Logo depois, o zagueiro Pau Cubars\u00ed tentou de longe e Mart\u00ednez defendeu. No rebote, Ferran tentou colocar a bola na \u00e1rea e exagerou na for\u00e7a.<\/p>\n<p class=\"my-5 break-words group-[.isActiveSource]:text-xl\">J\u00e1 aos 36, o ponta Nico Williams foi at\u00e9 a linha de fundo e realizou o cruzamento para o zagueiro Aymeric Laporte, que cabeceou fraco. Mais tarde, aos 44, o volante Rodri finalizou de longa dist\u00e2ncia e mandou por cima do gol. Nos acr\u00e9scimos, Nico encheu o p\u00e9 e Dibu Mart\u00ednez espalmou mais uma.<\/p>\n<p class=\"my-5 break-words group-[.isActiveSource]:text-xl\">Antes do final do tempo regulamentar, o meio-campista Enzo Fern\u00e1ndez recebeu o segundo cart\u00e3o amarelo ap\u00f3s entrada dura em Cubars\u00ed, foi expulso do jogo e deixou a Argentina com um jogador a menos. Praticamente no \u00faltimo lance dos 90 minutos, Yamal teve uma grande chance em cobran\u00e7a de falta, mas parou em Emiliano Mart\u00ednez.<\/p>\n<h2 class=\"text-2xl my-5 font-bold break-words\">Gol de Ferran Torres decide t\u00edtulo espanhol na prorroga\u00e7\u00e3o<\/h2>\n<p class=\"my-5 break-words group-[.isActiveSource]:text-xl\">Com o empate em 0 a 0 permanecendo no placar, a final do Mundial seguiu para a disputa da prorroga\u00e7\u00e3o. Aos tr\u00eas minutos, Nico desviou de cabe\u00e7a e Dibu voou para salvar os argentinos. J\u00e1 aos seis, o atacante espanhol empurrou a bola para as redes, mas a arbitragem anulou o gol espanhol. O \u00e1rbitro Slavko Vincic apontou um pis\u00e3o do meio-campista Mikel Merino no defensor advers\u00e1rio.<\/p>\n<p class=\"my-5 break-words group-[.isActiveSource]:text-xl\">Aos 10 minutos, Yamal tentou da entrada da \u00e1rea e isolou. Pouco depois, Nico cruzou e Merino cabeceou para fora. No in\u00edcio do segundo tempo, o lateral Pedro Porro fez o cruzamento na segunda e Williams ajeitou de cabe\u00e7a para tr\u00e1s. Ferran Torres apareceu livre e bateu firme para tirar o zero do placar.<\/p>\n<p>&nbsp;<\/p>\n<p>CNN Brasil<\/p>\n","protected":false},"excerpt":{"rendered":"<p>Sele\u00e7\u00e3o europeia venceu a equipe sul-americana por 1 a 0 e conquistou o seu segundo t\u00edtulo na hist\u00f3ria A Espanha se sagrou campe\u00e3 da Copa do Mundo de 2026 neste domingo (19), ao derrotar a Argentina por 1 a 0 no MetLife Stadium, em Nova Jersey. Depois de dominar o confronto do in\u00edcio ao fim, os espanh\u00f3is s\u00f3 abriram o placar na prorroga\u00e7\u00e3o. Nico Williams ajeitou de cabe\u00e7a e\u00a0Ferran Torres\u00a0finalizou forte para sacramentar o t\u00edtulo a favor da equipe do t\u00e9cnico Luis de la Fuente. Com a conquista, a\u00a0Espanha chegou ao bicampeonato mundial. Na primeira vez, em 2010, o pa\u00eds europeu bateu a Holanda por 1 a 0 na prorroga\u00e7\u00e3o, com gol marcado por Andr\u00e9s Iniesta. Primeiro tempo com posse da Espanha e poucas chances criadas Na primeira chegada perigosa da partida, o ponta Lamine Yamal, da Espanha, tabelou com o meia Dani Olmo, invadiu a \u00e1rea e finalizou rasteiro. A bola desviou na marca\u00e7\u00e3o e acabou nas m\u00e3os do goleiro Emiliano Mart\u00ednez. Os espanh\u00f3is seguiram tendo o controle do jogo, mantendo a posse de bola na busca por furar a defesa argentina. Yamal era o jogador mais acionado do lado europeu, com boas subidas pelo lado direito do ataque. A F\u00faria voltou a assustar na marca de 39 minutos, em chute do atacante Mikel Oyarzabal que foi defendida por Dibu. J\u00e1 aos 43, o lateral-esquerdo Marc Cucurella arriscou de fora da \u00e1rea e mandou \u00e0 esquerda do gol advers\u00e1rio. Antes do final do primeiro tempo, a Argentina fez sua primeira substitui\u00e7\u00e3o na grande decis\u00e3o. O zagueiro Lisandro Mart\u00ednez sentiu o problema f\u00edsico e saiu de campo aos 44 minutos, para dar lugar a Nicol\u00e1s Otamendi. Dom\u00ednio espanhol no segundo tempo e Argentina com um a menos Logo no primeiro minuto da segunda etapa, o meia \u00c1lex Baena recebeu na entrada da \u00e1rea, limpou a marca\u00e7\u00e3o e bateu para mais uma f\u00e1cil defesa de Dibu Mart\u00ednez. A Espanha ensaiou uma press\u00e3o nos primeiros minutos, chegando no ataque atrav\u00e9s de boas trocas de passes e ultrapassagens pelos lados do campo. Aos 19 minutos, Olmo arriscou e o goleiro argentino colocou a bola para escanteio. Na sequ\u00eancia, Yamal cruzou para o atacante Ferran Torres, que cabeceou nas m\u00e3os de Dibu. Na marca de 32 minutos, o meio-campista Pedri apareceu na entrada da \u00e1rea e chutou no centro da meta. Logo depois, o zagueiro Pau Cubars\u00ed tentou de longe e Mart\u00ednez defendeu. No rebote, Ferran tentou colocar a bola na \u00e1rea e exagerou na for\u00e7a. J\u00e1 aos 36, o ponta Nico Williams foi at\u00e9 a linha de fundo e realizou o cruzamento para o zagueiro Aymeric Laporte, que cabeceou fraco. Mais tarde, aos 44, o volante Rodri finalizou de longa dist\u00e2ncia e mandou por cima do gol. Nos acr\u00e9scimos, Nico encheu o p\u00e9 e Dibu Mart\u00ednez espalmou mais uma. Antes do final do tempo regulamentar, o meio-campista Enzo Fern\u00e1ndez recebeu o segundo cart\u00e3o amarelo ap\u00f3s entrada dura em Cubars\u00ed, foi expulso do jogo e deixou a Argentina com um jogador a menos. Praticamente no \u00faltimo lance dos 90 minutos, Yamal teve uma grande chance em cobran\u00e7a de falta, mas parou em Emiliano Mart\u00ednez. Gol de Ferran Torres decide t\u00edtulo espanhol na prorroga\u00e7\u00e3o Com o empate em 0 a 0 permanecendo no placar, a final do Mundial seguiu para a disputa da prorroga\u00e7\u00e3o. Aos tr\u00eas minutos, Nico desviou de cabe\u00e7a e Dibu voou para salvar os argentinos. J\u00e1 aos seis, o atacante espanhol empurrou a bola para as redes, mas a arbitragem anulou o gol espanhol. O \u00e1rbitro Slavko Vincic apontou um pis\u00e3o do meio-campista Mikel Merino no defensor advers\u00e1rio. Aos 10 minutos, Yamal tentou da entrada da \u00e1rea e isolou. Pouco depois, Nico cruzou e Merino cabeceou para fora. No in\u00edcio do segundo tempo, o lateral Pedro Porro fez o cruzamento na segunda e Williams ajeitou de cabe\u00e7a para tr\u00e1s. Ferran Torres apareceu livre e bateu firme para tirar o zero do placar. &nbsp; CNN Brasil<\/p>\n","protected":false},"author":6,"featured_media":317637,"comment_status":"closed","ping_status":"closed","sticky":false,"template":"","format":"standard","meta":{"sfsi_plus_gutenberg_text_before_share":"","sfsi_plus_gutenberg_show_text_before_share":"","sfsi_plus_gutenberg_icon_type":"","sfsi_plus_gutenberg_icon_alignemt":"","sfsi_plus_gutenburg_max_per_row":"","footnotes":""},"categories":[50,13,2],"tags":[],"class_list":["post-317636","post","type-post","status-publish","format-standard","has-post-thumbnail","hentry","category-destaque","category-esportes","category-geral"],"_links":{"self":[{"href":"https:\/\/www.caririemacao.com\/1\/wp-json\/wp\/v2\/posts\/317636","targetHints":{"allow":["GET"]}}],"collection":[{"href":"https:\/\/www.caririemacao.com\/1\/wp-json\/wp\/v2\/posts"}],"about":[{"href":"https:\/\/www.caririemacao.com\/1\/wp-json\/wp\/v2\/types\/post"}],"author":[{"embeddable":true,"href":"https:\/\/www.caririemacao.com\/1\/wp-json\/wp\/v2\/users\/6"}],"replies":[{"embeddable":true,"href":"https:\/\/www.caririemacao.com\/1\/wp-json\/wp\/v2\/comments?post=317636"}],"version-history":[{"count":1,"href":"https:\/\/www.caririemacao.com\/1\/wp-json\/wp\/v2\/posts\/317636\/revisions"}],"predecessor-version":[{"id":317638,"href":"https:\/\/www.caririemacao.com\/1\/wp-json\/wp\/v2\/posts\/317636\/revisions\/317638"}],"wp:featuredmedia":[{"embeddable":true,"href":"https:\/\/www.caririemacao.com\/1\/wp-json\/wp\/v2\/media\/317637"}],"wp:attachment":[{"href":"https:\/\/www.caririemacao.com\/1\/wp-json\/wp\/v2\/media?parent=317636"}],"wp:term":[{"taxonomy":"category","embeddable":true,"href":"https:\/\/www.caririemacao.com\/1\/wp-json\/wp\/v2\/categories?post=317636"},{"taxonomy":"post_tag","embeddable":true,"href":"https:\/\/www.caririemacao.com\/1\/wp-json\/wp\/v2\/tags?post=317636"}],"curies":[{"name":"wp","href":"https:\/\/api.w.org\/{rel}","templated":true}]}}