{"id":317639,"date":"2026-07-19T19:21:05","date_gmt":"2026-07-19T22:21:05","guid":{"rendered":"https:\/\/www.caririemacao.com\/1\/?p=317639"},"modified":"2026-07-19T19:21:05","modified_gmt":"2026-07-19T22:21:05","slug":"jackson-monteiro-e-destaque-durante-a-amparo-cabra-fest","status":"publish","type":"post","link":"https:\/\/www.caririemacao.com\/1\/2026\/07\/19\/jackson-monteiro-e-destaque-durante-a-amparo-cabra-fest\/","title":{"rendered":"Jackson Monteiro \u00e9 destaque durante a Amparo Cabra Fest"},"content":{"rendered":"<p class=\"PDq2pG_selectionAnchorContainer\" data-start=\"61\" data-end=\"257\">O cantor Jackson Monteiro, natural de Ouro Velho e atual secret\u00e1rio municipal de Cultura, foi um dos destaques da programa\u00e7\u00e3o da Amparo Cabra Fest, realizada no \u00faltimo s\u00e1bado, na cidade de Amparo.<\/p>\n<p data-start=\"259\" data-end=\"559\">Com um repert\u00f3rio repleto de sucessos, Jackson levou o p\u00fablico ao del\u00edrio e garantiu um show marcado pela anima\u00e7\u00e3o, intera\u00e7\u00e3o e muita m\u00fasica de qualidade. A apresenta\u00e7\u00e3o conquistou os presentes e refor\u00e7ou o talento do artista, que vem se consolidando como um dos principais nomes da m\u00fasica na regi\u00e3o.<\/p>\n<p data-start=\"561\" data-end=\"701\">Ao final da apresenta\u00e7\u00e3o, Jackson fez quest\u00e3o de agradecer a recep\u00e7\u00e3o calorosa do p\u00fablico e o convite para integrar a programa\u00e7\u00e3o do evento.<\/p>\n<p data-start=\"703\" data-end=\"1070\">&#8220;Quero agradecer de cora\u00e7\u00e3o ao povo de Amparo pelo carinho, pela energia e por cantar junto conosco do come\u00e7o ao fim. Foi uma noite inesquec\u00edvel. Tamb\u00e9m deixo meu agradecimento ao prefeito Tarcio Gabriel pela confian\u00e7a, pelo convite e por valorizar os artistas da nossa terra. Espero voltar em breve para viver mais momentos como esse&#8221;, destacou Jackson Monteiro.<\/p>\n<p class=\"\" data-start=\"1072\" data-end=\"1270\" data-is-last-node=\"\" data-is-only-node=\"\">A participa\u00e7\u00e3o na Amparo Cabra Fest foi bastante elogiada pelo p\u00fablico, consolidando mais uma apresenta\u00e7\u00e3o de sucesso na trajet\u00f3ria do artista e evidenciando a for\u00e7a da cultura e da m\u00fasica regional.<\/p>\n<p data-start=\"1072\" data-end=\"1270\" data-is-last-node=\"\" data-is-only-node=\"\">\n<p data-start=\"1072\" data-end=\"1270\" data-is-last-node=\"\" data-is-only-node=\"\"><strong>CARIRI EM A\u00c7\u00c3O<\/strong><\/p>\n","protected":false},"excerpt":{"rendered":"<p>O cantor Jackson Monteiro, natural de Ouro Velho e atual secret\u00e1rio municipal de Cultura, foi um dos destaques da programa\u00e7\u00e3o da Amparo Cabra Fest, realizada no \u00faltimo s\u00e1bado, na cidade de Amparo. Com um repert\u00f3rio repleto de sucessos, Jackson levou o p\u00fablico ao del\u00edrio e garantiu um show marcado pela anima\u00e7\u00e3o, intera\u00e7\u00e3o e muita m\u00fasica de qualidade. A apresenta\u00e7\u00e3o conquistou os presentes e refor\u00e7ou o talento do artista, que vem se consolidando como um dos principais nomes da m\u00fasica na regi\u00e3o. Ao final da apresenta\u00e7\u00e3o, Jackson fez quest\u00e3o de agradecer a recep\u00e7\u00e3o calorosa do p\u00fablico e o convite para integrar a programa\u00e7\u00e3o do evento. &#8220;Quero agradecer de cora\u00e7\u00e3o ao povo de Amparo pelo carinho, pela energia e por cantar junto conosco do come\u00e7o ao fim. Foi uma noite inesquec\u00edvel. Tamb\u00e9m deixo meu agradecimento ao prefeito Tarcio Gabriel pela confian\u00e7a, pelo convite e por valorizar os artistas da nossa terra. Espero voltar em breve para viver mais momentos como esse&#8221;, destacou Jackson Monteiro. A participa\u00e7\u00e3o na Amparo Cabra Fest foi bastante elogiada pelo p\u00fablico, consolidando mais uma apresenta\u00e7\u00e3o de sucesso na trajet\u00f3ria do artista e evidenciando a for\u00e7a da cultura e da m\u00fasica regional. CARIRI EM A\u00c7\u00c3O<\/p>\n","protected":false},"author":6,"featured_media":317641,"comment_status":"closed","ping_status":"closed","sticky":false,"template":"","format":"standard","meta":{"sfsi_plus_gutenberg_text_before_share":"","sfsi_plus_gutenberg_show_text_before_share":"","sfsi_plus_gutenberg_icon_type":"","sfsi_plus_gutenberg_icon_alignemt":"","sfsi_plus_gutenburg_max_per_row":"","footnotes":""},"categories":[68,50,2],"tags":[],"class_list":["post-317639","post","type-post","status-publish","format-standard","has-post-thumbnail","hentry","category-amparo","category-destaque","category-geral"],"_links":{"self":[{"href":"https:\/\/www.caririemacao.com\/1\/wp-json\/wp\/v2\/posts\/317639","targetHints":{"allow":["GET"]}}],"collection":[{"href":"https:\/\/www.caririemacao.com\/1\/wp-json\/wp\/v2\/posts"}],"about":[{"href":"https:\/\/www.caririemacao.com\/1\/wp-json\/wp\/v2\/types\/post"}],"author":[{"embeddable":true,"href":"https:\/\/www.caririemacao.com\/1\/wp-json\/wp\/v2\/users\/6"}],"replies":[{"embeddable":true,"href":"https:\/\/www.caririemacao.com\/1\/wp-json\/wp\/v2\/comments?post=317639"}],"version-history":[{"count":1,"href":"https:\/\/www.caririemacao.com\/1\/wp-json\/wp\/v2\/posts\/317639\/revisions"}],"predecessor-version":[{"id":317642,"href":"https:\/\/www.caririemacao.com\/1\/wp-json\/wp\/v2\/posts\/317639\/revisions\/317642"}],"wp:featuredmedia":[{"embeddable":true,"href":"https:\/\/www.caririemacao.com\/1\/wp-json\/wp\/v2\/media\/317641"}],"wp:attachment":[{"href":"https:\/\/www.caririemacao.com\/1\/wp-json\/wp\/v2\/media?parent=317639"}],"wp:term":[{"taxonomy":"category","embeddable":true,"href":"https:\/\/www.caririemacao.com\/1\/wp-json\/wp\/v2\/categories?post=317639"},{"taxonomy":"post_tag","embeddable":true,"href":"https:\/\/www.caririemacao.com\/1\/wp-json\/wp\/v2\/tags?post=317639"}],"curies":[{"name":"wp","href":"https:\/\/api.w.org\/{rel}","templated":true}]}}