{"id":317650,"date":"2026-07-20T06:00:11","date_gmt":"2026-07-20T09:00:11","guid":{"rendered":"https:\/\/www.caririemacao.com\/1\/?p=317650"},"modified":"2026-07-19T21:37:00","modified_gmt":"2026-07-20T00:37:00","slug":"inmet-emite-alerta-de-chuvas-para-86-cidades-da-paraiba-nesta-segunda-ventos-podem-chegar-a-60-km-h","status":"publish","type":"post","link":"https:\/\/www.caririemacao.com\/1\/2026\/07\/20\/inmet-emite-alerta-de-chuvas-para-86-cidades-da-paraiba-nesta-segunda-ventos-podem-chegar-a-60-km-h\/","title":{"rendered":"Inmet emite alerta de chuvas para 86 cidades da Para\u00edba nesta segunda; ventos podem chegar a 60 km\/h"},"content":{"rendered":"<p class=\"wp-block-paragraph\">O Instituto Nacional de Meteorologia (Inmet) emitiu um alerta amarelo de perigo potencial para chuvas em 86 munic\u00edpios da Para\u00edba nesta segunda-feira (20). O aviso prev\u00ea precipita\u00e7\u00f5es de at\u00e9 50 mil\u00edmetros por dia, acompanhadas de ventos intensos que podem atingir at\u00e9 60 km\/h.<\/p>\n<p class=\"wp-block-paragraph\">De acordo com o Inmet, embora o risco seja considerado baixo, h\u00e1 possibilidade de ocorr\u00eancias como cortes no fornecimento de energia el\u00e9trica, queda de galhos de \u00e1rvores, alagamentos e descargas el\u00e9tricas.<\/p>\n<p class=\"wp-block-paragraph\">Diante da previs\u00e3o, o instituto orienta que a popula\u00e7\u00e3o adote medidas preventivas durante os per\u00edodos de chuva e ventos fortes. A recomenda\u00e7\u00e3o \u00e9 evitar se abrigar sob \u00e1rvores, devido ao risco de quedas e de incid\u00eancia de raios, al\u00e9m de n\u00e3o estacionar ve\u00edculos pr\u00f3ximos a torres de transmiss\u00e3o de energia e placas de publicidade.<\/p>\n<p class=\"wp-block-paragraph\">Outra orienta\u00e7\u00e3o \u00e9 evitar o uso de aparelhos eletr\u00f4nicos conectados \u00e0 rede el\u00e9trica durante as tempestades, reduzindo o risco de acidentes provocados por oscila\u00e7\u00f5es na energia.<\/p>\n<p class=\"wp-block-paragraph\">Em caso de situa\u00e7\u00f5es de emerg\u00eancia, a popula\u00e7\u00e3o deve acionar a Defesa Civil pelo telefone 199 ou o Corpo de Bombeiros pelo n\u00famero 193.<\/p>\n<p class=\"wp-block-paragraph\">O alerta amarelo representa o primeiro n\u00edvel de severidade adotado pelo Inmet e indica a possibilidade de fen\u00f4menos meteorol\u00f3gicos com potencial para causar transtornos pontuais, exigindo aten\u00e7\u00e3o dos moradores das \u00e1reas afetadas.<\/p>\n<p class=\"wp-block-paragraph\">Veja as cidades:<\/p>\n<ul class=\"wp-block-list\">\n<li>Alagoa Grande<\/li>\n<li>Alagoa Nova<\/li>\n<li>Alagoinha<\/li>\n<li>Alcantil<\/li>\n<li>Algod\u00e3o de Janda\u00edra<\/li>\n<li>Alhandra<\/li>\n<li>Ara\u00e7agi<\/li>\n<li>Arara<\/li>\n<li>Araruna<\/li>\n<li>Areia<\/li>\n<li>Aroeiras<\/li>\n<li>Ba\u00eda da Trai\u00e7\u00e3o<\/li>\n<li>Bananeiras<\/li>\n<li>Barra de Santana<\/li>\n<li>Bayeux<\/li>\n<li>Bel\u00e9m<\/li>\n<li>Borborema<\/li>\n<li>Caapor\u00e3<\/li>\n<li>Cabedelo<\/li>\n<li>Cacimba de Dentro<\/li>\n<li>Cai\u00e7ara<\/li>\n<li>Caldas Brand\u00e3o<\/li>\n<li>Campina Grande<\/li>\n<li>Capim<\/li>\n<li>Casserengue<\/li>\n<li>Conde<\/li>\n<li>Cruz do Esp\u00edrito Santo<\/li>\n<li>Cuit\u00e9 de Mamanguape<\/li>\n<li>Cuitegi<\/li>\n<li>Curral de Cima<\/li>\n<li>Dona In\u00eas<\/li>\n<li>Duas Estradas<\/li>\n<li>Esperan\u00e7a<\/li>\n<li>Fagundes<\/li>\n<li>Gado Bravo<\/li>\n<li>Guarabira<\/li>\n<li>Gurinh\u00e9m<\/li>\n<li>Ing\u00e1<\/li>\n<li>Itabaiana<\/li>\n<li>Itapororoca<\/li>\n<li>Itatuba<\/li>\n<li>Jacara\u00fa<\/li>\n<li>Jo\u00e3o Pessoa<\/li>\n<li>Juarez T\u00e1vora<\/li>\n<li>Juripiranga<\/li>\n<li>Lagoa de Dentro<\/li>\n<li>Lagoa Seca<\/li>\n<li>Logradouro<\/li>\n<li>Lucena<\/li>\n<li>Mamanguape<\/li>\n<li>Marca\u00e7\u00e3o<\/li>\n<li>Mari<\/li>\n<li>Massaranduba<\/li>\n<li>Mataraca<\/li>\n<li>Matinhas<\/li>\n<li>Mogeiro<\/li>\n<li>Mulungu<\/li>\n<li>Natuba<\/li>\n<li>Pedras de Fogo<\/li>\n<li>Pedro R\u00e9gis<\/li>\n<li>Pilar<\/li>\n<li>Pil\u00f5es<\/li>\n<li>Pil\u00f5ezinhos<\/li>\n<li>Pirpirituba<\/li>\n<li>Pitimbu<\/li>\n<li>Queimadas<\/li>\n<li>Rem\u00edgio<\/li>\n<li>Riach\u00e3o<\/li>\n<li>Riach\u00e3o do Bacamarte<\/li>\n<li>Riach\u00e3o do Po\u00e7o<\/li>\n<li>Rio Tinto<\/li>\n<li>Salgado de S\u00e3o F\u00e9lix<\/li>\n<li>Santa Cec\u00edlia<\/li>\n<li>Santa Rita<\/li>\n<li>S\u00e3o Jos\u00e9 dos Ramos<\/li>\n<li>S\u00e3o Miguel de Taipu<\/li>\n<li>S\u00e3o Sebasti\u00e3o de Lagoa de Ro\u00e7a<\/li>\n<li>Sap\u00e9<\/li>\n<li>Serra da Raiz<\/li>\n<li>Serra Redonda<\/li>\n<li>Serraria<\/li>\n<li>Sert\u00e3ozinho<\/li>\n<li>Sobrado<\/li>\n<li>Sol\u00e2nea<\/li>\n<li>Tacima<\/li>\n<li>Umbuzeiro<\/li>\n<\/ul>\n","protected":false},"excerpt":{"rendered":"<p>O Instituto Nacional de Meteorologia (Inmet) emitiu um alerta amarelo de perigo potencial para chuvas em 86 munic\u00edpios da Para\u00edba nesta segunda-feira (20). O aviso prev\u00ea precipita\u00e7\u00f5es de at\u00e9 50 mil\u00edmetros por dia, acompanhadas de ventos intensos que podem atingir at\u00e9 60 km\/h. De acordo com o Inmet, embora o risco seja considerado baixo, h\u00e1 possibilidade de ocorr\u00eancias como cortes no fornecimento de energia el\u00e9trica, queda de galhos de \u00e1rvores, alagamentos e descargas el\u00e9tricas. Diante da previs\u00e3o, o instituto orienta que a popula\u00e7\u00e3o adote medidas preventivas durante os per\u00edodos de chuva e ventos fortes. A recomenda\u00e7\u00e3o \u00e9 evitar se abrigar sob \u00e1rvores, devido ao risco de quedas e de incid\u00eancia de raios, al\u00e9m de n\u00e3o estacionar ve\u00edculos pr\u00f3ximos a torres de transmiss\u00e3o de energia e placas de publicidade. Outra orienta\u00e7\u00e3o \u00e9 evitar o uso de aparelhos eletr\u00f4nicos conectados \u00e0 rede el\u00e9trica durante as tempestades, reduzindo o risco de acidentes provocados por oscila\u00e7\u00f5es na energia. Em caso de situa\u00e7\u00f5es de emerg\u00eancia, a popula\u00e7\u00e3o deve acionar a Defesa Civil pelo telefone 199 ou o Corpo de Bombeiros pelo n\u00famero 193. O alerta amarelo representa o primeiro n\u00edvel de severidade adotado pelo Inmet e indica a possibilidade de fen\u00f4menos meteorol\u00f3gicos com potencial para causar transtornos pontuais, exigindo aten\u00e7\u00e3o dos moradores das \u00e1reas afetadas. Veja as cidades: Alagoa Grande Alagoa Nova Alagoinha Alcantil Algod\u00e3o de Janda\u00edra Alhandra Ara\u00e7agi Arara Araruna Areia Aroeiras Ba\u00eda da Trai\u00e7\u00e3o Bananeiras Barra de Santana Bayeux Bel\u00e9m Borborema Caapor\u00e3 Cabedelo Cacimba de Dentro Cai\u00e7ara Caldas Brand\u00e3o Campina Grande Capim Casserengue Conde Cruz do Esp\u00edrito Santo Cuit\u00e9 de Mamanguape Cuitegi Curral de Cima Dona In\u00eas Duas Estradas Esperan\u00e7a Fagundes Gado Bravo Guarabira Gurinh\u00e9m Ing\u00e1 Itabaiana Itapororoca Itatuba Jacara\u00fa Jo\u00e3o Pessoa Juarez T\u00e1vora Juripiranga Lagoa de Dentro Lagoa Seca Logradouro Lucena Mamanguape Marca\u00e7\u00e3o Mari Massaranduba Mataraca Matinhas Mogeiro Mulungu Natuba Pedras de Fogo Pedro R\u00e9gis Pilar Pil\u00f5es Pil\u00f5ezinhos Pirpirituba Pitimbu Queimadas Rem\u00edgio Riach\u00e3o Riach\u00e3o do Bacamarte Riach\u00e3o do Po\u00e7o Rio Tinto Salgado de S\u00e3o F\u00e9lix Santa Cec\u00edlia Santa Rita S\u00e3o Jos\u00e9 dos Ramos S\u00e3o Miguel de Taipu S\u00e3o Sebasti\u00e3o de Lagoa de Ro\u00e7a Sap\u00e9 Serra da Raiz Serra Redonda Serraria Sert\u00e3ozinho Sobrado Sol\u00e2nea Tacima Umbuzeiro<\/p>\n","protected":false},"author":6,"featured_media":314387,"comment_status":"closed","ping_status":"closed","sticky":false,"template":"","format":"standard","meta":{"sfsi_plus_gutenberg_text_before_share":"","sfsi_plus_gutenberg_show_text_before_share":"","sfsi_plus_gutenberg_icon_type":"","sfsi_plus_gutenberg_icon_alignemt":"","sfsi_plus_gutenburg_max_per_row":"","footnotes":""},"categories":[50,2,104],"tags":[],"class_list":["post-317650","post","type-post","status-publish","format-standard","has-post-thumbnail","hentry","category-destaque","category-geral","category-paraiba"],"_links":{"self":[{"href":"https:\/\/www.caririemacao.com\/1\/wp-json\/wp\/v2\/posts\/317650","targetHints":{"allow":["GET"]}}],"collection":[{"href":"https:\/\/www.caririemacao.com\/1\/wp-json\/wp\/v2\/posts"}],"about":[{"href":"https:\/\/www.caririemacao.com\/1\/wp-json\/wp\/v2\/types\/post"}],"author":[{"embeddable":true,"href":"https:\/\/www.caririemacao.com\/1\/wp-json\/wp\/v2\/users\/6"}],"replies":[{"embeddable":true,"href":"https:\/\/www.caririemacao.com\/1\/wp-json\/wp\/v2\/comments?post=317650"}],"version-history":[{"count":1,"href":"https:\/\/www.caririemacao.com\/1\/wp-json\/wp\/v2\/posts\/317650\/revisions"}],"predecessor-version":[{"id":317651,"href":"https:\/\/www.caririemacao.com\/1\/wp-json\/wp\/v2\/posts\/317650\/revisions\/317651"}],"wp:featuredmedia":[{"embeddable":true,"href":"https:\/\/www.caririemacao.com\/1\/wp-json\/wp\/v2\/media\/314387"}],"wp:attachment":[{"href":"https:\/\/www.caririemacao.com\/1\/wp-json\/wp\/v2\/media?parent=317650"}],"wp:term":[{"taxonomy":"category","embeddable":true,"href":"https:\/\/www.caririemacao.com\/1\/wp-json\/wp\/v2\/categories?post=317650"},{"taxonomy":"post_tag","embeddable":true,"href":"https:\/\/www.caririemacao.com\/1\/wp-json\/wp\/v2\/tags?post=317650"}],"curies":[{"name":"wp","href":"https:\/\/api.w.org\/{rel}","templated":true}]}}