{"id":317654,"date":"2026-07-20T09:31:08","date_gmt":"2026-07-20T12:31:08","guid":{"rendered":"https:\/\/www.caririemacao.com\/1\/?p=317654"},"modified":"2026-07-20T09:31:08","modified_gmt":"2026-07-20T12:31:08","slug":"homem-e-encontrado-morto-com-marcas-de-facadas-em-monteiro","status":"publish","type":"post","link":"https:\/\/www.caririemacao.com\/1\/2026\/07\/20\/homem-e-encontrado-morto-com-marcas-de-facadas-em-monteiro\/","title":{"rendered":"Homem \u00e9 encontrado morto com marcas de facadas em Monteiro"},"content":{"rendered":"<p class=\"wp-block-paragraph\">O corpo de um homem, de aproximadamente 35 anos, foi encontrado por volta da 1h da madrugada desta segunda-feira (20), em um beco pr\u00f3ximo ao Abrigo dos Idosos, no munic\u00edpio de Monteiro.<\/p>\n<p class=\"wp-block-paragraph\">A v\u00edtima, identificada preliminarmente como Alexandre, morador da Rua do Matadouro, apresentava diversas perfura\u00e7\u00f5es provocadas por arma branca.<\/p>\n<p class=\"wp-block-paragraph\">O corpo foi removido por uma equipe do N\u00facleo de Medicina e Odontologia Legal (Numol) e encaminhado ao Instituto de Pol\u00edcia Cient\u00edfica (IPC), em Campina Grande, onde ser\u00e1 submetido ao exame cadav\u00e9rico.<\/p>\n<p class=\"wp-block-paragraph\">Equipes da Pol\u00edcia Militar, da Pol\u00edcia Civil e do Instituto de Pol\u00edcia Cient\u00edfica (IPC) estiveram no local para realizar os procedimentos necess\u00e1rios.<\/p>\n<p class=\"wp-block-paragraph\">At\u00e9 o momento, n\u00e3o h\u00e1 informa\u00e7\u00f5es sobre a autoria ou a motiva\u00e7\u00e3o do crime. O caso est\u00e1 sendo investigado pelo delegado Dr. S\u00e1vio, do Grupo T\u00e1tico Especial (GTE) de Homic\u00eddios da 14\u00aa Delegacia Seccional de Pol\u00edcia Civil.<\/p>\n<p class=\"wp-block-paragraph\">\n<p class=\"wp-block-paragraph\"><strong>CARIRI EM A\u00c7\u00c3O<\/strong><\/p>\n<p class=\"wp-block-paragraph\"><em>Com R\u00e1dio Cidade FM<\/em><\/p>\n","protected":false},"excerpt":{"rendered":"<p>O corpo de um homem, de aproximadamente 35 anos, foi encontrado por volta da 1h da madrugada desta segunda-feira (20), em um beco pr\u00f3ximo ao Abrigo dos Idosos, no munic\u00edpio de Monteiro. A v\u00edtima, identificada preliminarmente como Alexandre, morador da Rua do Matadouro, apresentava diversas perfura\u00e7\u00f5es provocadas por arma branca. O corpo foi removido por uma equipe do N\u00facleo de Medicina e Odontologia Legal (Numol) e encaminhado ao Instituto de Pol\u00edcia Cient\u00edfica (IPC), em Campina Grande, onde ser\u00e1 submetido ao exame cadav\u00e9rico. Equipes da Pol\u00edcia Militar, da Pol\u00edcia Civil e do Instituto de Pol\u00edcia Cient\u00edfica (IPC) estiveram no local para realizar os procedimentos necess\u00e1rios. At\u00e9 o momento, n\u00e3o h\u00e1 informa\u00e7\u00f5es sobre a autoria ou a motiva\u00e7\u00e3o do crime. O caso est\u00e1 sendo investigado pelo delegado Dr. S\u00e1vio, do Grupo T\u00e1tico Especial (GTE) de Homic\u00eddios da 14\u00aa Delegacia Seccional de Pol\u00edcia Civil. CARIRI EM A\u00c7\u00c3O Com R\u00e1dio Cidade FM<\/p>\n","protected":false},"author":6,"featured_media":312062,"comment_status":"closed","ping_status":"closed","sticky":false,"template":"","format":"standard","meta":{"sfsi_plus_gutenberg_text_before_share":"","sfsi_plus_gutenberg_show_text_before_share":"","sfsi_plus_gutenberg_icon_type":"","sfsi_plus_gutenberg_icon_alignemt":"","sfsi_plus_gutenburg_max_per_row":"","footnotes":""},"categories":[50,2,81,12],"tags":[],"class_list":["post-317654","post","type-post","status-publish","format-standard","has-post-thumbnail","hentry","category-destaque","category-geral","category-monteiro","category-policia"],"_links":{"self":[{"href":"https:\/\/www.caririemacao.com\/1\/wp-json\/wp\/v2\/posts\/317654","targetHints":{"allow":["GET"]}}],"collection":[{"href":"https:\/\/www.caririemacao.com\/1\/wp-json\/wp\/v2\/posts"}],"about":[{"href":"https:\/\/www.caririemacao.com\/1\/wp-json\/wp\/v2\/types\/post"}],"author":[{"embeddable":true,"href":"https:\/\/www.caririemacao.com\/1\/wp-json\/wp\/v2\/users\/6"}],"replies":[{"embeddable":true,"href":"https:\/\/www.caririemacao.com\/1\/wp-json\/wp\/v2\/comments?post=317654"}],"version-history":[{"count":1,"href":"https:\/\/www.caririemacao.com\/1\/wp-json\/wp\/v2\/posts\/317654\/revisions"}],"predecessor-version":[{"id":317655,"href":"https:\/\/www.caririemacao.com\/1\/wp-json\/wp\/v2\/posts\/317654\/revisions\/317655"}],"wp:featuredmedia":[{"embeddable":true,"href":"https:\/\/www.caririemacao.com\/1\/wp-json\/wp\/v2\/media\/312062"}],"wp:attachment":[{"href":"https:\/\/www.caririemacao.com\/1\/wp-json\/wp\/v2\/media?parent=317654"}],"wp:term":[{"taxonomy":"category","embeddable":true,"href":"https:\/\/www.caririemacao.com\/1\/wp-json\/wp\/v2\/categories?post=317654"},{"taxonomy":"post_tag","embeddable":true,"href":"https:\/\/www.caririemacao.com\/1\/wp-json\/wp\/v2\/tags?post=317654"}],"curies":[{"name":"wp","href":"https:\/\/api.w.org\/{rel}","templated":true}]}}