{"id":317700,"date":"2026-07-21T06:00:46","date_gmt":"2026-07-21T09:00:46","guid":{"rendered":"https:\/\/www.caririemacao.com\/1\/?p=317700"},"modified":"2026-07-20T22:53:20","modified_gmt":"2026-07-21T01:53:20","slug":"policia-militar-prende-homem-por-violencia-domestica-carcere-privado-e-posse-ilegal-de-arma-em-monteiro","status":"publish","type":"post","link":"https:\/\/www.caririemacao.com\/1\/2026\/07\/21\/policia-militar-prende-homem-por-violencia-domestica-carcere-privado-e-posse-ilegal-de-arma-em-monteiro\/","title":{"rendered":"Pol\u00edcia Militar prende homem por viol\u00eancia dom\u00e9stica, c\u00e1rcere privado e posse ilegal de arma em Monteiro"},"content":{"rendered":"<div class=\"elementor-element elementor-element-e03ac10 elementor-widget elementor-widget-theme-post-content\" data-id=\"e03ac10\" data-element_type=\"widget\" data-e-type=\"widget\" data-widget_type=\"theme-post-content.default\">\n<div class=\"elementor-widget-container\">\n<p class=\"wp-block-paragraph\">Policiais militares do 11\u00ba Batalh\u00e3o prenderam, nesta segunda-feira (20), um homem suspeito de praticar viol\u00eancia dom\u00e9stica e manter a pr\u00f3pria companheira em c\u00e1rcere privado, no S\u00edtio do Meio, zona rural do munic\u00edpio de Monteiro.<\/p>\n<p class=\"wp-block-paragraph\">Durante a ocorr\u00eancia, os policiais realizaram buscas no im\u00f3vel e apreenderam uma espingarda que estava em posse do suspeito.<\/p>\n<p class=\"wp-block-paragraph\">Ap\u00f3s o atendimento da ocorr\u00eancia, o homem recebeu voz de pris\u00e3o e foi conduzido \u00e0 Delegacia de Pol\u00edcia Civil, juntamente com a v\u00edtima, onde foram adotadas as medidas legais cab\u00edveis.<\/p>\n<p class=\"wp-block-paragraph\">A a\u00e7\u00e3o refor\u00e7a o trabalho da Pol\u00edcia Militar no combate \u00e0 viol\u00eancia contra a mulher e na retirada de armas de fogo em situa\u00e7\u00f5es que representam risco \u00e0 integridade das v\u00edtimas.<\/p>\n<\/div>\n<\/div>\n<div class=\"elementor-element elementor-element-282abe2 elementor-widget elementor-widget-heading\" data-id=\"282abe2\" data-element_type=\"widget\" data-e-type=\"widget\" data-widget_type=\"heading.default\">\n<div class=\"elementor-widget-container\"><\/div>\n<\/div>\n","protected":false},"excerpt":{"rendered":"<p>Policiais militares do 11\u00ba Batalh\u00e3o prenderam, nesta segunda-feira (20), um homem suspeito de praticar viol\u00eancia dom\u00e9stica e manter a pr\u00f3pria companheira em c\u00e1rcere privado, no S\u00edtio do Meio, zona rural do munic\u00edpio de Monteiro. Durante a ocorr\u00eancia, os policiais realizaram buscas no im\u00f3vel e apreenderam uma espingarda que estava em posse do suspeito. Ap\u00f3s o atendimento da ocorr\u00eancia, o homem recebeu voz de pris\u00e3o e foi conduzido \u00e0 Delegacia de Pol\u00edcia Civil, juntamente com a v\u00edtima, onde foram adotadas as medidas legais cab\u00edveis. A a\u00e7\u00e3o refor\u00e7a o trabalho da Pol\u00edcia Militar no combate \u00e0 viol\u00eancia contra a mulher e na retirada de armas de fogo em situa\u00e7\u00f5es que representam risco \u00e0 integridade das v\u00edtimas.<\/p>\n","protected":false},"author":6,"featured_media":317701,"comment_status":"closed","ping_status":"closed","sticky":false,"template":"","format":"standard","meta":{"sfsi_plus_gutenberg_text_before_share":"","sfsi_plus_gutenberg_show_text_before_share":"","sfsi_plus_gutenberg_icon_type":"","sfsi_plus_gutenberg_icon_alignemt":"","sfsi_plus_gutenburg_max_per_row":"","footnotes":""},"categories":[50,2,81,12],"tags":[],"class_list":["post-317700","post","type-post","status-publish","format-standard","has-post-thumbnail","hentry","category-destaque","category-geral","category-monteiro","category-policia"],"_links":{"self":[{"href":"https:\/\/www.caririemacao.com\/1\/wp-json\/wp\/v2\/posts\/317700","targetHints":{"allow":["GET"]}}],"collection":[{"href":"https:\/\/www.caririemacao.com\/1\/wp-json\/wp\/v2\/posts"}],"about":[{"href":"https:\/\/www.caririemacao.com\/1\/wp-json\/wp\/v2\/types\/post"}],"author":[{"embeddable":true,"href":"https:\/\/www.caririemacao.com\/1\/wp-json\/wp\/v2\/users\/6"}],"replies":[{"embeddable":true,"href":"https:\/\/www.caririemacao.com\/1\/wp-json\/wp\/v2\/comments?post=317700"}],"version-history":[{"count":1,"href":"https:\/\/www.caririemacao.com\/1\/wp-json\/wp\/v2\/posts\/317700\/revisions"}],"predecessor-version":[{"id":317702,"href":"https:\/\/www.caririemacao.com\/1\/wp-json\/wp\/v2\/posts\/317700\/revisions\/317702"}],"wp:featuredmedia":[{"embeddable":true,"href":"https:\/\/www.caririemacao.com\/1\/wp-json\/wp\/v2\/media\/317701"}],"wp:attachment":[{"href":"https:\/\/www.caririemacao.com\/1\/wp-json\/wp\/v2\/media?parent=317700"}],"wp:term":[{"taxonomy":"category","embeddable":true,"href":"https:\/\/www.caririemacao.com\/1\/wp-json\/wp\/v2\/categories?post=317700"},{"taxonomy":"post_tag","embeddable":true,"href":"https:\/\/www.caririemacao.com\/1\/wp-json\/wp\/v2\/tags?post=317700"}],"curies":[{"name":"wp","href":"https:\/\/api.w.org\/{rel}","templated":true}]}}