{"id":317703,"date":"2026-07-21T06:00:29","date_gmt":"2026-07-21T09:00:29","guid":{"rendered":"https:\/\/www.caririemacao.com\/1\/?p=317703"},"modified":"2026-07-20T22:55:34","modified_gmt":"2026-07-21T01:55:34","slug":"sao-joao-do-cariri-assina-protocolo-para-criacao-do-primeiro-geoparque-da-paraiba","status":"publish","type":"post","link":"https:\/\/www.caririemacao.com\/1\/2026\/07\/21\/sao-joao-do-cariri-assina-protocolo-para-criacao-do-primeiro-geoparque-da-paraiba\/","title":{"rendered":"S\u00e3o Jo\u00e3o do Cariri assina protocolo para cria\u00e7\u00e3o do primeiro Geoparque da Para\u00edba"},"content":{"rendered":"<p class=\"wp-block-paragraph\">O prefeito de S\u00e3o Jo\u00e3o do Cariri, Chico de Eulina, participou nesta segunda-feira (20) da assinatura do Protocolo de Inten\u00e7\u00f5es para forma\u00e7\u00e3o do Cons\u00f3rcio Intermunicipal Geoparque Cariri, marco na cria\u00e7\u00e3o do primeiro Geoparque da Para\u00edba.<\/p>\n<figure class=\"wp-block-image aligncenter size-large is-resized\"><img fetchpriority=\"high\" decoding=\"async\" class=\"wp-image-50300 aligncenter\" src=\"https:\/\/parlamentoemdestaque.com.br\/wp-content\/uploads\/2026\/07\/WhatsApp-Image-2026-07-20-at-22.32.56-1-1024x768.jpeg\" sizes=\"(max-width: 1024px) 100vw, 1024px\" srcset=\"https:\/\/parlamentoemdestaque.com.br\/wp-content\/uploads\/2026\/07\/WhatsApp-Image-2026-07-20-at-22.32.56-1-1024x768.jpeg 1024w, https:\/\/parlamentoemdestaque.com.br\/wp-content\/uploads\/2026\/07\/WhatsApp-Image-2026-07-20-at-22.32.56-1-300x225.jpeg 300w, https:\/\/parlamentoemdestaque.com.br\/wp-content\/uploads\/2026\/07\/WhatsApp-Image-2026-07-20-at-22.32.56-1-768x576.jpeg 768w, https:\/\/parlamentoemdestaque.com.br\/wp-content\/uploads\/2026\/07\/WhatsApp-Image-2026-07-20-at-22.32.56-1.jpeg 1280w\" alt=\"\" width=\"521\" height=\"391\" \/><\/figure>\n<p class=\"wp-block-paragraph\">A iniciativa re\u00fane seis munic\u00edpios \u2014 Queimadas, Caturit\u00e9, Boqueir\u00e3o, Cabaceiras, Boa Vista e S\u00e3o Jo\u00e3o do Cariri \u2014 em a\u00e7\u00e3o conjunta pela preserva\u00e7\u00e3o do patrim\u00f4nio geol\u00f3gico, valoriza\u00e7\u00e3o cultural e turismo sustent\u00e1vel na regi\u00e3o.<\/p>\n<p class=\"wp-block-paragraph\">O prefeito destacou o car\u00e1ter estrat\u00e9gico da ades\u00e3o do munic\u00edpio ao cons\u00f3rcio, afirmando que a gest\u00e3o integrada do territ\u00f3rio deve abrir caminho para novas pol\u00edticas p\u00fablicas compartilhadas, com potencial de atrair investimentos para turismo, educa\u00e7\u00e3o, meio ambiente e empreendedorismo.<\/p>\n<figure class=\"wp-block-image aligncenter size-large is-resized\"><img decoding=\"async\" class=\"wp-image-50301 aligncenter\" src=\"https:\/\/parlamentoemdestaque.com.br\/wp-content\/uploads\/2026\/07\/WhatsApp-Image-2026-07-20-at-22.32.55-1024x768.jpeg\" sizes=\"(max-width: 1024px) 100vw, 1024px\" srcset=\"https:\/\/parlamentoemdestaque.com.br\/wp-content\/uploads\/2026\/07\/WhatsApp-Image-2026-07-20-at-22.32.55-1024x768.jpeg 1024w, https:\/\/parlamentoemdestaque.com.br\/wp-content\/uploads\/2026\/07\/WhatsApp-Image-2026-07-20-at-22.32.55-300x225.jpeg 300w, https:\/\/parlamentoemdestaque.com.br\/wp-content\/uploads\/2026\/07\/WhatsApp-Image-2026-07-20-at-22.32.55-768x576.jpeg 768w, https:\/\/parlamentoemdestaque.com.br\/wp-content\/uploads\/2026\/07\/WhatsApp-Image-2026-07-20-at-22.32.55.jpeg 1280w\" alt=\"\" width=\"451\" height=\"338\" \/><\/figure>\n<p class=\"wp-block-paragraph\">Participaram da comitiva municipal: vice-prefeita Stela Maracaj\u00e1, secret\u00e1rio de Administra\u00e7\u00e3o Andr\u00e9, secret\u00e1rio de Turismo Eduardo, secret\u00e1ria de Educa\u00e7\u00e3o Josicleide Guimar\u00e3es, e a consultora Josenice.<\/p>\n","protected":false},"excerpt":{"rendered":"<p>O prefeito de S\u00e3o Jo\u00e3o do Cariri, Chico de Eulina, participou nesta segunda-feira (20) da assinatura do Protocolo de Inten\u00e7\u00f5es para forma\u00e7\u00e3o do Cons\u00f3rcio Intermunicipal Geoparque Cariri, marco na cria\u00e7\u00e3o do primeiro Geoparque da Para\u00edba. A iniciativa re\u00fane seis munic\u00edpios \u2014 Queimadas, Caturit\u00e9, Boqueir\u00e3o, Cabaceiras, Boa Vista e S\u00e3o Jo\u00e3o do Cariri \u2014 em a\u00e7\u00e3o conjunta pela preserva\u00e7\u00e3o do patrim\u00f4nio geol\u00f3gico, valoriza\u00e7\u00e3o cultural e turismo sustent\u00e1vel na regi\u00e3o. O prefeito destacou o car\u00e1ter estrat\u00e9gico da ades\u00e3o do munic\u00edpio ao cons\u00f3rcio, afirmando que a gest\u00e3o integrada do territ\u00f3rio deve abrir caminho para novas pol\u00edticas p\u00fablicas compartilhadas, com potencial de atrair investimentos para turismo, educa\u00e7\u00e3o, meio ambiente e empreendedorismo. Participaram da comitiva municipal: vice-prefeita Stela Maracaj\u00e1, secret\u00e1rio de Administra\u00e7\u00e3o Andr\u00e9, secret\u00e1rio de Turismo Eduardo, secret\u00e1ria de Educa\u00e7\u00e3o Josicleide Guimar\u00e3es, e a consultora Josenice.<\/p>\n","protected":false},"author":6,"featured_media":317704,"comment_status":"closed","ping_status":"closed","sticky":false,"template":"","format":"standard","meta":{"sfsi_plus_gutenberg_text_before_share":"","sfsi_plus_gutenberg_show_text_before_share":"","sfsi_plus_gutenberg_icon_type":"","sfsi_plus_gutenberg_icon_alignemt":"","sfsi_plus_gutenburg_max_per_row":"","footnotes":""},"categories":[50,2,88],"tags":[],"class_list":["post-317703","post","type-post","status-publish","format-standard","has-post-thumbnail","hentry","category-destaque","category-geral","category-sao-joao-do-cariri"],"_links":{"self":[{"href":"https:\/\/www.caririemacao.com\/1\/wp-json\/wp\/v2\/posts\/317703","targetHints":{"allow":["GET"]}}],"collection":[{"href":"https:\/\/www.caririemacao.com\/1\/wp-json\/wp\/v2\/posts"}],"about":[{"href":"https:\/\/www.caririemacao.com\/1\/wp-json\/wp\/v2\/types\/post"}],"author":[{"embeddable":true,"href":"https:\/\/www.caririemacao.com\/1\/wp-json\/wp\/v2\/users\/6"}],"replies":[{"embeddable":true,"href":"https:\/\/www.caririemacao.com\/1\/wp-json\/wp\/v2\/comments?post=317703"}],"version-history":[{"count":1,"href":"https:\/\/www.caririemacao.com\/1\/wp-json\/wp\/v2\/posts\/317703\/revisions"}],"predecessor-version":[{"id":317705,"href":"https:\/\/www.caririemacao.com\/1\/wp-json\/wp\/v2\/posts\/317703\/revisions\/317705"}],"wp:featuredmedia":[{"embeddable":true,"href":"https:\/\/www.caririemacao.com\/1\/wp-json\/wp\/v2\/media\/317704"}],"wp:attachment":[{"href":"https:\/\/www.caririemacao.com\/1\/wp-json\/wp\/v2\/media?parent=317703"}],"wp:term":[{"taxonomy":"category","embeddable":true,"href":"https:\/\/www.caririemacao.com\/1\/wp-json\/wp\/v2\/categories?post=317703"},{"taxonomy":"post_tag","embeddable":true,"href":"https:\/\/www.caririemacao.com\/1\/wp-json\/wp\/v2\/tags?post=317703"}],"curies":[{"name":"wp","href":"https:\/\/api.w.org\/{rel}","templated":true}]}}