{"id":317712,"date":"2026-07-21T09:35:55","date_gmt":"2026-07-21T12:35:55","guid":{"rendered":"https:\/\/www.caririemacao.com\/1\/?p=317712"},"modified":"2026-07-21T09:35:55","modified_gmt":"2026-07-21T12:35:55","slug":"meteorologia-preve-chuvas-intensas-nesta-terca-em-70-cidades-da-pb","status":"publish","type":"post","link":"https:\/\/www.caririemacao.com\/1\/2026\/07\/21\/meteorologia-preve-chuvas-intensas-nesta-terca-em-70-cidades-da-pb\/","title":{"rendered":"Meteorologia prev\u00ea chuvas intensas nesta ter\u00e7a em 70 cidades da PB"},"content":{"rendered":"<p>O Instituto Nacional de Meteorologia (INMET) renovou alerta de chuvas intensas em Jo\u00e3o Pessoa e mais 69 cidades da Para\u00edba durante todo do dia desta ter\u00e7a-feira (21),<\/p>\n<p>De acordo com o \u00f3rg\u00e3o, at\u00e9 as 23h59min pode ocorrer chuvas entre Chuva entre 20 e 30 mm\/h ou at\u00e9 50 mm\/dia, ventos intensos (40-60 km\/h) nos munic\u00edpios em evid\u00eancia com baixo risco de corte de energia el\u00e9trica, queda de galhos de \u00e1rvores, alagamentos e de descargas el\u00e9tricas.<\/p>\n<p>As recomenda\u00e7\u00f5es s\u00e3o que, em caso de rajadas de vento, n\u00e3o se abrigar debaixo de \u00e1rvores, pois h\u00e1 leve risco de queda e descargas el\u00e9tricas e n\u00e3o estacione ve\u00edculos pr\u00f3ximos a torres de transmiss\u00e3o e placas de propaganda.<\/p>\n<p>Al\u00e9m disso evitar usar aparelhos eletr\u00f4nicos ligados \u00e0 tomada e, em caso de d\u00favida obter mais informa\u00e7\u00f5es junto\u00a0 a Defesa Civil (199) e Corpo de Bombeiros (193).<\/p>\n<p><strong>Confira cidades<\/strong><\/p>\n<p>Alagoa Grande<\/p>\n<p>Alagoinha<\/p>\n<p>Algod\u00e3o de Janda\u00edra<\/p>\n<p>Alhandra<\/p>\n<p>Ara\u00e7agi<\/p>\n<p>Arara<\/p>\n<p>Araruna<\/p>\n<p>Areia<\/p>\n<p>Ba\u00eda da Trai\u00e7\u00e3o<\/p>\n<p>Bananeiras<\/p>\n<p>Barra de Santa Rosa<\/p>\n<p>Bayeux<\/p>\n<p>Bel\u00e9m<\/p>\n<p>Borborema<\/p>\n<p>Caapor\u00e3<\/p>\n<p>Cabedelo<\/p>\n<p>Cacimba de Dentro<\/p>\n<p>Cai\u00e7ara<\/p>\n<p>Caldas Brand\u00e3o<\/p>\n<p>Capim<\/p>\n<p>Casserengue<\/p>\n<p>Conde<\/p>\n<p>Cruz do Esp\u00edrito Santo<\/p>\n<p>Cuit\u00e9<\/p>\n<p>Cuit\u00e9 de Mamanguape<\/p>\n<p>Cuitegi<\/p>\n<p>Curral de Cima<\/p>\n<p>Dami\u00e3o<\/p>\n<p>Dona In\u00eas<\/p>\n<p>Duas Estradas<\/p>\n<p>Frei Martinho<\/p>\n<p>Guarabira<\/p>\n<p>Gurinh\u00e9m<\/p>\n<p>Itabaiana<\/p>\n<p>Itapororoca<\/p>\n<p>Jacara\u00fa<\/p>\n<p>Jo\u00e3o Pessoa<\/p>\n<p>Juarez T\u00e1vora<\/p>\n<p>Juripiranga<\/p>\n<p>Lagoa de Dentro<\/p>\n<p>Logradouro<\/p>\n<p>Lucena<\/p>\n<p>Mamanguape<\/p>\n<p>Marca\u00e7\u00e3o<\/p>\n<p>Mari<\/p>\n<p>Mataraca<\/p>\n<p>Mulungu<\/p>\n<p>Nova Floresta<\/p>\n<p>Pedras de Fogo<\/p>\n<p>Pedro R\u00e9gis<\/p>\n<p>Picu\u00ed<\/p>\n<p>Pilar<\/p>\n<p>Pil\u00f5es<\/p>\n<p>Pil\u00f5ezinhos<\/p>\n<p>Pirpirituba<\/p>\n<p>Pitimbu<\/p>\n<p>Rem\u00edgio<\/p>\n<p>Riach\u00e3o<\/p>\n<p>Riach\u00e3o do Po\u00e7o<\/p>\n<p>Rio Tinto<\/p>\n<p>Santa Rita<\/p>\n<p>S\u00e3o Jos\u00e9 dos Ramos<\/p>\n<p>S\u00e3o Miguel de Taipu<\/p>\n<p>Sap\u00e9<\/p>\n<p>Serra da Raiz<\/p>\n<p>Serraria<\/p>\n<p>Sert\u00e3ozinho<\/p>\n<p>Sobrado<\/p>\n<p>Sol\u00e2nea<\/p>\n<p>Tacima<\/p>\n<p>CARIRI EM A\u00c7\u00c3O<\/p>\n<p>Com MaisPB<\/p>\n","protected":false},"excerpt":{"rendered":"<p>O Instituto Nacional de Meteorologia (INMET) renovou alerta de chuvas intensas em Jo\u00e3o Pessoa e mais 69 cidades da Para\u00edba durante todo do dia desta ter\u00e7a-feira (21), De acordo com o \u00f3rg\u00e3o, at\u00e9 as 23h59min pode ocorrer chuvas entre Chuva entre 20 e 30 mm\/h ou at\u00e9 50 mm\/dia, ventos intensos (40-60 km\/h) nos munic\u00edpios em evid\u00eancia com baixo risco de corte de energia el\u00e9trica, queda de galhos de \u00e1rvores, alagamentos e de descargas el\u00e9tricas. As recomenda\u00e7\u00f5es s\u00e3o que, em caso de rajadas de vento, n\u00e3o se abrigar debaixo de \u00e1rvores, pois h\u00e1 leve risco de queda e descargas el\u00e9tricas e n\u00e3o estacione ve\u00edculos pr\u00f3ximos a torres de transmiss\u00e3o e placas de propaganda. Al\u00e9m disso evitar usar aparelhos eletr\u00f4nicos ligados \u00e0 tomada e, em caso de d\u00favida obter mais informa\u00e7\u00f5es junto\u00a0 a Defesa Civil (199) e Corpo de Bombeiros (193). Confira cidades Alagoa Grande Alagoinha Algod\u00e3o de Janda\u00edra Alhandra Ara\u00e7agi Arara Araruna Areia Ba\u00eda da Trai\u00e7\u00e3o Bananeiras Barra de Santa Rosa Bayeux Bel\u00e9m Borborema Caapor\u00e3 Cabedelo Cacimba de Dentro Cai\u00e7ara Caldas Brand\u00e3o Capim Casserengue Conde Cruz do Esp\u00edrito Santo Cuit\u00e9 Cuit\u00e9 de Mamanguape Cuitegi Curral de Cima Dami\u00e3o Dona In\u00eas Duas Estradas Frei Martinho Guarabira Gurinh\u00e9m Itabaiana Itapororoca Jacara\u00fa Jo\u00e3o Pessoa Juarez T\u00e1vora Juripiranga Lagoa de Dentro Logradouro Lucena Mamanguape Marca\u00e7\u00e3o Mari Mataraca Mulungu Nova Floresta Pedras de Fogo Pedro R\u00e9gis Picu\u00ed Pilar Pil\u00f5es Pil\u00f5ezinhos Pirpirituba Pitimbu Rem\u00edgio Riach\u00e3o Riach\u00e3o do Po\u00e7o Rio Tinto Santa Rita S\u00e3o Jos\u00e9 dos Ramos S\u00e3o Miguel de Taipu Sap\u00e9 Serra da Raiz Serraria Sert\u00e3ozinho Sobrado Sol\u00e2nea Tacima CARIRI EM A\u00c7\u00c3O Com MaisPB<\/p>\n","protected":false},"author":6,"featured_media":317713,"comment_status":"closed","ping_status":"closed","sticky":false,"template":"","format":"standard","meta":{"sfsi_plus_gutenberg_text_before_share":"","sfsi_plus_gutenberg_show_text_before_share":"","sfsi_plus_gutenberg_icon_type":"","sfsi_plus_gutenberg_icon_alignemt":"","sfsi_plus_gutenburg_max_per_row":"","footnotes":""},"categories":[50,104],"tags":[],"class_list":["post-317712","post","type-post","status-publish","format-standard","has-post-thumbnail","hentry","category-destaque","category-paraiba"],"_links":{"self":[{"href":"https:\/\/www.caririemacao.com\/1\/wp-json\/wp\/v2\/posts\/317712","targetHints":{"allow":["GET"]}}],"collection":[{"href":"https:\/\/www.caririemacao.com\/1\/wp-json\/wp\/v2\/posts"}],"about":[{"href":"https:\/\/www.caririemacao.com\/1\/wp-json\/wp\/v2\/types\/post"}],"author":[{"embeddable":true,"href":"https:\/\/www.caririemacao.com\/1\/wp-json\/wp\/v2\/users\/6"}],"replies":[{"embeddable":true,"href":"https:\/\/www.caririemacao.com\/1\/wp-json\/wp\/v2\/comments?post=317712"}],"version-history":[{"count":1,"href":"https:\/\/www.caririemacao.com\/1\/wp-json\/wp\/v2\/posts\/317712\/revisions"}],"predecessor-version":[{"id":317714,"href":"https:\/\/www.caririemacao.com\/1\/wp-json\/wp\/v2\/posts\/317712\/revisions\/317714"}],"wp:featuredmedia":[{"embeddable":true,"href":"https:\/\/www.caririemacao.com\/1\/wp-json\/wp\/v2\/media\/317713"}],"wp:attachment":[{"href":"https:\/\/www.caririemacao.com\/1\/wp-json\/wp\/v2\/media?parent=317712"}],"wp:term":[{"taxonomy":"category","embeddable":true,"href":"https:\/\/www.caririemacao.com\/1\/wp-json\/wp\/v2\/categories?post=317712"},{"taxonomy":"post_tag","embeddable":true,"href":"https:\/\/www.caririemacao.com\/1\/wp-json\/wp\/v2\/tags?post=317712"}],"curies":[{"name":"wp","href":"https:\/\/api.w.org\/{rel}","templated":true}]}}