{"id":317735,"date":"2026-07-22T06:00:21","date_gmt":"2026-07-22T09:00:21","guid":{"rendered":"https:\/\/www.caririemacao.com\/1\/?p=317735"},"modified":"2026-07-21T23:15:55","modified_gmt":"2026-07-22T02:15:55","slug":"caso-rubinho-empresario-e-namorada-viram-reus-pela-morte-de-engenheiro-apos-festa-de-sao-joao","status":"publish","type":"post","link":"https:\/\/www.caririemacao.com\/1\/2026\/07\/22\/caso-rubinho-empresario-e-namorada-viram-reus-pela-morte-de-engenheiro-apos-festa-de-sao-joao\/","title":{"rendered":"Caso Rubinho: empres\u00e1rio e namorada viram r\u00e9us pela morte de engenheiro ap\u00f3s festa de S\u00e3o Jo\u00e3o"},"content":{"rendered":"<p class=\"jpb-article-subtitle\" style=\"text-align: center;\"><em>Justi\u00e7a aceitou den\u00fancia do Minist\u00e9rio P\u00fablico contra Cristian Dantas e a namorada Larissa Leal. Crime ocorreu no estacionamento de evento no interior<\/em><\/p>\n<p>Uma decis\u00e3o da Vara do Tribunal do J\u00fari de Campina Grande, assinada pela ju\u00edza Fl\u00e1via de Souza Baptista, tornou r\u00e9us o empres\u00e1rio Christian Medeiros Veiga Dantas Costa e Larissa Maria Leal de Freitas\u00a0pela morte do engenheiro civil Rubens Fernandes da Costa Filho, conhecido como &#8220;Rubinho&#8221;. A decis\u00e3o \u00e9 desta ter\u00e7a-feira (21).<\/p>\n<p>Ainda nesta semana,\u00a0o Minist\u00e9rio P\u00fablico da Para\u00edba (MPPB) ofereceu a den\u00fancia formal contra Christian e tamb\u00e9m contra Larissa. Conforme o \u00f3rg\u00e3o, Christian foi o executor do crime e Larissa participou ao &#8220;instigar&#8221; o namorado e prestar aux\u00edlio material.<\/p>\n<p>O Jornal da Para\u00edba entrou em contato com a defesa de ambos os investigados. O advogado J\u00fanior Moura, que representa Larissa Leal, disse que n\u00e3o foi informado oficialmente da decis\u00e3o e aguarda para se pronunciar nos autos. A defesa de Christian ainda n\u00e3o respondeu at\u00e9 a \u00faltima atualiza\u00e7\u00e3o desta reportagem.<\/p>\n<h2>O crime<\/h2>\n<p>Rubens foi socorrido por uma ambul\u00e2ncia particular e levado ao Hospital de Trauma de Campina Grande, onde passou por procedimentos de emerg\u00eancia, mas n\u00e3o resistiu aos ferimentos.<\/p>\n<p>Cristian Dantas tamb\u00e9m ficou ferido durante a briga, foi atendido no Hospital de Trauma e, em seguida, encaminhado \u00e0 Central de Pol\u00edcia. Ap\u00f3s audi\u00eancia de cust\u00f3dia, ele foi transferido para um pres\u00eddio. A Pol\u00edcia Civil informou que a arma utilizada no crime foi apreendida.<\/p>\n<p>O enterro de Rubens Fernando da Costa Filho aconteceu em 22 de junho, no cemit\u00e9rio de Guarabira, no Brejo.<\/p>\n<p>&nbsp;<\/p>\n<p><em>Com Jornal da Para\u00edba<\/em><\/p>\n","protected":false},"excerpt":{"rendered":"<p>Justi\u00e7a aceitou den\u00fancia do Minist\u00e9rio P\u00fablico contra Cristian Dantas e a namorada Larissa Leal. Crime ocorreu no estacionamento de evento no interior Uma decis\u00e3o da Vara do Tribunal do J\u00fari de Campina Grande, assinada pela ju\u00edza Fl\u00e1via de Souza Baptista, tornou r\u00e9us o empres\u00e1rio Christian Medeiros Veiga Dantas Costa e Larissa Maria Leal de Freitas\u00a0pela morte do engenheiro civil Rubens Fernandes da Costa Filho, conhecido como &#8220;Rubinho&#8221;. A decis\u00e3o \u00e9 desta ter\u00e7a-feira (21). Ainda nesta semana,\u00a0o Minist\u00e9rio P\u00fablico da Para\u00edba (MPPB) ofereceu a den\u00fancia formal contra Christian e tamb\u00e9m contra Larissa. Conforme o \u00f3rg\u00e3o, Christian foi o executor do crime e Larissa participou ao &#8220;instigar&#8221; o namorado e prestar aux\u00edlio material. O Jornal da Para\u00edba entrou em contato com a defesa de ambos os investigados. O advogado J\u00fanior Moura, que representa Larissa Leal, disse que n\u00e3o foi informado oficialmente da decis\u00e3o e aguarda para se pronunciar nos autos. A defesa de Christian ainda n\u00e3o respondeu at\u00e9 a \u00faltima atualiza\u00e7\u00e3o desta reportagem. O crime Rubens foi socorrido por uma ambul\u00e2ncia particular e levado ao Hospital de Trauma de Campina Grande, onde passou por procedimentos de emerg\u00eancia, mas n\u00e3o resistiu aos ferimentos. Cristian Dantas tamb\u00e9m ficou ferido durante a briga, foi atendido no Hospital de Trauma e, em seguida, encaminhado \u00e0 Central de Pol\u00edcia. Ap\u00f3s audi\u00eancia de cust\u00f3dia, ele foi transferido para um pres\u00eddio. A Pol\u00edcia Civil informou que a arma utilizada no crime foi apreendida. O enterro de Rubens Fernando da Costa Filho aconteceu em 22 de junho, no cemit\u00e9rio de Guarabira, no Brejo. &nbsp; Com Jornal da Para\u00edba<\/p>\n","protected":false},"author":6,"featured_media":317736,"comment_status":"closed","ping_status":"closed","sticky":false,"template":"","format":"standard","meta":{"sfsi_plus_gutenberg_text_before_share":"","sfsi_plus_gutenberg_show_text_before_share":"","sfsi_plus_gutenberg_icon_type":"","sfsi_plus_gutenberg_icon_alignemt":"","sfsi_plus_gutenburg_max_per_row":"","footnotes":""},"categories":[50,2,104],"tags":[],"class_list":["post-317735","post","type-post","status-publish","format-standard","has-post-thumbnail","hentry","category-destaque","category-geral","category-paraiba"],"_links":{"self":[{"href":"https:\/\/www.caririemacao.com\/1\/wp-json\/wp\/v2\/posts\/317735","targetHints":{"allow":["GET"]}}],"collection":[{"href":"https:\/\/www.caririemacao.com\/1\/wp-json\/wp\/v2\/posts"}],"about":[{"href":"https:\/\/www.caririemacao.com\/1\/wp-json\/wp\/v2\/types\/post"}],"author":[{"embeddable":true,"href":"https:\/\/www.caririemacao.com\/1\/wp-json\/wp\/v2\/users\/6"}],"replies":[{"embeddable":true,"href":"https:\/\/www.caririemacao.com\/1\/wp-json\/wp\/v2\/comments?post=317735"}],"version-history":[{"count":2,"href":"https:\/\/www.caririemacao.com\/1\/wp-json\/wp\/v2\/posts\/317735\/revisions"}],"predecessor-version":[{"id":317743,"href":"https:\/\/www.caririemacao.com\/1\/wp-json\/wp\/v2\/posts\/317735\/revisions\/317743"}],"wp:featuredmedia":[{"embeddable":true,"href":"https:\/\/www.caririemacao.com\/1\/wp-json\/wp\/v2\/media\/317736"}],"wp:attachment":[{"href":"https:\/\/www.caririemacao.com\/1\/wp-json\/wp\/v2\/media?parent=317735"}],"wp:term":[{"taxonomy":"category","embeddable":true,"href":"https:\/\/www.caririemacao.com\/1\/wp-json\/wp\/v2\/categories?post=317735"},{"taxonomy":"post_tag","embeddable":true,"href":"https:\/\/www.caririemacao.com\/1\/wp-json\/wp\/v2\/tags?post=317735"}],"curies":[{"name":"wp","href":"https:\/\/api.w.org\/{rel}","templated":true}]}}