{"id":317744,"date":"2026-07-22T09:06:33","date_gmt":"2026-07-22T12:06:33","guid":{"rendered":"https:\/\/www.caririemacao.com\/1\/?p=317744"},"modified":"2026-07-22T09:06:33","modified_gmt":"2026-07-22T12:06:33","slug":"acusado-pelos-eua-brasil-e-referencia-no-combate-ao-trabalho-forcado","status":"publish","type":"post","link":"https:\/\/www.caririemacao.com\/1\/2026\/07\/22\/acusado-pelos-eua-brasil-e-referencia-no-combate-ao-trabalho-forcado\/","title":{"rendered":"Acusado pelos EUA, Brasil \u00e9 refer\u00eancia no combate ao trabalho for\u00e7ado"},"content":{"rendered":"<div class=\"header-noticia full-width\">\n<div class=\"linha-fina-noticia\" style=\"text-align: center;\"><em><strong>Governo e especialistas classificam amea\u00e7a de taxa como protecionismo<\/strong><\/em><\/div>\n<\/div>\n<div><\/div>\n<div>\n<p>Nesta quarta-feira (22), parte dos produtos brasileiros vendidos aos Estados Unidos passa a ser taxada em 25%, resultado de uma\u00a0decis\u00e3o unilateral\u00a0do governo americano, que alega supostas pr\u00e1ticas desleais do Brasil no com\u00e9rcio internacional.\u00a0<img decoding=\"async\" src=\"https:\/\/agenciabrasil.ebc.com.br\/ebc.png?id=1697170&amp;o=node\" \/><img decoding=\"async\" src=\"https:\/\/agenciabrasil.ebc.com.br\/ebc.gif?id=1697170&amp;o=node\" \/><\/p>\n<p>Al\u00e9m disso, o governo brasileiro trabalha com a expectativa de uma nova sobretaxa de 12,5%, com a justificativa de que o Brasil, na vis\u00e3o norte-americana, n\u00e3o impede a importa\u00e7\u00e3o de produtos vindos de pa\u00edses que adotam o trabalho for\u00e7ado.<\/p>\n<p>No entanto, especialistas ouvidos pela Ag\u00eancia Brasil\u00a0discordam da avalia\u00e7\u00e3o americana e v\u00e3o al\u00e9m: o Brasil \u00e9 refer\u00eancia no combate ao trabalho for\u00e7ado e formas an\u00e1logas \u00e0 escravid\u00e3o.<\/p>\n<h2>Nova rodada de taxas<\/h2>\n<p>A taxa de 25% anunciada no \u00faltimo dia 15 \u00e9 justificada pelo governo de Washington que alega que o pa\u00eds falha em combater o desmatamento, a corrup\u00e7\u00e3o e utiliza o\u00a0<a href=\"https:\/\/agenciabrasil.ebc.com.br\/economia\/noticia\/2026-07\/modelo-do-pix-desafia-controle-financeiro-dos-eua-sobre-o-brasil\" target=\"_blank\" rel=\"noopener\">Pix<\/a>\u00a0para prejudicar empresas americanas, entre outras pr\u00e1ticas.<\/p>\n<p>O governo brasileiro rejeita as acusa\u00e7\u00f5es e se disp\u00f4s a lan\u00e7ar m\u00e3o da\u00a0<a href=\"https:\/\/agenciabrasil.ebc.com.br\/economia\/noticia\/2026-07\/entenda-lei-de-reciprocidade-que-o-brasil-pode-adotar-contra-os-eua\" target=\"_blank\" rel=\"noopener\">Lei de Reciprocidade<\/a>, como forma de resposta \u00e0 taxa\u00e7\u00e3o, classificada como \u201cinjusta\u201d.<\/p>\n<p>Enquanto a cobran\u00e7a n\u00e3o come\u00e7a, o governo d\u00e1 como certa nova tarifa de 12,5%. Em entrevista ao jornal\u00a0<em>Folha de S.Paulo<\/em>\u00a0na \u00faltima sexta-feira (17), o ministro do Desenvolvimento, Ind\u00fastria, Com\u00e9rcio e Servi\u00e7os, M\u00e1rcio Fernando Elias Rosa, declarou que a nova puni\u00e7\u00e3o deve ser publicada na sexta-feira (24).<\/p>\n<blockquote><p>\u201cVamos saber se ela ser\u00e1 cumulativa ou n\u00e3o. O Brasil corre risco de ter uma al\u00edquota de 37,5%\u201d, disse ao jornal.<\/p><\/blockquote>\n<h2>Alega\u00e7\u00e3o norte-americana<\/h2>\n<p>A prov\u00e1vel nova taxa\u00e7\u00e3o \u00e9 fundamentada em um\u00a0<a href=\"http:\/\/(https\/\/ustr.gov\/sites\/default\/files\/files\/Press\/Releases\/2026\/USTR%20Report%20Sec%20301%20FL%20301%206-2-26%20FINAL%20for%20upload.pdf?\" target=\"_blank\" rel=\"noopener\">relat\u00f3rio<\/a>\u00a0do Escrit\u00f3rio do Representante Comercial dos Estados Unidos (USTR, na sigla em ingl\u00eas) que investiga 59 pa\u00edses e a Uni\u00e3o Europeia.<\/p>\n<p>O escrit\u00f3rio norte-americano aponta que essas economias \u201cfalham em impor uma proibi\u00e7\u00e3o de importa\u00e7\u00e3o de bens produzidos com trabalho for\u00e7ado\u201d.<\/p>\n<p>Sobre o Brasil, o documento rejeita a argumenta\u00e7\u00e3o de que acordos internacionais co\u00edbem a importa\u00e7\u00e3o desses produtos.<\/p>\n<blockquote><p>&#8220;Embora o Brasil afirme proibir importa\u00e7\u00f5es produzidas com trabalho for\u00e7ado por meio de compromissos assumidos em acordos de investimento e de livre com\u00e9rcio, essas disposi\u00e7\u00f5es n\u00e3o pro\u00edbem juridicamente a importa\u00e7\u00e3o para o mercado interno de bens produzidos, total ou parcialmente, com trabalho for\u00e7ado em outro pa\u00eds\u201d, diz o texto do USTR de 2 de junho.<\/p><\/blockquote>\n<h2>Brasil rebate<\/h2>\n<p>Durante a investiga\u00e7\u00e3o, o Brasil forneceu \u00e0 Casa Branca informa\u00e7\u00f5es t\u00e9cnicas sobre o arcabou\u00e7o legal nacional para coibir importa\u00e7\u00f5es de bens produzidos por trabalho for\u00e7ado.<\/p>\n<p>Em 3 de junho, o governo brasileiro manifestou, por meio de nota, \u201cprofunda discord\u00e2ncia\u201d da conclus\u00e3o preliminar americana e classificou a medida como \u201cprotecionista\u201d, ou seja, uma defesa da economia dos Estados Unidos contra a concorr\u00eancia internacional.<\/p>\n<blockquote><p>\u201c\u00c9 lament\u00e1vel que tema t\u00e3o relevante como o da prote\u00e7\u00e3o de condi\u00e7\u00f5es dignas para milh\u00f5es de trabalhadores e trabalhadoras seja desvirtuado para servir de justificativa a medidas\u00a0 protecionistas unilaterais\u201d, diz o governo brasileiro.<\/p><\/blockquote>\n<p>O Brasil acrescentou que a Organiza\u00e7\u00e3o Internacional do Trabalho (OIT), ag\u00eancia especializada das Na\u00e7\u00f5es Unidas, reconhece h\u00e1 d\u00e9cadas o pa\u00eds como \u201crefer\u00eancia internacional no combate ao trabalho for\u00e7ado, gra\u00e7as \u00e0 combina\u00e7\u00e3o de fiscaliza\u00e7\u00e3o, responsabiliza\u00e7\u00e3o, coopera\u00e7\u00e3o institucional e compromisso pol\u00edtico\u201d.<\/p>\n<p>O Decreto 12.857, de fevereiro de 2026, formaliza a ades\u00e3o do Brasil \u00e0\u00a0<a href=\"https:\/\/www.in.gov.br\/en\/web\/dou\/-\/decreto-n-12.857-de-24-de-fevereiro-de-2026-688668798\" target=\"_blank\" rel=\"noopener\">Conven\u00e7\u00e3o n\u00ba 29 da OIT<\/a>\u00a0sobre o trabalho for\u00e7ado.\u00a0De todos os 187 pa\u00edses que fazem parte da organiza\u00e7\u00e3o,\u00a0<a href=\"https:\/\/normlex.ilo.org\/dyn\/nrmlx_en\/f?p=NORMLEXPUB:11310:0::NO::P11310_INSTRUMENT_ID:312174\" target=\"_blank\" rel=\"noopener\">apenas seis<\/a>\u00a0constam como n\u00e3o signat\u00e1rios da conven\u00e7\u00e3o, entre eles os Estados Unidos.<\/p>\n<p>O Brasil sustenta ainda que as autoridades aduaneiras, que atuam na entrada e sa\u00edda de mercadorias do pa\u00eds, det\u00eam compet\u00eancia legal para negar a entrada e confiscar qualquer mercadoria estrangeira que seja contr\u00e1ria \u00e0 moral p\u00fablica, aos bons costumes, \u00e0 sa\u00fade p\u00fablica ou \u00e0 ordem p\u00fablica.<\/p>\n<blockquote><p>\u201cQualquer bem produzido no todo ou em parte por trabalho for\u00e7ado enquadra-se nessa defini\u00e7\u00e3o\u201d, refor\u00e7a o comunicado.<\/p><\/blockquote>\n<p>CARIRI EM A\u00c7\u00c3O<\/p>\n<p>Com Ag\u00eancia Brasil<\/p>\n<\/div>\n<div class=\"subheader\">\n<div class=\"container-autoria\" style=\"text-align: center;\"><\/div>\n<\/div>\n","protected":false},"excerpt":{"rendered":"<p>Governo e especialistas classificam amea\u00e7a de taxa como protecionismo Nesta quarta-feira (22), parte dos produtos brasileiros vendidos aos Estados Unidos passa a ser taxada em 25%, resultado de uma\u00a0decis\u00e3o unilateral\u00a0do governo americano, que alega supostas pr\u00e1ticas desleais do Brasil no com\u00e9rcio internacional.\u00a0 Al\u00e9m disso, o governo brasileiro trabalha com a expectativa de uma nova sobretaxa de 12,5%, com a justificativa de que o Brasil, na vis\u00e3o norte-americana, n\u00e3o impede a importa\u00e7\u00e3o de produtos vindos de pa\u00edses que adotam o trabalho for\u00e7ado. No entanto, especialistas ouvidos pela Ag\u00eancia Brasil\u00a0discordam da avalia\u00e7\u00e3o americana e v\u00e3o al\u00e9m: o Brasil \u00e9 refer\u00eancia no combate ao trabalho for\u00e7ado e formas an\u00e1logas \u00e0 escravid\u00e3o. Nova rodada de taxas A taxa de 25% anunciada no \u00faltimo dia 15 \u00e9 justificada pelo governo de Washington que alega que o pa\u00eds falha em combater o desmatamento, a corrup\u00e7\u00e3o e utiliza o\u00a0Pix\u00a0para prejudicar empresas americanas, entre outras pr\u00e1ticas. O governo brasileiro rejeita as acusa\u00e7\u00f5es e se disp\u00f4s a lan\u00e7ar m\u00e3o da\u00a0Lei de Reciprocidade, como forma de resposta \u00e0 taxa\u00e7\u00e3o, classificada como \u201cinjusta\u201d. Enquanto a cobran\u00e7a n\u00e3o come\u00e7a, o governo d\u00e1 como certa nova tarifa de 12,5%. Em entrevista ao jornal\u00a0Folha de S.Paulo\u00a0na \u00faltima sexta-feira (17), o ministro do Desenvolvimento, Ind\u00fastria, Com\u00e9rcio e Servi\u00e7os, M\u00e1rcio Fernando Elias Rosa, declarou que a nova puni\u00e7\u00e3o deve ser publicada na sexta-feira (24). \u201cVamos saber se ela ser\u00e1 cumulativa ou n\u00e3o. O Brasil corre risco de ter uma al\u00edquota de 37,5%\u201d, disse ao jornal. Alega\u00e7\u00e3o norte-americana A prov\u00e1vel nova taxa\u00e7\u00e3o \u00e9 fundamentada em um\u00a0relat\u00f3rio\u00a0do Escrit\u00f3rio do Representante Comercial dos Estados Unidos (USTR, na sigla em ingl\u00eas) que investiga 59 pa\u00edses e a Uni\u00e3o Europeia. O escrit\u00f3rio norte-americano aponta que essas economias \u201cfalham em impor uma proibi\u00e7\u00e3o de importa\u00e7\u00e3o de bens produzidos com trabalho for\u00e7ado\u201d. Sobre o Brasil, o documento rejeita a argumenta\u00e7\u00e3o de que acordos internacionais co\u00edbem a importa\u00e7\u00e3o desses produtos. &#8220;Embora o Brasil afirme proibir importa\u00e7\u00f5es produzidas com trabalho for\u00e7ado por meio de compromissos assumidos em acordos de investimento e de livre com\u00e9rcio, essas disposi\u00e7\u00f5es n\u00e3o pro\u00edbem juridicamente a importa\u00e7\u00e3o para o mercado interno de bens produzidos, total ou parcialmente, com trabalho for\u00e7ado em outro pa\u00eds\u201d, diz o texto do USTR de 2 de junho. Brasil rebate Durante a investiga\u00e7\u00e3o, o Brasil forneceu \u00e0 Casa Branca informa\u00e7\u00f5es t\u00e9cnicas sobre o arcabou\u00e7o legal nacional para coibir importa\u00e7\u00f5es de bens produzidos por trabalho for\u00e7ado. Em 3 de junho, o governo brasileiro manifestou, por meio de nota, \u201cprofunda discord\u00e2ncia\u201d da conclus\u00e3o preliminar americana e classificou a medida como \u201cprotecionista\u201d, ou seja, uma defesa da economia dos Estados Unidos contra a concorr\u00eancia internacional. \u201c\u00c9 lament\u00e1vel que tema t\u00e3o relevante como o da prote\u00e7\u00e3o de condi\u00e7\u00f5es dignas para milh\u00f5es de trabalhadores e trabalhadoras seja desvirtuado para servir de justificativa a medidas\u00a0 protecionistas unilaterais\u201d, diz o governo brasileiro. O Brasil acrescentou que a Organiza\u00e7\u00e3o Internacional do Trabalho (OIT), ag\u00eancia especializada das Na\u00e7\u00f5es Unidas, reconhece h\u00e1 d\u00e9cadas o pa\u00eds como \u201crefer\u00eancia internacional no combate ao trabalho for\u00e7ado, gra\u00e7as \u00e0 combina\u00e7\u00e3o de fiscaliza\u00e7\u00e3o, responsabiliza\u00e7\u00e3o, coopera\u00e7\u00e3o institucional e compromisso pol\u00edtico\u201d. O Decreto 12.857, de fevereiro de 2026, formaliza a ades\u00e3o do Brasil \u00e0\u00a0Conven\u00e7\u00e3o n\u00ba 29 da OIT\u00a0sobre o trabalho for\u00e7ado.\u00a0De todos os 187 pa\u00edses que fazem parte da organiza\u00e7\u00e3o,\u00a0apenas seis\u00a0constam como n\u00e3o signat\u00e1rios da conven\u00e7\u00e3o, entre eles os Estados Unidos. O Brasil sustenta ainda que as autoridades aduaneiras, que atuam na entrada e sa\u00edda de mercadorias do pa\u00eds, det\u00eam compet\u00eancia legal para negar a entrada e confiscar qualquer mercadoria estrangeira que seja contr\u00e1ria \u00e0 moral p\u00fablica, aos bons costumes, \u00e0 sa\u00fade p\u00fablica ou \u00e0 ordem p\u00fablica. \u201cQualquer bem produzido no todo ou em parte por trabalho for\u00e7ado enquadra-se nessa defini\u00e7\u00e3o\u201d, refor\u00e7a o comunicado. CARIRI EM A\u00c7\u00c3O Com Ag\u00eancia Brasil<\/p>\n","protected":false},"author":6,"featured_media":317745,"comment_status":"closed","ping_status":"closed","sticky":false,"template":"","format":"standard","meta":{"sfsi_plus_gutenberg_text_before_share":"","sfsi_plus_gutenberg_show_text_before_share":"","sfsi_plus_gutenberg_icon_type":"","sfsi_plus_gutenberg_icon_alignemt":"","sfsi_plus_gutenburg_max_per_row":"","footnotes":""},"categories":[50],"tags":[],"class_list":["post-317744","post","type-post","status-publish","format-standard","has-post-thumbnail","hentry","category-destaque"],"_links":{"self":[{"href":"https:\/\/www.caririemacao.com\/1\/wp-json\/wp\/v2\/posts\/317744","targetHints":{"allow":["GET"]}}],"collection":[{"href":"https:\/\/www.caririemacao.com\/1\/wp-json\/wp\/v2\/posts"}],"about":[{"href":"https:\/\/www.caririemacao.com\/1\/wp-json\/wp\/v2\/types\/post"}],"author":[{"embeddable":true,"href":"https:\/\/www.caririemacao.com\/1\/wp-json\/wp\/v2\/users\/6"}],"replies":[{"embeddable":true,"href":"https:\/\/www.caririemacao.com\/1\/wp-json\/wp\/v2\/comments?post=317744"}],"version-history":[{"count":1,"href":"https:\/\/www.caririemacao.com\/1\/wp-json\/wp\/v2\/posts\/317744\/revisions"}],"predecessor-version":[{"id":317746,"href":"https:\/\/www.caririemacao.com\/1\/wp-json\/wp\/v2\/posts\/317744\/revisions\/317746"}],"wp:featuredmedia":[{"embeddable":true,"href":"https:\/\/www.caririemacao.com\/1\/wp-json\/wp\/v2\/media\/317745"}],"wp:attachment":[{"href":"https:\/\/www.caririemacao.com\/1\/wp-json\/wp\/v2\/media?parent=317744"}],"wp:term":[{"taxonomy":"category","embeddable":true,"href":"https:\/\/www.caririemacao.com\/1\/wp-json\/wp\/v2\/categories?post=317744"},{"taxonomy":"post_tag","embeddable":true,"href":"https:\/\/www.caririemacao.com\/1\/wp-json\/wp\/v2\/tags?post=317744"}],"curies":[{"name":"wp","href":"https:\/\/api.w.org\/{rel}","templated":true}]}}