{"id":31928,"date":"2017-10-29T14:21:03","date_gmt":"2017-10-29T17:21:03","guid":{"rendered":"http:\/\/caririemacao.com\/1\/?p=31928"},"modified":"2017-10-29T14:21:03","modified_gmt":"2017-10-29T17:21:03","slug":"dilma-em-mg-vamos-reverter-o-mal-que-fizeram-ao-pais","status":"publish","type":"post","link":"https:\/\/www.caririemacao.com\/1\/2017\/10\/29\/dilma-em-mg-vamos-reverter-o-mal-que-fizeram-ao-pais\/","title":{"rendered":"Dilma em MG: vamos reverter o mal que fizeram ao pa\u00eds"},"content":{"rendered":"<div class=\"default\">\n<p>Em discurso feito em Diamantina (MG), durante a passagem da caravana de Lula por munic\u00edpios mineiros, a presidenta deposta Dilma Rousseff disse que o Brasil tem um encontro marcado com a democracia, em 2018, e que o povo j\u00e1 tem um candidato, que conhece, no qual confia, e que se chama Lula.<\/p>\n<p>Dilma afirmou que o governo democr\u00e1tico e progressista que o povo vai eleger em 2018 vai reverter todos os males que o \u201cusurpador golpista que ocupa o Planalto\u201d fez e far\u00e1.<\/p>\n<p><strong>ALGUNS TRECHOS DO DISCURSO DE DILMA:<\/strong><\/p>\n<p>&#8220;Eu tenho muito orgulho de estar aqui com voc\u00eas porque aqui, no Vale do Jequitinhonha, n\u00f3s conseguimos fazer muitas transforma\u00e7\u00f5es.&#8221;<\/p>\n<p>&#8220;Tenho orgulho dessas transforma\u00e7\u00f5es e da capacidade desta imensa comunidade do Vale.&#8221;<\/p>\n<p>&#8220;Fizemos muito e os golpistas tentam nos tirar o que n\u00f3s fizemos. Mas seja o que for que este usurpador golpista tentar tirar de n\u00f3s, como a redu\u00e7\u00e3o do Bolsa Fam\u00edlia, n\u00e3o vai conseguir e n\u00e3o vai ser para sempre.&#8221;<\/p>\n<p>&#8220;Aquele presidente da C\u00e2mara que presidiu meu impeachment e hoje est\u00e1 preso em Curitiba, foi respons\u00e1vel por tirar R$ 40 bilh\u00f5es do or\u00e7amento da sa\u00fade do Brasil. N\u00f3s tivemos que enfrentar isto, trazendo 18 mil m\u00e9dicos ao Brasil, para atender 60 milh\u00f5es de pessoas. Mas fizemos mais e criamos faculdades de medicina no interior, como fizemos aqui no Vale do Jequitinhonha, para formar m\u00e9dicos brasileiros que queiram viver nas regi\u00f5es onde estudam.&#8221;<\/p>\n<p>&#8220;Tamb\u00e9m fico feliz de ver aqui o desenvolvimento da agricultura familiar. Isto tamb\u00e9m s\u00f3 aconteceu porque Lula fez programas como o Luz para Todos, porque sem energia n\u00e3o h\u00e1<br \/>\ndesenvolvimento, e n\u00f3s fizemos o programa de Cisternas, que garante \u00e1gua ao produtor.&#8221;<\/p>\n<p>&#8220;O usurpador golpista que ocupa o Planalto est\u00e1 tentando tirar essas conquistas de n\u00f3s.&#8221;<\/p>\n<p>&#8220;Mas n\u00f3s temos um encontro marcado com a democracia em 2018 e, neste encontro com a democracia, n\u00f3s temos que tirar do mapa do Brasil esta vergonha, que desrespeitou 54 milh\u00f5es de votos.&#8221;<\/p>\n<p>&#8220;Vamos reverter tudo o que eles fizeram de mau com com o nosso pa\u00eds.&#8221;<\/p>\n<p>&#8220;N\u00f3s temos um candidato para isto, que o povo conhece e sabe de sua capacidade. N\u00f3s temos o Lula.&#8221;<\/p>\n<p>&#8220;Eles est\u00e3o \u00f3rf\u00e3os de candidatos. At\u00e9 porque os que eles tinham, e que Lula e eu j\u00e1 hav\u00edamos vencido nas urnas, est\u00e3o muito baleados.&#8221;<\/p>\n<p>&#8220;Vamos perseguir esta oportunidade que n\u00f3s temos. Fazer voltar aquilo que eles tiraram de n\u00f3s, preservar o que for mantido e avan\u00e7ar.&#8221;<\/p>\n<p>&#8220;N\u00e3o posso encerrar sem me dirigir \u00e0s mulheres deste pa\u00eds, lembrando que eu tenho obriga\u00e7\u00e3o de honrar e de lutar por elas.&#8221;<\/p>\n<\/div>\n<div>\n<p><strong>CARIRI EM A\u00c7\u00c3O<\/strong><\/p>\n<p><em>Com\u00a0<\/em>Brasil 247<em>\/Foto: Google\u00a0\u00a0 <\/em><\/p>\n<p><strong>Leia mais not\u00edcias em\u00a0<\/strong><a href=\"http:\/\/www.caririemacao.com\/\"><strong>caririemacao.com<\/strong><\/a><strong>, siga nossa p\u00e1gina no\u00a0<\/strong><a href=\"https:\/\/www.facebook.com\/CaririEmAcao\/?ref=aymt_homepage_panel\"><strong>Facebook<\/strong><\/a>,<strong>\u00a0<\/strong><a href=\"https:\/\/www.instagram.com\/cariri_em_acao\/?hl=pt-br\"><strong>Instagram<\/strong><\/a><strong>\u00a0e <\/strong><a href=\"https:\/\/www.youtube.com\/channel\/UCAptA0jQuYQy8vMhLt2m4qg\"><strong>Youtube<\/strong><\/a><strong>\u00a0e veja nossas mat\u00e9rias, v\u00eddeos e fotos. Voc\u00ea tamb\u00e9m pode enviar informa\u00e7\u00f5es \u00e0 Reda\u00e7\u00e3o do Portal Cariri em A\u00e7\u00e3o pelo WhatsApp (83) 9 9634.5791, (83) 9 9601-1162.<\/strong><\/p>\n<\/div>\n","protected":false},"excerpt":{"rendered":"<p>Em discurso feito em Diamantina (MG), durante a passagem da caravana de Lula por munic\u00edpios mineiros, a presidenta deposta Dilma Rousseff disse que o Brasil&hellip; <\/p>\n","protected":false},"author":2,"featured_media":31929,"comment_status":"closed","ping_status":"closed","sticky":false,"template":"","format":"standard","meta":{"sfsi_plus_gutenberg_text_before_share":"","sfsi_plus_gutenberg_show_text_before_share":"","sfsi_plus_gutenberg_icon_type":"","sfsi_plus_gutenberg_icon_alignemt":"","sfsi_plus_gutenburg_max_per_row":"","footnotes":""},"categories":[11],"tags":[],"class_list":["post-31928","post","type-post","status-publish","format-standard","has-post-thumbnail","hentry","category-politica"],"_links":{"self":[{"href":"https:\/\/www.caririemacao.com\/1\/wp-json\/wp\/v2\/posts\/31928","targetHints":{"allow":["GET"]}}],"collection":[{"href":"https:\/\/www.caririemacao.com\/1\/wp-json\/wp\/v2\/posts"}],"about":[{"href":"https:\/\/www.caririemacao.com\/1\/wp-json\/wp\/v2\/types\/post"}],"author":[{"embeddable":true,"href":"https:\/\/www.caririemacao.com\/1\/wp-json\/wp\/v2\/users\/2"}],"replies":[{"embeddable":true,"href":"https:\/\/www.caririemacao.com\/1\/wp-json\/wp\/v2\/comments?post=31928"}],"version-history":[{"count":0,"href":"https:\/\/www.caririemacao.com\/1\/wp-json\/wp\/v2\/posts\/31928\/revisions"}],"wp:featuredmedia":[{"embeddable":true,"href":"https:\/\/www.caririemacao.com\/1\/wp-json\/wp\/v2\/media\/31929"}],"wp:attachment":[{"href":"https:\/\/www.caririemacao.com\/1\/wp-json\/wp\/v2\/media?parent=31928"}],"wp:term":[{"taxonomy":"category","embeddable":true,"href":"https:\/\/www.caririemacao.com\/1\/wp-json\/wp\/v2\/categories?post=31928"},{"taxonomy":"post_tag","embeddable":true,"href":"https:\/\/www.caririemacao.com\/1\/wp-json\/wp\/v2\/tags?post=31928"}],"curies":[{"name":"wp","href":"https:\/\/api.w.org\/{rel}","templated":true}]}}