{"id":31934,"date":"2017-10-29T14:23:32","date_gmt":"2017-10-29T17:23:32","guid":{"rendered":"http:\/\/caririemacao.com\/1\/?p=31934"},"modified":"2017-10-29T14:23:32","modified_gmt":"2017-10-29T17:23:32","slug":"anvisa-suspende-6-medicamentos-apos-inspecao-nas-fabricas-estrangeiras","status":"publish","type":"post","link":"https:\/\/www.caririemacao.com\/1\/2017\/10\/29\/anvisa-suspende-6-medicamentos-apos-inspecao-nas-fabricas-estrangeiras\/","title":{"rendered":"Anvisa suspende 6 medicamentos ap\u00f3s inspe\u00e7\u00e3o nas f\u00e1bricas estrangeiras"},"content":{"rendered":"<p>A Ag\u00eancia Nacional de Vigil\u00e2ncia Sanit\u00e1ria (Anvisa) suspendeu, na \u00faltima quinta-feira (26), seis medicamentos de fabrica\u00e7\u00e3o estrangeira comercializados no Brasil. A suspens\u00e3o aconteceu depois de uma fiscaliza\u00e7\u00e3o realizada em dois produtores nas f\u00e1bricas localizadas na Alemanha e no M\u00e9xico.<\/p>\n<p>Nos locais, as condi\u00e7\u00f5es de funcionamento e Boas Pr\u00e1ticas de Fabrica\u00e7\u00e3o dos medicamentos continham problemas, conforme inspe\u00e7\u00f5es internacionais feitas pela ag\u00eancia. Com a medida, a importa\u00e7\u00e3o, com\u00e9rcio e uso dos medicamentos estar\u00e3o suspensos pela Anvisa \u201cat\u00e9 que os fabricantes corrijam os problemas identificados\u201d, conforme ressaltou a ag\u00eancia via comunicado no site.<\/p>\n<p>Confira os medicamentos suspensos:<\/p>\n<p>Flumazenil 0,1 mg\/mL, solu\u00e7\u00e3o injet\u00e1vel. Para que \u00e9 indicado? De acordo com informa\u00e7\u00f5es da pr\u00f3pria Anvisa, o Flumenazil \u00e9 indicado para reverter completa ou parcialmente os efeitos sedativos centrais dos medicamentos benzodiazep\u00ednicos. \u00c9 usado em anestesia e em unidades de terapia intensiva.<\/p>\n<p>BONAR (sulfato de bleomicina) p\u00f3 liofilizado. Para que \u00e9 indicado? O medicamento \u00e9 indicado no tratamento paliativo de diferentes carcinomas e linfomas, conforme dados da Anvisa, como agente \u00fanico ou associado a outros medicamentos quimioter\u00e1picos.<\/p>\n<p>Tevableo (sulfato de bleomicina, p\u00f3 liofilizado). Para que \u00e9 indicado? Tamb\u00e9m indicado contra c\u00e2nceres, o Tevableo \u00e9 muito utilizado para tratar carcinomas e linfomas, como agente \u00fanico ou em associa\u00e7\u00e3o a outros quimioter\u00e1picos, segundo a pr\u00f3pria ag\u00eancia.<\/p>\n<p>Tevaetopo (etopos\u00eddeo, solu\u00e7\u00e3o injet\u00e1vel). Para que \u00e9 indicado? Indicado ao tratamento de carcinomas de pequenas c\u00e9lulas de pulm\u00e3o; leucemia aguda monoc\u00edtica e mielomonoc\u00edtica; Doen\u00e7a de Hodgkin; Linfoma n\u00e3o-Hodgkin; tumores testiculares e tumores testiculares refrat\u00e1rios, conforme Anvisa.<\/p>\n<p>Tevairinot (cloridrato de irinotecano triidratado, solu\u00e7\u00e3o injet\u00e1vel). Para que \u00e9 indicado? Dentre diferentes doen\u00e7as, o medicamento \u00e9 indicado no tratamento contra Carcinoma metast\u00e1tico do c\u00f3lon ou reto n\u00e3o tratado previamente; Carcinoma metast\u00e1tico do c\u00f3lon ou reto que tenha recorrido (voltado) ou progredido (piorado) ap\u00f3s terapia anterior com 5-fluoruracila; Neoplasia pulmonar de c\u00e9lulas pequenas e n\u00e3o pequenas; Neoplasia de colo de \u00fatero; Neoplasia de ov\u00e1rio; Neoplasia g\u00e1strica recorrente ou inoper\u00e1vel, segundo a Anvisa.<\/p>\n<p>Tevavinor (tartarato de vinorelbina, solu\u00e7\u00e3o injet\u00e1vel). Para que \u00e9 indicado? Medicamento indicado no tratamento da recidiva de c\u00e2ncer de mama.<\/p>\n<p><strong>CARIRI EM A\u00c7\u00c3O<\/strong><\/p>\n<p><em>Com Gazeta do Povo \/Foto: Google\u00a0\u00a0 <\/em><\/p>\n<p><strong>Leia mais not\u00edcias em\u00a0<\/strong><a href=\"http:\/\/www.caririemacao.com\/\"><strong>caririemacao.com<\/strong><\/a><strong>, siga nossa p\u00e1gina no\u00a0<\/strong><a href=\"https:\/\/www.facebook.com\/CaririEmAcao\/?ref=aymt_homepage_panel\"><strong>Facebook<\/strong><\/a>,<strong>\u00a0<\/strong><a href=\"https:\/\/www.instagram.com\/cariri_em_acao\/?hl=pt-br\"><strong>Instagram<\/strong><\/a><strong>\u00a0e <\/strong><a href=\"https:\/\/www.youtube.com\/channel\/UCAptA0jQuYQy8vMhLt2m4qg\"><strong>Youtube<\/strong><\/a><strong>\u00a0e veja nossas mat\u00e9rias, v\u00eddeos e fotos. Voc\u00ea tamb\u00e9m pode enviar informa\u00e7\u00f5es \u00e0 Reda\u00e7\u00e3o do Portal Cariri em A\u00e7\u00e3o pelo WhatsApp (83) 9 9634.5791, (83) 9 9601-1162.<\/strong><\/p>\n","protected":false},"excerpt":{"rendered":"<p>A Ag\u00eancia Nacional de Vigil\u00e2ncia Sanit\u00e1ria (Anvisa) suspendeu, na \u00faltima quinta-feira (26), seis medicamentos de fabrica\u00e7\u00e3o estrangeira comercializados no Brasil. A suspens\u00e3o aconteceu depois de&hellip; <\/p>\n","protected":false},"author":2,"featured_media":31935,"comment_status":"closed","ping_status":"closed","sticky":false,"template":"","format":"standard","meta":{"sfsi_plus_gutenberg_text_before_share":"","sfsi_plus_gutenberg_show_text_before_share":"","sfsi_plus_gutenberg_icon_type":"","sfsi_plus_gutenberg_icon_alignemt":"","sfsi_plus_gutenburg_max_per_row":"","footnotes":""},"categories":[16],"tags":[],"class_list":["post-31934","post","type-post","status-publish","format-standard","has-post-thumbnail","hentry","category-saude"],"_links":{"self":[{"href":"https:\/\/www.caririemacao.com\/1\/wp-json\/wp\/v2\/posts\/31934","targetHints":{"allow":["GET"]}}],"collection":[{"href":"https:\/\/www.caririemacao.com\/1\/wp-json\/wp\/v2\/posts"}],"about":[{"href":"https:\/\/www.caririemacao.com\/1\/wp-json\/wp\/v2\/types\/post"}],"author":[{"embeddable":true,"href":"https:\/\/www.caririemacao.com\/1\/wp-json\/wp\/v2\/users\/2"}],"replies":[{"embeddable":true,"href":"https:\/\/www.caririemacao.com\/1\/wp-json\/wp\/v2\/comments?post=31934"}],"version-history":[{"count":0,"href":"https:\/\/www.caririemacao.com\/1\/wp-json\/wp\/v2\/posts\/31934\/revisions"}],"wp:featuredmedia":[{"embeddable":true,"href":"https:\/\/www.caririemacao.com\/1\/wp-json\/wp\/v2\/media\/31935"}],"wp:attachment":[{"href":"https:\/\/www.caririemacao.com\/1\/wp-json\/wp\/v2\/media?parent=31934"}],"wp:term":[{"taxonomy":"category","embeddable":true,"href":"https:\/\/www.caririemacao.com\/1\/wp-json\/wp\/v2\/categories?post=31934"},{"taxonomy":"post_tag","embeddable":true,"href":"https:\/\/www.caririemacao.com\/1\/wp-json\/wp\/v2\/tags?post=31934"}],"curies":[{"name":"wp","href":"https:\/\/api.w.org\/{rel}","templated":true}]}}