{"id":31937,"date":"2017-10-29T14:25:12","date_gmt":"2017-10-29T17:25:12","guid":{"rendered":"http:\/\/caririemacao.com\/1\/?p=31937"},"modified":"2017-10-29T14:25:12","modified_gmt":"2017-10-29T17:25:12","slug":"rodrigo-maia-alerta-temer-que-governo-corre-risco-de-derrota-ate-em-mps","status":"publish","type":"post","link":"https:\/\/www.caririemacao.com\/1\/2017\/10\/29\/rodrigo-maia-alerta-temer-que-governo-corre-risco-de-derrota-ate-em-mps\/","title":{"rendered":"Rodrigo Maia alerta Temer que governo corre risco de derrota at\u00e9 em MPs"},"content":{"rendered":"<section class=\"post-content\">Em conversa reservada na \u00faltima quinta-feira (27), no Pal\u00e1cio do Planalto, o presidente da C\u00e2mara, deputado Rodrigo Maia (DEM-RJ), alertou o presidente Michel Temer de que o cen\u00e1rio \u00e9 de muita dificuldade na base aliada. E que o governo corre risco de ser derrotado em plen\u00e1rio at\u00e9 mesmo em vota\u00e7\u00f5es de medidas provis\u00f3rias.<\/p>\n<p>De forma reservada, Maia tem dito de forma clara que \u00e9 um erro o governo pensar que o placar da vit\u00f3ria na\u00a0vota\u00e7\u00e3o que arquivou a segunda den\u00fancia\u00a0contra Temer na quarta-feira (25) reflete a for\u00e7a do governo.<\/p>\n<p>Articuladores pol\u00edticos chegaram a dizer que, al\u00e9m dos 251 votos, Temer tamb\u00e9m teria o apoio dos ausentes. \u201cIsso n\u00e3o reflete a realidade da base\u201d, confidenciou Maia a interlocutores.<\/p>\n<p>O presidente da C\u00e2mara tem defendido uma reforma ministerial que contemple o novo mapa de for\u00e7as pol\u00edticas que resultou da vota\u00e7\u00e3o da segunda den\u00fancia. E chegou a falar para integrantes do n\u00facleo do Pal\u00e1cio do Planalto que seria um grande erro deixar para mar\u00e7o de 2018 a reforma ministerial.<\/p>\n<p>Para mais de um interlocutor, Maia defendeu uma mudan\u00e7a imediata no primeiro escal\u00e3o para contemplar aliados e diminuir as insatisfa\u00e7\u00f5es.<\/p>\n<p>\u201cTudo agora vai depender de Temer. A insatisfa\u00e7\u00e3o \u00e9 enorme. Se quiser aprovar uma agenda m\u00ednima, ter\u00e1 que atuar\u201d, desabafou o presidente da C\u00e2mara numa conversa pouco antes de embarcar para a\u00a0viagem de uma semana ao exterior, na noite desta sexta-feira (27).<\/p>\n<p>E foi al\u00e9m: disse que o governo pode ser surpreendido j\u00e1 na vota\u00e7\u00e3o das medidas provis\u00f3rias do ajuste fiscal. Segundo ele, o cen\u00e1rio \u00e9 de derrota do Pal\u00e1cio do Planalto. Ele sugeriu ao governo enviar todas as mat\u00e9rias do pacote de ajuste fiscal por meio de projeto de lei. Mas a equipe econ\u00f4mica resiste.<\/p>\n<p><strong>CARIRI EM A\u00c7\u00c3O<\/strong><\/p>\n<p><em>Com G1 \/Foto: Google\u00a0\u00a0 <\/em><\/p>\n<p><strong>Leia mais not\u00edcias em\u00a0<\/strong><a href=\"http:\/\/www.caririemacao.com\/\"><strong>caririemacao.com<\/strong><\/a><strong>, siga nossa p\u00e1gina no\u00a0<\/strong><a href=\"https:\/\/www.facebook.com\/CaririEmAcao\/?ref=aymt_homepage_panel\"><strong>Facebook<\/strong><\/a>,<strong>\u00a0<\/strong><a href=\"https:\/\/www.instagram.com\/cariri_em_acao\/?hl=pt-br\"><strong>Instagram<\/strong><\/a><strong>\u00a0e <\/strong><a href=\"https:\/\/www.youtube.com\/channel\/UCAptA0jQuYQy8vMhLt2m4qg\"><strong>Youtube<\/strong><\/a><strong>\u00a0e veja nossas mat\u00e9rias, v\u00eddeos e fotos. Voc\u00ea tamb\u00e9m pode enviar informa\u00e7\u00f5es \u00e0 Reda\u00e7\u00e3o do Portal Cariri em A\u00e7\u00e3o pelo WhatsApp (83) 9 9634.5791, (83) 9 9601-1162.<\/strong><\/p>\n<\/section>\n<div class=\"td-a-rec td-a-rec-id-content_bottom \">\n<div class=\"td-all-devices\"><\/div>\n<\/div>\n","protected":false},"excerpt":{"rendered":"<p>Em conversa reservada na \u00faltima quinta-feira (27), no Pal\u00e1cio do Planalto, o presidente da C\u00e2mara, deputado Rodrigo Maia (DEM-RJ), alertou o presidente Michel Temer de&hellip; <\/p>\n","protected":false},"author":2,"featured_media":27272,"comment_status":"closed","ping_status":"closed","sticky":false,"template":"","format":"standard","meta":{"sfsi_plus_gutenberg_text_before_share":"","sfsi_plus_gutenberg_show_text_before_share":"","sfsi_plus_gutenberg_icon_type":"","sfsi_plus_gutenberg_icon_alignemt":"","sfsi_plus_gutenburg_max_per_row":"","footnotes":""},"categories":[11],"tags":[],"class_list":["post-31937","post","type-post","status-publish","format-standard","has-post-thumbnail","hentry","category-politica"],"_links":{"self":[{"href":"https:\/\/www.caririemacao.com\/1\/wp-json\/wp\/v2\/posts\/31937","targetHints":{"allow":["GET"]}}],"collection":[{"href":"https:\/\/www.caririemacao.com\/1\/wp-json\/wp\/v2\/posts"}],"about":[{"href":"https:\/\/www.caririemacao.com\/1\/wp-json\/wp\/v2\/types\/post"}],"author":[{"embeddable":true,"href":"https:\/\/www.caririemacao.com\/1\/wp-json\/wp\/v2\/users\/2"}],"replies":[{"embeddable":true,"href":"https:\/\/www.caririemacao.com\/1\/wp-json\/wp\/v2\/comments?post=31937"}],"version-history":[{"count":0,"href":"https:\/\/www.caririemacao.com\/1\/wp-json\/wp\/v2\/posts\/31937\/revisions"}],"wp:featuredmedia":[{"embeddable":true,"href":"https:\/\/www.caririemacao.com\/1\/wp-json\/wp\/v2\/media\/27272"}],"wp:attachment":[{"href":"https:\/\/www.caririemacao.com\/1\/wp-json\/wp\/v2\/media?parent=31937"}],"wp:term":[{"taxonomy":"category","embeddable":true,"href":"https:\/\/www.caririemacao.com\/1\/wp-json\/wp\/v2\/categories?post=31937"},{"taxonomy":"post_tag","embeddable":true,"href":"https:\/\/www.caririemacao.com\/1\/wp-json\/wp\/v2\/tags?post=31937"}],"curies":[{"name":"wp","href":"https:\/\/api.w.org\/{rel}","templated":true}]}}