{"id":31938,"date":"2017-10-29T14:27:19","date_gmt":"2017-10-29T17:27:19","guid":{"rendered":"http:\/\/caririemacao.com\/1\/?p=31938"},"modified":"2017-10-29T14:27:19","modified_gmt":"2017-10-29T17:27:19","slug":"governo-federal-autoriza-liberacao-de-recursos-para-barragem-de-camalau","status":"publish","type":"post","link":"https:\/\/www.caririemacao.com\/1\/2017\/10\/29\/governo-federal-autoriza-liberacao-de-recursos-para-barragem-de-camalau\/","title":{"rendered":"Governo Federal autoriza libera\u00e7\u00e3o de recursos para Barragem de Camala\u00fa"},"content":{"rendered":"<p>O Governo Federal autorizou a libera\u00e7\u00e3o de recursos para as obras na Barragem de Camala\u00fa, que inclui recupera\u00e7\u00e3o, automa\u00e7\u00e3o e moderniza\u00e7\u00e3o do equipamento.<\/p>\n<p>Segundo o senador Jos\u00e9 Maranh\u00e3o (PMDB), a obra vai perenizar o Rio Para\u00edba chegando at\u00e9 a Barragem de Boqueir\u00e3o, levando benef\u00edcio para Campina Grande e outros 18 munic\u00edpios do compartimento da Borborema.<\/p>\n<p>A coordena\u00e7\u00e3o do DNOCS na Para\u00edba informou que a reestrutura\u00e7\u00e3o vai custar R$ 10,7 milh\u00f5es e j\u00e1 foi licitada. Ela faz parte da segunda etapa do Programa Integrado do S\u00e3o Francisco.<\/p>\n<p><strong>CARIRI EM A\u00c7\u00c3O<\/strong><\/p>\n<p><em>Com MaisPB\/Foto: Google\u00a0\u00a0 <\/em><\/p>\n<p><strong>Leia mais not\u00edcias em\u00a0<\/strong><a href=\"http:\/\/www.caririemacao.com\/\"><strong>caririemacao.com<\/strong><\/a><strong>, siga nossa p\u00e1gina no\u00a0<\/strong><a href=\"https:\/\/www.facebook.com\/CaririEmAcao\/?ref=aymt_homepage_panel\"><strong>Facebook<\/strong><\/a>,<strong>\u00a0<\/strong><a href=\"https:\/\/www.instagram.com\/cariri_em_acao\/?hl=pt-br\"><strong>Instagram<\/strong><\/a><strong>\u00a0e <\/strong><a href=\"https:\/\/www.youtube.com\/channel\/UCAptA0jQuYQy8vMhLt2m4qg\"><strong>Youtube<\/strong><\/a><strong>\u00a0e veja nossas mat\u00e9rias, v\u00eddeos e fotos. Voc\u00ea tamb\u00e9m pode enviar informa\u00e7\u00f5es \u00e0 Reda\u00e7\u00e3o do Portal Cariri em A\u00e7\u00e3o pelo WhatsApp (83) 9 9634.5791, (83) 9 9601-1162.<\/strong><\/p>\n","protected":false},"excerpt":{"rendered":"<p>O Governo Federal autorizou a libera\u00e7\u00e3o de recursos para as obras na Barragem de Camala\u00fa, que inclui recupera\u00e7\u00e3o, automa\u00e7\u00e3o e moderniza\u00e7\u00e3o do equipamento. Segundo o&hellip; <\/p>\n","protected":false},"author":2,"featured_media":16661,"comment_status":"closed","ping_status":"closed","sticky":false,"template":"","format":"standard","meta":{"sfsi_plus_gutenberg_text_before_share":"","sfsi_plus_gutenberg_show_text_before_share":"","sfsi_plus_gutenberg_icon_type":"","sfsi_plus_gutenberg_icon_alignemt":"","sfsi_plus_gutenburg_max_per_row":"","footnotes":""},"categories":[6],"tags":[],"class_list":["post-31938","post","type-post","status-publish","format-standard","has-post-thumbnail","hentry","category-cidades"],"_links":{"self":[{"href":"https:\/\/www.caririemacao.com\/1\/wp-json\/wp\/v2\/posts\/31938","targetHints":{"allow":["GET"]}}],"collection":[{"href":"https:\/\/www.caririemacao.com\/1\/wp-json\/wp\/v2\/posts"}],"about":[{"href":"https:\/\/www.caririemacao.com\/1\/wp-json\/wp\/v2\/types\/post"}],"author":[{"embeddable":true,"href":"https:\/\/www.caririemacao.com\/1\/wp-json\/wp\/v2\/users\/2"}],"replies":[{"embeddable":true,"href":"https:\/\/www.caririemacao.com\/1\/wp-json\/wp\/v2\/comments?post=31938"}],"version-history":[{"count":0,"href":"https:\/\/www.caririemacao.com\/1\/wp-json\/wp\/v2\/posts\/31938\/revisions"}],"wp:featuredmedia":[{"embeddable":true,"href":"https:\/\/www.caririemacao.com\/1\/wp-json\/wp\/v2\/media\/16661"}],"wp:attachment":[{"href":"https:\/\/www.caririemacao.com\/1\/wp-json\/wp\/v2\/media?parent=31938"}],"wp:term":[{"taxonomy":"category","embeddable":true,"href":"https:\/\/www.caririemacao.com\/1\/wp-json\/wp\/v2\/categories?post=31938"},{"taxonomy":"post_tag","embeddable":true,"href":"https:\/\/www.caririemacao.com\/1\/wp-json\/wp\/v2\/tags?post=31938"}],"curies":[{"name":"wp","href":"https:\/\/api.w.org\/{rel}","templated":true}]}}