{"id":320408,"date":"2026-08-25T16:25:07","date_gmt":"2026-08-25T19:25:07","guid":{"rendered":"https:\/\/www.caririemacao.com\/1\/?p=320408"},"modified":"2026-08-25T16:25:07","modified_gmt":"2026-08-25T19:25:07","slug":"cidade-na-grande-joao-pessoa-recebera-quase-r-1-milhao-para-reparar-danos-apos-chuvas","status":"publish","type":"post","link":"https:\/\/www.caririemacao.com\/1\/2026\/08\/25\/cidade-na-grande-joao-pessoa-recebera-quase-r-1-milhao-para-reparar-danos-apos-chuvas\/","title":{"rendered":"Cidade na Grande Jo\u00e3o Pessoa receber\u00e1 quase R$ 1 milh\u00e3o para reparar danos ap\u00f3s chuvas"},"content":{"rendered":"<p>O Minist\u00e9rio da Integra\u00e7\u00e3o e do Desenvolvimento Regional (MIDR) autorizou, nesta ter\u00e7a-feira (25) um repasse financeiro para a cidade de Bayeux, na Grande Jo\u00e3o Pessoa. De acordo com o \u00f3rg\u00e3o, o munic\u00edpio paraibano est\u00e1 com situa\u00e7\u00e3o de emerg\u00eancia desde maio, ap\u00f3s as fortes chuvas que atingiram o estado.<\/p>\n<p>A partir de agora, a prefeitura contar\u00e1 com R$ 925.936,33 para execu\u00e7\u00e3o de a\u00e7\u00f5es de Prote\u00e7\u00e3o e Defesa Civil, como compra de\u00a0itens de assist\u00eancia humanit\u00e1ria. O prazo para a utiliza\u00e7\u00e3o dos recursos ser\u00e1 de 365 dias, a partir desta ter\u00e7a (25).<\/p>\n<p>De acordo com o Sistema Integrado de Informa\u00e7\u00e3o de Desastres, a Para\u00edba tem 144 reconhecimentos vigentes, sendo 105 por estiagem, 37 por chuvas intensas, um por deslizamento e outro por alagamento.<\/p>\n<p><strong><a href=\"https:\/\/whatsapp.com\/channel\/0029VaM11seEFeXpuU94Sz2i\" target=\"_blank\" rel=\"noopener\"><\/a><\/strong><\/p>\n<p><em>Fonte: Portal Correio<\/em><\/p>\n","protected":false},"excerpt":{"rendered":"<p>O Minist\u00e9rio da Integra\u00e7\u00e3o e do Desenvolvimento Regional (MIDR) autorizou, nesta ter\u00e7a-feira (25) um repasse financeiro para a cidade de Bayeux, na Grande Jo\u00e3o Pessoa. De acordo com o \u00f3rg\u00e3o, o munic\u00edpio paraibano est\u00e1 com situa\u00e7\u00e3o de emerg\u00eancia desde maio, ap\u00f3s as fortes chuvas que atingiram o estado. A partir de agora, a prefeitura contar\u00e1 [\u2026]<\/p>\n","protected":false},"author":0,"featured_media":320409,"comment_status":"closed","ping_status":"closed","sticky":false,"template":"","format":"standard","meta":{"sfsi_plus_gutenberg_text_before_share":"","sfsi_plus_gutenberg_show_text_before_share":"","sfsi_plus_gutenberg_icon_type":"","sfsi_plus_gutenberg_icon_alignemt":"","sfsi_plus_gutenburg_max_per_row":"","footnotes":""},"categories":[104],"tags":[],"class_list":["post-320408","post","type-post","status-publish","format-standard","has-post-thumbnail","hentry","category-paraiba"],"_links":{"self":[{"href":"https:\/\/www.caririemacao.com\/1\/wp-json\/wp\/v2\/posts\/320408","targetHints":{"allow":["GET"]}}],"collection":[{"href":"https:\/\/www.caririemacao.com\/1\/wp-json\/wp\/v2\/posts"}],"about":[{"href":"https:\/\/www.caririemacao.com\/1\/wp-json\/wp\/v2\/types\/post"}],"replies":[{"embeddable":true,"href":"https:\/\/www.caririemacao.com\/1\/wp-json\/wp\/v2\/comments?post=320408"}],"version-history":[{"count":1,"href":"https:\/\/www.caririemacao.com\/1\/wp-json\/wp\/v2\/posts\/320408\/revisions"}],"predecessor-version":[{"id":320410,"href":"https:\/\/www.caririemacao.com\/1\/wp-json\/wp\/v2\/posts\/320408\/revisions\/320410"}],"wp:featuredmedia":[{"embeddable":true,"href":"https:\/\/www.caririemacao.com\/1\/wp-json\/wp\/v2\/media\/320409"}],"wp:attachment":[{"href":"https:\/\/www.caririemacao.com\/1\/wp-json\/wp\/v2\/media?parent=320408"}],"wp:term":[{"taxonomy":"category","embeddable":true,"href":"https:\/\/www.caririemacao.com\/1\/wp-json\/wp\/v2\/categories?post=320408"},{"taxonomy":"post_tag","embeddable":true,"href":"https:\/\/www.caririemacao.com\/1\/wp-json\/wp\/v2\/tags?post=320408"}],"curies":[{"name":"wp","href":"https:\/\/api.w.org\/{rel}","templated":true}]}}