{"id":320411,"date":"2026-08-25T17:26:50","date_gmt":"2026-08-25T20:26:50","guid":{"rendered":"https:\/\/www.caririemacao.com\/1\/?p=320411"},"modified":"2026-08-25T17:26:50","modified_gmt":"2026-08-25T20:26:50","slug":"homem-e-morto-a-tiros-por-suspeitos-em-motocicleta-na-zona-sul-de-joao-pessoa","status":"publish","type":"post","link":"https:\/\/www.caririemacao.com\/1\/2026\/08\/25\/homem-e-morto-a-tiros-por-suspeitos-em-motocicleta-na-zona-sul-de-joao-pessoa\/","title":{"rendered":"Homem \u00e9 morto a tiros por suspeitos em motocicleta na Zona Sul de Jo\u00e3o Pessoa"},"content":{"rendered":"<p>Corpo dever\u00e1 ser levado para o Instituto de Pol\u00edcia Cient\u00edfica de Jo\u00e3o Pessoa (IPC)<br \/>\nLuana Silva\/g1<br \/>\nUm homem de 28 anos foi morto a tiros na tarde desta ter\u00e7a-feira (25), no bairro de Gramame, na Zona Sul de Jo\u00e3o Pessoa. A v\u00edtima foi identificada como Sony Anderson da Silva. De acordo com a Pol\u00edcia Militar, testemunhas relataram que homens em uma motocicleta se aproximaram da v\u00edtima e efetuaram os disparos.<\/p>\n<p>O Servi\u00e7o de Atendimento M\u00f3vel de Urg\u00eancia (Samu) foi acionado e constatou a morte de Sony Anderson ainda no local. Segundo a PM, a v\u00edtima j\u00e1 havia cumprido pena por roubo e furto qualificado. O caso dever\u00e1 ser investigado pela Pol\u00edcia Civil.<\/p>\n<p>At\u00e9 a \u00faltima atualiza\u00e7\u00e3o desta reportagem, nenhum suspeito havia sido preso. Agora no g1<br \/>\nV\u00eddeos mais assistidos do g1 Para\u00edba<\/p>\n<p><em>Fonte: G1 Para\u00edba<\/em><\/p>\n","protected":false},"excerpt":{"rendered":"<p>Corpo dever\u00e1 ser levado para o Instituto de Pol\u00edcia Cient\u00edfica de Jo\u00e3o Pessoa (IPC) Luana Silva\/g1 Um homem de 28 anos foi morto a tiros na tarde desta ter\u00e7a-feira (25), no bairro de Gramame, na Zona Sul de Jo\u00e3o Pessoa. A v\u00edtima foi identificada como Sony Anderson da Silva. &#x2705; Clique aqui para seguir o canal do g1 PB no WhatsApp De acordo com a Pol\u00edcia Militar, testemunhas relataram que homens em uma motocicleta se aproximaram da v\u00edtima e efetuaram os disparos. O Servi\u00e7o de Atendimento M\u00f3vel de Urg\u00eancia (Samu) foi acionado e constatou a morte de Sony Anderson ainda no local. Segundo a PM, a v\u00edtima j\u00e1 havia cumprido pena por roubo e furto qualificado. O caso dever\u00e1 ser investigado pela Pol\u00edcia Civil. At\u00e9 a \u00faltima atualiza\u00e7\u00e3o desta reportagem, nenhum suspeito havia sido preso. Agora no g1 V\u00eddeos mais assistidos do g1 Para\u00edba<\/p>\n","protected":false},"author":0,"featured_media":320412,"comment_status":"closed","ping_status":"closed","sticky":false,"template":"","format":"standard","meta":{"sfsi_plus_gutenberg_text_before_share":"","sfsi_plus_gutenberg_show_text_before_share":"","sfsi_plus_gutenberg_icon_type":"","sfsi_plus_gutenberg_icon_alignemt":"","sfsi_plus_gutenburg_max_per_row":"","footnotes":""},"categories":[12],"tags":[],"class_list":["post-320411","post","type-post","status-publish","format-standard","has-post-thumbnail","hentry","category-policia"],"_links":{"self":[{"href":"https:\/\/www.caririemacao.com\/1\/wp-json\/wp\/v2\/posts\/320411","targetHints":{"allow":["GET"]}}],"collection":[{"href":"https:\/\/www.caririemacao.com\/1\/wp-json\/wp\/v2\/posts"}],"about":[{"href":"https:\/\/www.caririemacao.com\/1\/wp-json\/wp\/v2\/types\/post"}],"replies":[{"embeddable":true,"href":"https:\/\/www.caririemacao.com\/1\/wp-json\/wp\/v2\/comments?post=320411"}],"version-history":[{"count":1,"href":"https:\/\/www.caririemacao.com\/1\/wp-json\/wp\/v2\/posts\/320411\/revisions"}],"predecessor-version":[{"id":320413,"href":"https:\/\/www.caririemacao.com\/1\/wp-json\/wp\/v2\/posts\/320411\/revisions\/320413"}],"wp:featuredmedia":[{"embeddable":true,"href":"https:\/\/www.caririemacao.com\/1\/wp-json\/wp\/v2\/media\/320412"}],"wp:attachment":[{"href":"https:\/\/www.caririemacao.com\/1\/wp-json\/wp\/v2\/media?parent=320411"}],"wp:term":[{"taxonomy":"category","embeddable":true,"href":"https:\/\/www.caririemacao.com\/1\/wp-json\/wp\/v2\/categories?post=320411"},{"taxonomy":"post_tag","embeddable":true,"href":"https:\/\/www.caririemacao.com\/1\/wp-json\/wp\/v2\/tags?post=320411"}],"curies":[{"name":"wp","href":"https:\/\/api.w.org\/{rel}","templated":true}]}}