{"id":320418,"date":"2026-08-25T19:25:34","date_gmt":"2026-08-25T22:25:34","guid":{"rendered":"https:\/\/www.caririemacao.com\/1\/?p=320418"},"modified":"2026-08-25T19:25:34","modified_gmt":"2026-08-25T22:25:34","slug":"policia-retira-cameras-instaladas-irregularmente-em-postes-e-investiga-uso-por-faccoes-em-campina-grande","status":"publish","type":"post","link":"https:\/\/www.caririemacao.com\/1\/2026\/08\/25\/policia-retira-cameras-instaladas-irregularmente-em-postes-e-investiga-uso-por-faccoes-em-campina-grande\/","title":{"rendered":"Pol\u00edcia retira c\u00e2meras instaladas irregularmente em postes e investiga uso por fac\u00e7\u00f5es em Campina Grande"},"content":{"rendered":"<p>C\u00e2meras de seguran\u00e7a apreendidas em Campina Grande<br \/>\nAscom Pol\u00edcia Civil<br \/>\nA Pol\u00edcia Civil retirou nove c\u00e2meras de vigil\u00e2ncia instaladas irregularmente em postes de ilumina\u00e7\u00e3o p\u00fablica em diferentes pontos de Campina Grande. A a\u00e7\u00e3o aconteceu nesta ter\u00e7a-feira (25) e contou com a participa\u00e7\u00e3o do Corpo de Bombeiros Militar. Segundo a Pol\u00edcia Civil, os equipamentos foram instalados sem autoriza\u00e7\u00e3o dos \u00f3rg\u00e3os p\u00fablicos e poderiam estar sendo utilizados por organiza\u00e7\u00f5es criminosas para monitorar a movimenta\u00e7\u00e3o de policiais e de integrantes de grupos rivais.<\/p>\n<p>A pr\u00e1tica, conforme as investiga\u00e7\u00f5es, funcionaria como uma ferramenta de controle territorial. Cerca de 30 policiais participaram da opera\u00e7\u00e3o, que contou com dez viaturas e o uso de drones para mapear os locais onde havia equipamentos instalados. Al\u00e9m das c\u00e2meras identificadas durante as investiga\u00e7\u00f5es realizadas nas \u00faltimas semanas, novas estruturas foram encontradas durante a a\u00e7\u00e3o com o aux\u00edlio da tecnologia.<\/p>\n<p>A Pol\u00edcia Civil informou que as dilig\u00eancias devem continuar para identificar outros pontos de monitoramento e apurar quem instalou os equipamentos e a eventual rela\u00e7\u00e3o deles com organiza\u00e7\u00f5es criminosas. Agora no g1<br \/>\nV\u00eddeos mais assistidos do g1 Para\u00edba<\/p>\n<p><em>Fonte: G1 Para\u00edba<\/em><\/p>\n","protected":false},"excerpt":{"rendered":"<p>C\u00e2meras de seguran\u00e7a apreendidas em Campina Grande Ascom Pol\u00edcia Civil A Pol\u00edcia Civil retirou nove c\u00e2meras de vigil\u00e2ncia instaladas irregularmente em postes de ilumina\u00e7\u00e3o p\u00fablica em diferentes pontos de Campina Grande. A a\u00e7\u00e3o aconteceu nesta ter\u00e7a-feira (25) e contou com a participa\u00e7\u00e3o do Corpo de Bombeiros Militar. Segundo a Pol\u00edcia Civil, os equipamentos foram instalados sem autoriza\u00e7\u00e3o dos \u00f3rg\u00e3os p\u00fablicos e poderiam estar sendo utilizados por organiza\u00e7\u00f5es criminosas para monitorar a movimenta\u00e7\u00e3o de policiais e de integrantes de grupos rivais. A pr\u00e1tica, conforme as investiga\u00e7\u00f5es, funcionaria como uma ferramenta de controle territorial. &#x2705; Clique aqui para seguir o canal do g1 PB no WhatsApp Cerca de 30 policiais participaram da opera\u00e7\u00e3o, que contou com dez viaturas e o uso de drones para mapear os locais onde havia equipamentos instalados. Al\u00e9m das c\u00e2meras identificadas durante as investiga\u00e7\u00f5es realizadas nas \u00faltimas semanas, novas estruturas foram encontradas durante a a\u00e7\u00e3o com o aux\u00edlio da tecnologia. A Pol\u00edcia Civil informou que as dilig\u00eancias devem continuar para identificar outros pontos de monitoramento e apurar quem instalou os equipamentos e a eventual rela\u00e7\u00e3o deles com organiza\u00e7\u00f5es criminosas. Agora no g1 V\u00eddeos mais assistidos do g1 Para\u00edba<\/p>\n","protected":false},"author":0,"featured_media":320419,"comment_status":"closed","ping_status":"closed","sticky":false,"template":"","format":"standard","meta":{"sfsi_plus_gutenberg_text_before_share":"","sfsi_plus_gutenberg_show_text_before_share":"","sfsi_plus_gutenberg_icon_type":"","sfsi_plus_gutenberg_icon_alignemt":"","sfsi_plus_gutenburg_max_per_row":"","footnotes":""},"categories":[12],"tags":[],"class_list":["post-320418","post","type-post","status-publish","format-standard","has-post-thumbnail","hentry","category-policia"],"_links":{"self":[{"href":"https:\/\/www.caririemacao.com\/1\/wp-json\/wp\/v2\/posts\/320418","targetHints":{"allow":["GET"]}}],"collection":[{"href":"https:\/\/www.caririemacao.com\/1\/wp-json\/wp\/v2\/posts"}],"about":[{"href":"https:\/\/www.caririemacao.com\/1\/wp-json\/wp\/v2\/types\/post"}],"replies":[{"embeddable":true,"href":"https:\/\/www.caririemacao.com\/1\/wp-json\/wp\/v2\/comments?post=320418"}],"version-history":[{"count":1,"href":"https:\/\/www.caririemacao.com\/1\/wp-json\/wp\/v2\/posts\/320418\/revisions"}],"predecessor-version":[{"id":320420,"href":"https:\/\/www.caririemacao.com\/1\/wp-json\/wp\/v2\/posts\/320418\/revisions\/320420"}],"wp:featuredmedia":[{"embeddable":true,"href":"https:\/\/www.caririemacao.com\/1\/wp-json\/wp\/v2\/media\/320419"}],"wp:attachment":[{"href":"https:\/\/www.caririemacao.com\/1\/wp-json\/wp\/v2\/media?parent=320418"}],"wp:term":[{"taxonomy":"category","embeddable":true,"href":"https:\/\/www.caririemacao.com\/1\/wp-json\/wp\/v2\/categories?post=320418"},{"taxonomy":"post_tag","embeddable":true,"href":"https:\/\/www.caririemacao.com\/1\/wp-json\/wp\/v2\/tags?post=320418"}],"curies":[{"name":"wp","href":"https:\/\/api.w.org\/{rel}","templated":true}]}}