{"id":320421,"date":"2026-08-25T19:49:20","date_gmt":"2026-08-25T22:49:20","guid":{"rendered":"https:\/\/www.caririemacao.com\/1\/?p=320421"},"modified":"2026-08-25T19:49:20","modified_gmt":"2026-08-25T22:49:20","slug":"quaest-na-paraiba-lucas-lidera-com-38-seguido-por-cicero-19-e-efraim-18","status":"publish","type":"post","link":"https:\/\/www.caririemacao.com\/1\/2026\/08\/25\/quaest-na-paraiba-lucas-lidera-com-38-seguido-por-cicero-19-e-efraim-18\/","title":{"rendered":"Quaest na Para\u00edba: Lucas lidera com 38%, seguido por C\u00edcero, 19%, e Efraim, 18%"},"content":{"rendered":"<p class=\"has-text-align-center\" style=\"text-align: center;\"><em>N\u00fameros foram divulgados nesta ter\u00e7a-feira (25) pelo JPB2<\/em><\/p>\n<p>A primeira pesquisa eleitoral do\u00a0Instituto Quaest na Para\u00edba, contratada pelas TVs Cabo Branco e Para\u00edba, mostra o candidato \u00e0 reelei\u00e7\u00e3o, Lucas Ribeiro (PP), liderando a corrida eleitoral para o Governo do Estado com\u00a038%\u00a0das inten\u00e7\u00f5es de voto na\u00a0sondagem estimulada \u2013\u00a0onde s\u00e3o ditos os nomes dos candidatos aos entrevistados.<\/p>\n<p>Em seguida, de acordo com o levantamento, aparece o ex-prefeito de Jo\u00e3o Pessoa, C\u00edcero Lucena, candidato do MDB, com\u00a019%.<\/p>\n<p>Depois dele, com\u00a018%\u00a0das inten\u00e7\u00f5es de voto, est\u00e1 o senador e candidato do PL, Efraim Filho.\u00a0Levando-se em conta a margem de erro de tr\u00eas pontos percentuais (para mais ou para menos), os candidatos\u00a0C\u00edcero Lucena e Efraim Filho\u00a0est\u00e3o tecnicamente empatados.<\/p>\n<figure class=\"wp-block-image aligncenter\"><img decoding=\"async\" class=\"aligncenter\" src=\"https:\/\/cdn.jornaldaparaiba.com.br\/img\/inline\/220000\/500x0\/quaest-na-paraiba-lucas-lidera-com-38-seguido-por-0022043701202608251930-8.webp?fallback=https%3A%2F%2Fcdn.jornaldaparaiba.com.br%2Fimg%2Finline%2F220000%2Fquaest-na-paraiba-lucas-lidera-com-38-seguido-por-0022043701202608251930.jpg%3Fxid%3D1229378&amp;xid=1229378\" alt=\"\n\t\t\t\t\tQuaest na Para\u00edba: Lucas lidera com 38%, seguido por C\u00edcero, 19%, e Efraim, 18%\n\n\t\t\t\t\" \/><\/figure>\n<p>Al\u00e9m dos tr\u00eas, a pesquisa tamb\u00e9m registrou as inten\u00e7\u00f5es de voto dos paraibanos com rela\u00e7\u00e3o aos candidatos Pedro Coutinho (DC), com\u00a02%\u00a0das inten\u00e7\u00f5es de voto; Camilo Duarte (PCO), com\u00a01%; e\u00a0Yuri Ezequiel, do Unidade Popular. Yuri n\u00e3o pontuou.<\/p>\n<p>Brancos, nulos e pessoas que disseram n\u00e3o votar em nenhum dos candidatos somam 10%. J\u00e1 os indecisos somam, de acordo com a Quaest, 12%.\u00a0Os n\u00fameros foram divulgados nesta ter\u00e7a-feira (25), no JPB2.<\/p>\n<h2 class=\"wp-block-heading\">Sondagem espont\u00e2nea<\/h2>\n<p>No questionamento espont\u00e2neo feito pela Quaest, sem a apresenta\u00e7\u00e3o da lista com os nomes,\u00a026%\u00a0do entrevistados disseram que est\u00e3o dispostos a votar no candidato \u00e0 reelei\u00e7\u00e3o, Lucas Ribeiro (PP).<\/p>\n<p>Depois dele, conforme o levantamento, surgem os candidatos C\u00edcero Lucena (MDB) e Efraim Filho (PL) com\u00a07%\u00a0cada um. C\u00edcero e Efraim est\u00e3o numericamente empatados na sondagem espont\u00e2nea.<\/p>\n<figure class=\"wp-block-image aligncenter\"><img decoding=\"async\" class=\"aligncenter\" src=\"https:\/\/cdn.jornaldaparaiba.com.br\/img\/inline\/220000\/500x0\/quaest-na-paraiba-lucas-lidera-com-38-seguido-por-0022043702202608251930-8.webp?fallback=https%3A%2F%2Fcdn.jornaldaparaiba.com.br%2Fimg%2Finline%2F220000%2Fquaest-na-paraiba-lucas-lidera-com-38-seguido-por-0022043702202608251930.jpg%3Fxid%3D1229379&amp;xid=1229379\" alt=\"\n\t\t\t\t\tQuaest na Para\u00edba: Lucas lidera com 38%, seguido por C\u00edcero, 19%, e Efraim, 18%\n\n\t\t\t\t\" \/><\/figure>\n<p>Outros nomes citados somam\u00a01%. J\u00e1 os indecisos s\u00e3o maioria nesse momento, segundo a Quaest. Eles somaram\u00a0<strong>57%\u00a0<\/strong>no total.\u00a0O percentual de brancos, nulos ou pessoas que afirmam que n\u00e3o votariam em nenhum dos candidatos \u00e9 de\u00a02<strong>%.<\/strong><\/p>\n<p><strong>A pesquisa<\/strong><\/p>\n<p>A Quaest, contratada pela TVs Cabo Branco e Para\u00edba, realizou 804 entrevistas com eleitores de 16 anos ou mais entre os dias 21 e 24 de agosto. A margem de erro m\u00e1xima para o total da amostra \u00e9 de 3 pontos percentuais, para mais ou para menos, dentro do n\u00edvel de confian\u00e7a de 95%.<\/p>\n<p>O levantamento foi registrado no Tribunal Superior Eleitoral (TSE) com os n\u00fameros: PB-07850\/2026 e BR-00699\/2026.<\/p>\n<p>Jornal da Para\u00edba<\/p>\n","protected":false},"excerpt":{"rendered":"<p>N\u00fameros foram divulgados nesta ter\u00e7a-feira (25) pelo JPB2 A primeira pesquisa eleitoral do\u00a0Instituto Quaest na Para\u00edba, contratada pelas TVs Cabo Branco e Para\u00edba, mostra o candidato \u00e0 reelei\u00e7\u00e3o, Lucas Ribeiro (PP), liderando a corrida eleitoral para o Governo do Estado com\u00a038%\u00a0das inten\u00e7\u00f5es de voto na\u00a0sondagem estimulada \u2013\u00a0onde s\u00e3o ditos os nomes dos candidatos aos entrevistados. Em seguida, de acordo com o levantamento, aparece o ex-prefeito de Jo\u00e3o Pessoa, C\u00edcero Lucena, candidato do MDB, com\u00a019%. Depois dele, com\u00a018%\u00a0das inten\u00e7\u00f5es de voto, est\u00e1 o senador e candidato do PL, Efraim Filho.\u00a0Levando-se em conta a margem de erro de tr\u00eas pontos percentuais (para mais ou para menos), os candidatos\u00a0C\u00edcero Lucena e Efraim Filho\u00a0est\u00e3o tecnicamente empatados. Al\u00e9m dos tr\u00eas, a pesquisa tamb\u00e9m registrou as inten\u00e7\u00f5es de voto dos paraibanos com rela\u00e7\u00e3o aos candidatos Pedro Coutinho (DC), com\u00a02%\u00a0das inten\u00e7\u00f5es de voto; Camilo Duarte (PCO), com\u00a01%; e\u00a0Yuri Ezequiel, do Unidade Popular. Yuri n\u00e3o pontuou. Brancos, nulos e pessoas que disseram n\u00e3o votar em nenhum dos candidatos somam 10%. J\u00e1 os indecisos somam, de acordo com a Quaest, 12%.\u00a0Os n\u00fameros foram divulgados nesta ter\u00e7a-feira (25), no JPB2. Sondagem espont\u00e2nea No questionamento espont\u00e2neo feito pela Quaest, sem a apresenta\u00e7\u00e3o da lista com os nomes,\u00a026%\u00a0do entrevistados disseram que est\u00e3o dispostos a votar no candidato \u00e0 reelei\u00e7\u00e3o, Lucas Ribeiro (PP). Depois dele, conforme o levantamento, surgem os candidatos C\u00edcero Lucena (MDB) e Efraim Filho (PL) com\u00a07%\u00a0cada um. C\u00edcero e Efraim est\u00e3o numericamente empatados na sondagem espont\u00e2nea. Outros nomes citados somam\u00a01%. J\u00e1 os indecisos s\u00e3o maioria nesse momento, segundo a Quaest. Eles somaram\u00a057%\u00a0no total.\u00a0O percentual de brancos, nulos ou pessoas que afirmam que n\u00e3o votariam em nenhum dos candidatos \u00e9 de\u00a02%. A pesquisa A Quaest, contratada pela TVs Cabo Branco e Para\u00edba, realizou 804 entrevistas com eleitores de 16 anos ou mais entre os dias 21 e 24 de agosto. A margem de erro m\u00e1xima para o total da amostra \u00e9 de 3 pontos percentuais, para mais ou para menos, dentro do n\u00edvel de confian\u00e7a de 95%. O levantamento foi registrado no Tribunal Superior Eleitoral (TSE) com os n\u00fameros: PB-07850\/2026 e BR-00699\/2026. Jornal da Para\u00edba<\/p>\n","protected":false},"author":6,"featured_media":320422,"comment_status":"closed","ping_status":"closed","sticky":false,"template":"","format":"standard","meta":{"sfsi_plus_gutenberg_text_before_share":"","sfsi_plus_gutenberg_show_text_before_share":"","sfsi_plus_gutenberg_icon_type":"","sfsi_plus_gutenberg_icon_alignemt":"","sfsi_plus_gutenburg_max_per_row":"","footnotes":""},"categories":[104],"tags":[],"class_list":["post-320421","post","type-post","status-publish","format-standard","has-post-thumbnail","hentry","category-paraiba"],"_links":{"self":[{"href":"https:\/\/www.caririemacao.com\/1\/wp-json\/wp\/v2\/posts\/320421","targetHints":{"allow":["GET"]}}],"collection":[{"href":"https:\/\/www.caririemacao.com\/1\/wp-json\/wp\/v2\/posts"}],"about":[{"href":"https:\/\/www.caririemacao.com\/1\/wp-json\/wp\/v2\/types\/post"}],"author":[{"embeddable":true,"href":"https:\/\/www.caririemacao.com\/1\/wp-json\/wp\/v2\/users\/6"}],"replies":[{"embeddable":true,"href":"https:\/\/www.caririemacao.com\/1\/wp-json\/wp\/v2\/comments?post=320421"}],"version-history":[{"count":1,"href":"https:\/\/www.caririemacao.com\/1\/wp-json\/wp\/v2\/posts\/320421\/revisions"}],"predecessor-version":[{"id":320423,"href":"https:\/\/www.caririemacao.com\/1\/wp-json\/wp\/v2\/posts\/320421\/revisions\/320423"}],"wp:featuredmedia":[{"embeddable":true,"href":"https:\/\/www.caririemacao.com\/1\/wp-json\/wp\/v2\/media\/320422"}],"wp:attachment":[{"href":"https:\/\/www.caririemacao.com\/1\/wp-json\/wp\/v2\/media?parent=320421"}],"wp:term":[{"taxonomy":"category","embeddable":true,"href":"https:\/\/www.caririemacao.com\/1\/wp-json\/wp\/v2\/categories?post=320421"},{"taxonomy":"post_tag","embeddable":true,"href":"https:\/\/www.caririemacao.com\/1\/wp-json\/wp\/v2\/tags?post=320421"}],"curies":[{"name":"wp","href":"https:\/\/api.w.org\/{rel}","templated":true}]}}