{"id":320424,"date":"2026-08-25T20:11:20","date_gmt":"2026-08-25T23:11:20","guid":{"rendered":"https:\/\/www.caririemacao.com\/1\/?p=320424"},"modified":"2026-08-25T20:12:17","modified_gmt":"2026-08-25T23:12:17","slug":"quaest-para-o-senado-na-paraiba-joao-27-veneziano-17-nabor-9-queiroga-6-major-fabio-5","status":"publish","type":"post","link":"https:\/\/www.caririemacao.com\/1\/2026\/08\/25\/quaest-para-o-senado-na-paraiba-joao-27-veneziano-17-nabor-9-queiroga-6-major-fabio-5\/","title":{"rendered":"Quaest para o Senado na Para\u00edba: Jo\u00e3o, 27%; Veneziano, 17%; Nabor, 9%, Queiroga, 6%, Major F\u00e1bio, 5%"},"content":{"rendered":"<p class=\"wp-block-paragraph\">A primeira pesquisa Quaest Consultoria e Pesquisa sobre a corrida ao Senado na Para\u00edba, divulgada nesta ter\u00e7a-feira (25) pelas TVs Cabo Branco e Para\u00edba, aponta Jo\u00e3o Azev\u00eado (PSB) na lideran\u00e7a, com 27% das inten\u00e7\u00f5es de voto.<\/p>\n<p class=\"wp-block-paragraph\">O levantamento considera a combina\u00e7\u00e3o dos votos para as duas vagas que estar\u00e3o em disputa no Senado Federal. Nesse cen\u00e1rio, o eleitor \u00e9 apresentado aos nomes e partidos dos candidatos.<\/p>\n<p class=\"wp-block-paragraph\">Veneziano (MDB) aparece em segundo lugar, com 17%. Na sequ\u00eancia, est\u00e3o Nabor (Republicanos), com 9%; Dr. Marcelo Queiroga (PL), com 6%; e Major F\u00e1bio (Novo), com 5%.<\/p>\n<p class=\"wp-block-paragraph\">Considerando a margem de erro de tr\u00eas pontos percentuais para mais ou para menos, Nabor, Marcelo Queiroga e Major F\u00e1bio est\u00e3o tecnicamente empatados.<\/p>\n<p class=\"wp-block-paragraph\">Andr\u00e9 Gadelha (MDB) registra 2%. Jo\u00e3o Batista (UP) e Adriano Trajano (PCO) aparecem com 1% cada.<\/p>\n<p class=\"wp-block-paragraph\">Marcelo Queiroga, Major F\u00e1bio, Andr\u00e9 Gadelha, Jo\u00e3o Batista e Adriano Trajano tamb\u00e9m est\u00e3o dentro da faixa de empate t\u00e9cnico quando considerada a margem de erro.<\/p>\n<p class=\"wp-block-paragraph\">Rosilene Santana (UP) e Rinaldo J\u00fanior (DC) n\u00e3o pontuaram.<\/p>\n<p class=\"wp-block-paragraph\">Entre os entrevistados, 15% ainda est\u00e3o indecisos. Outros 17% afirmaram que votariam em branco ou nulo ou que n\u00e3o votariam.<\/p>\n<h2 class=\"wp-block-heading\">Espont\u00e2nea ao Senado<\/h2>\n<p class=\"wp-block-paragraph\">No cen\u00e1rio de inten\u00e7\u00e3o de voto espont\u00e2neo para a elei\u00e7\u00e3o ao Senado, quando o entrevistado n\u00e3o tem acesso a nenhuma lista\u00a0com os nomes dos candidatos, 75% dos eleitores da Para\u00edba ainda est\u00e3o indecisos.<\/p>\n<p class=\"wp-block-paragraph\">O candidato mais mencionado \u00e9 Jo\u00e3o Azevedo, com 8%, seguido por Veneziano com 5%, Nabor com 4%, Dr. Marcelo Queiroga com 2% e Andr\u00e9 Gadelha com 1%. 4% escolheram votar branco, nulo ou n\u00e3o vai votar.<\/p>\n<div class=\"wp-block-image\" style=\"text-align: center;\">\n<figure class=\"aligncenter\"><img fetchpriority=\"high\" decoding=\"async\" class=\"aligncenter\" src=\"https:\/\/cdn.jornaldaparaiba.com.br\/img\/inline\/220000\/500x0\/quaest-para-o-senado-na-pb-joao-27-veneziano-17-na0022044001202608251935-8.webp?fallback=https%3A%2F%2Fcdn.jornaldaparaiba.com.br%2Fimg%2Finline%2F220000%2Fquaest-para-o-senado-na-pb-joao-27-veneziano-17-na0022044001202608251935.png%3Fxid%3D1229399&amp;xid=1229399\" alt=\" Quaest para o Senado na PB: Jo\u00e3o, 27%; Veneziano, 17%; Nabor, 9%, Queiroga, 6%, Major F\u00e1bio, 5% \" width=\"413\" height=\"232\" \/><figcaption class=\"wp-element-caption\">divulga\u00e7\u00e3o\/Quaest<\/figcaption><\/figure>\n<\/div>\n<h2 class=\"wp-block-heading\">Dados da pesquisa<\/h2>\n<p class=\"wp-block-paragraph\">A Quaest, contratada pela TVs Cabo Branco e Para\u00edba, realizou 804 entrevistas com eleitores de 16 anos ou mais entre os dias 21 e 24 de\u00a0agosto. A margem de erro m\u00e1xima para o total da amostra \u00e9 de 3 pontos percentuais, para mais ou para menos, dentro do\u00a0n\u00edvel de confian\u00e7a de 95%. O levantamento foi registrado no Tribunal Superior Eleitoral (TSE) com os n\u00fameros:\u00a0PB-07850\/2026 e BR-00699\/2026.<\/p>\n<p><em>Com Jornal da Para\u00edba<\/em><\/p>\n","protected":false},"excerpt":{"rendered":"<p>A primeira pesquisa Quaest Consultoria e Pesquisa sobre a corrida ao Senado na Para\u00edba, divulgada nesta ter\u00e7a-feira (25) pelas TVs Cabo Branco e Para\u00edba, aponta Jo\u00e3o Azev\u00eado (PSB) na lideran\u00e7a, com 27% das inten\u00e7\u00f5es de voto. O levantamento considera a combina\u00e7\u00e3o dos votos para as duas vagas que estar\u00e3o em disputa no Senado Federal. Nesse cen\u00e1rio, o eleitor \u00e9 apresentado aos nomes e partidos dos candidatos. Veneziano (MDB) aparece em segundo lugar, com 17%. Na sequ\u00eancia, est\u00e3o Nabor (Republicanos), com 9%; Dr. Marcelo Queiroga (PL), com 6%; e Major F\u00e1bio (Novo), com 5%. Considerando a margem de erro de tr\u00eas pontos percentuais para mais ou para menos, Nabor, Marcelo Queiroga e Major F\u00e1bio est\u00e3o tecnicamente empatados. Andr\u00e9 Gadelha (MDB) registra 2%. Jo\u00e3o Batista (UP) e Adriano Trajano (PCO) aparecem com 1% cada. Marcelo Queiroga, Major F\u00e1bio, Andr\u00e9 Gadelha, Jo\u00e3o Batista e Adriano Trajano tamb\u00e9m est\u00e3o dentro da faixa de empate t\u00e9cnico quando considerada a margem de erro. Rosilene Santana (UP) e Rinaldo J\u00fanior (DC) n\u00e3o pontuaram. Entre os entrevistados, 15% ainda est\u00e3o indecisos. Outros 17% afirmaram que votariam em branco ou nulo ou que n\u00e3o votariam. Espont\u00e2nea ao Senado No cen\u00e1rio de inten\u00e7\u00e3o de voto espont\u00e2neo para a elei\u00e7\u00e3o ao Senado, quando o entrevistado n\u00e3o tem acesso a nenhuma lista\u00a0com os nomes dos candidatos, 75% dos eleitores da Para\u00edba ainda est\u00e3o indecisos. O candidato mais mencionado \u00e9 Jo\u00e3o Azevedo, com 8%, seguido por Veneziano com 5%, Nabor com 4%, Dr. Marcelo Queiroga com 2% e Andr\u00e9 Gadelha com 1%. 4% escolheram votar branco, nulo ou n\u00e3o vai votar. divulga\u00e7\u00e3o\/Quaest Dados da pesquisa A Quaest, contratada pela TVs Cabo Branco e Para\u00edba, realizou 804 entrevistas com eleitores de 16 anos ou mais entre os dias 21 e 24 de\u00a0agosto. A margem de erro m\u00e1xima para o total da amostra \u00e9 de 3 pontos percentuais, para mais ou para menos, dentro do\u00a0n\u00edvel de confian\u00e7a de 95%. O levantamento foi registrado no Tribunal Superior Eleitoral (TSE) com os n\u00fameros:\u00a0PB-07850\/2026 e BR-00699\/2026. Com Jornal da Para\u00edba<\/p>\n","protected":false},"author":6,"featured_media":320425,"comment_status":"closed","ping_status":"closed","sticky":false,"template":"","format":"standard","meta":{"sfsi_plus_gutenberg_text_before_share":"","sfsi_plus_gutenberg_show_text_before_share":"","sfsi_plus_gutenberg_icon_type":"","sfsi_plus_gutenberg_icon_alignemt":"","sfsi_plus_gutenburg_max_per_row":"","footnotes":""},"categories":[104],"tags":[],"class_list":["post-320424","post","type-post","status-publish","format-standard","has-post-thumbnail","hentry","category-paraiba"],"_links":{"self":[{"href":"https:\/\/www.caririemacao.com\/1\/wp-json\/wp\/v2\/posts\/320424","targetHints":{"allow":["GET"]}}],"collection":[{"href":"https:\/\/www.caririemacao.com\/1\/wp-json\/wp\/v2\/posts"}],"about":[{"href":"https:\/\/www.caririemacao.com\/1\/wp-json\/wp\/v2\/types\/post"}],"author":[{"embeddable":true,"href":"https:\/\/www.caririemacao.com\/1\/wp-json\/wp\/v2\/users\/6"}],"replies":[{"embeddable":true,"href":"https:\/\/www.caririemacao.com\/1\/wp-json\/wp\/v2\/comments?post=320424"}],"version-history":[{"count":2,"href":"https:\/\/www.caririemacao.com\/1\/wp-json\/wp\/v2\/posts\/320424\/revisions"}],"predecessor-version":[{"id":320427,"href":"https:\/\/www.caririemacao.com\/1\/wp-json\/wp\/v2\/posts\/320424\/revisions\/320427"}],"wp:featuredmedia":[{"embeddable":true,"href":"https:\/\/www.caririemacao.com\/1\/wp-json\/wp\/v2\/media\/320425"}],"wp:attachment":[{"href":"https:\/\/www.caririemacao.com\/1\/wp-json\/wp\/v2\/media?parent=320424"}],"wp:term":[{"taxonomy":"category","embeddable":true,"href":"https:\/\/www.caririemacao.com\/1\/wp-json\/wp\/v2\/categories?post=320424"},{"taxonomy":"post_tag","embeddable":true,"href":"https:\/\/www.caririemacao.com\/1\/wp-json\/wp\/v2\/tags?post=320424"}],"curies":[{"name":"wp","href":"https:\/\/api.w.org\/{rel}","templated":true}]}}