{"id":320428,"date":"2026-08-25T20:25:36","date_gmt":"2026-08-25T23:25:36","guid":{"rendered":"https:\/\/www.caririemacao.com\/1\/?p=320428"},"modified":"2026-08-25T20:25:36","modified_gmt":"2026-08-25T23:25:36","slug":"quaest-na-paraiba-61-aprovam-e-17-desaprovam-governo-de-lucas-ribeiro-pp","status":"publish","type":"post","link":"https:\/\/www.caririemacao.com\/1\/2026\/08\/25\/quaest-na-paraiba-61-aprovam-e-17-desaprovam-governo-de-lucas-ribeiro-pp\/","title":{"rendered":"Quaest na Para\u00edba: 61% aprovam e 17 % desaprovam governo de Lucas RIbeiro (PP)"},"content":{"rendered":"<p>Lucas Ribeiro, candidato ao governo da Para\u00edba<br \/>\nDivulga\u00e7\u00e3o<br \/>\nPesquisa Quaest divulgada nesta ter\u00e7a-feira (25) mostra como est\u00e1 a avalia\u00e7\u00e3o do governo da Para\u00edba e os \u00edndices de aprova\u00e7\u00e3o e desaprova\u00e7\u00e3o. O levantamento foi encomendado pelas TVs Cabo Branco e Para\u00edba. Aprova\u00e7\u00e3o do governo<br \/>\nDesaprovam: 17%;<br \/>\nAprovam: 61%;<br \/>\nN\u00e3o sabem\/n\u00e3o responderam: 22%.<\/p>\n<p>Avalia\u00e7\u00e3o do governo<br \/>\nPositivo: 47%;<br \/>\nRegular: 29%;<br \/>\nNegativo: 13%;<br \/>\nN\u00e3o sabem\/n\u00e3o responderam: 11%<br \/>\nJo\u00e3o Azev\u00eado merece eleger um sucessor? Sim, merece: 65%;<br \/>\nN\u00e3o: 24%;<br \/>\nN\u00e3o sabem\/n\u00e3o responderam: 11%. Rumos do governo estadual<br \/>\n38% dos eleitores dizem que o governador a ser eleito deve continuar o trabalho que vem sendo feito;<br \/>\n39% defendem mudar apenas o que n\u00e3o est\u00e1 bom;<br \/>\n20% consideram que \u00e9 necess\u00e1rio mudar totalmente;<br \/>\nN\u00e3o sabem\/n\u00e3o responderam: 3%.<\/p>\n<p>Principal problema do estado<br \/>\nA Quaest perguntou aos eleitores qual \u00e9 o principal problema do estado. Veja os temas mais citados. Sa\u00fade: 31%;<br \/>\nViol\u00eancia: 23%;<br \/>\nDesemprego: 6%;<br \/>\nNenhum problema\/n\u00e3o tem: 2%;<br \/>\nN\u00e3o sabem\/n\u00e3o responderam: 10%.<\/p>\n<p>A Quaest ouviu 804 pessoas de 16 anos ou mais entre os dias 21 e 24 de agosto de 2026.. A margem de erro \u00e9 de 3 pontos percentuais, para mais ou para menos, e o n\u00edvel de confian\u00e7a \u00e9 de 95%. O n\u00famero de registro no TSE \u00e9 PB-07850\/2026.<\/p>\n<p>Pesquisa sobre a avalia\u00e7\u00e3o do Governo na Para\u00edba<br \/>\nTV Cabo Branco<br \/>\nV\u00eddeos mais assistidos do g1 Para\u00edba<\/p>\n<p><em>Fonte: G1 Para\u00edba<\/em><\/p>\n","protected":false},"excerpt":{"rendered":"<p>Lucas Ribeiro, candidato ao governo da Para\u00edba Divulga\u00e7\u00e3o Pesquisa Quaest divulgada nesta ter\u00e7a-feira (25) mostra como est\u00e1 a avalia\u00e7\u00e3o do governo da Para\u00edba e os \u00edndices de aprova\u00e7\u00e3o e desaprova\u00e7\u00e3o. O levantamento foi encomendado pelas TVs Cabo Branco e Para\u00edba. &#x2705; Clique aqui para seguir o canal do g1 PB no WhatsApp Aprova\u00e7\u00e3o do governo Desaprovam: 17%; Aprovam: 61%; N\u00e3o sabem\/n\u00e3o responderam: 22%. Avalia\u00e7\u00e3o do governo Positivo: 47%; Regular: 29%; Negativo: 13%; N\u00e3o sabem\/n\u00e3o responderam: 11% Jo\u00e3o Azev\u00eado merece eleger um sucessor? Sim, merece: 65%; N\u00e3o: 24%; N\u00e3o sabem\/n\u00e3o responderam: 11%. Rumos do governo estadual 38% dos eleitores dizem que o governador a ser eleito deve continuar o trabalho que vem sendo feito; 39% defendem mudar apenas o que n\u00e3o est\u00e1 bom; 20% consideram que \u00e9 necess\u00e1rio mudar totalmente; N\u00e3o sabem\/n\u00e3o responderam: 3%. Principal problema do estado A Quaest perguntou aos eleitores qual \u00e9 o principal problema do estado. Veja os temas mais citados. Sa\u00fade: 31%; Viol\u00eancia: 23%; Desemprego: 6%; Nenhum problema\/n\u00e3o tem: 2%; N\u00e3o sabem\/n\u00e3o responderam: 10%. A Quaest ouviu 804 pessoas de 16 anos ou mais entre os dias 21 e 24 de agosto de 2026.. A margem de erro \u00e9 de 3 pontos percentuais, para mais ou para menos, e o n\u00edvel de confian\u00e7a \u00e9 de 95%. O n\u00famero de registro no TSE \u00e9 PB-07850\/2026. Pesquisa sobre a avalia\u00e7\u00e3o do Governo na Para\u00edba TV Cabo Branco V\u00eddeos mais assistidos do g1 Para\u00edba<\/p>\n","protected":false},"author":0,"featured_media":320429,"comment_status":"closed","ping_status":"closed","sticky":false,"template":"","format":"standard","meta":{"sfsi_plus_gutenberg_text_before_share":"","sfsi_plus_gutenberg_show_text_before_share":"","sfsi_plus_gutenberg_icon_type":"","sfsi_plus_gutenberg_icon_alignemt":"","sfsi_plus_gutenburg_max_per_row":"","footnotes":""},"categories":[104],"tags":[],"class_list":["post-320428","post","type-post","status-publish","format-standard","has-post-thumbnail","hentry","category-paraiba"],"_links":{"self":[{"href":"https:\/\/www.caririemacao.com\/1\/wp-json\/wp\/v2\/posts\/320428","targetHints":{"allow":["GET"]}}],"collection":[{"href":"https:\/\/www.caririemacao.com\/1\/wp-json\/wp\/v2\/posts"}],"about":[{"href":"https:\/\/www.caririemacao.com\/1\/wp-json\/wp\/v2\/types\/post"}],"replies":[{"embeddable":true,"href":"https:\/\/www.caririemacao.com\/1\/wp-json\/wp\/v2\/comments?post=320428"}],"version-history":[{"count":1,"href":"https:\/\/www.caririemacao.com\/1\/wp-json\/wp\/v2\/posts\/320428\/revisions"}],"predecessor-version":[{"id":320430,"href":"https:\/\/www.caririemacao.com\/1\/wp-json\/wp\/v2\/posts\/320428\/revisions\/320430"}],"wp:featuredmedia":[{"embeddable":true,"href":"https:\/\/www.caririemacao.com\/1\/wp-json\/wp\/v2\/media\/320429"}],"wp:attachment":[{"href":"https:\/\/www.caririemacao.com\/1\/wp-json\/wp\/v2\/media?parent=320428"}],"wp:term":[{"taxonomy":"category","embeddable":true,"href":"https:\/\/www.caririemacao.com\/1\/wp-json\/wp\/v2\/categories?post=320428"},{"taxonomy":"post_tag","embeddable":true,"href":"https:\/\/www.caririemacao.com\/1\/wp-json\/wp\/v2\/tags?post=320428"}],"curies":[{"name":"wp","href":"https:\/\/api.w.org\/{rel}","templated":true}]}}