{"id":320431,"date":"2026-08-25T21:10:47","date_gmt":"2026-08-26T00:10:47","guid":{"rendered":"https:\/\/www.caririemacao.com\/1\/?p=320431"},"modified":"2026-08-25T21:10:47","modified_gmt":"2026-08-26T00:10:47","slug":"tarcisio-do-acordeon-e-anunciado-para-o-festival-do-mel-2026","status":"publish","type":"post","link":"https:\/\/www.caririemacao.com\/1\/2026\/08\/25\/tarcisio-do-acordeon-e-anunciado-para-o-festival-do-mel-2026\/","title":{"rendered":"Tarc\u00edsio do Acordeon \u00e9 anunciado para o Festival do Mel 2026"},"content":{"rendered":"<p>O prefeito de S\u00e3o Jos\u00e9 dos Cordeiros, Fel\u00edcio Queiroz, anunciou Tarc\u00edsio do Acordeon como mais uma grande atra\u00e7\u00e3o do Festival do Mel 2026, refor\u00e7ando a programa\u00e7\u00e3o de um dos eventos mais aguardados do Cariri paraibano.<\/p>\n<p>A confirma\u00e7\u00e3o acontece depois do an\u00fancio de Henry Freitas e da banda Ra\u00e7a Negra, nomes que j\u00e1 haviam sido divulgados para integrar a programa\u00e7\u00e3o desta edi\u00e7\u00e3o. Com a chegada de Tarc\u00edsio do Acordeon, o Festival do Mel ganha mais uma atra\u00e7\u00e3o de destaque nacional.<\/p>\n<p>Conhecido por grandes sucessos e por arrastar multid\u00f5es em seus shows, Tarc\u00edsio promete levar muito forr\u00f3 e anima\u00e7\u00e3o para S\u00e3o Jos\u00e9 dos Cordeiros.<\/p>\n<p>O Festival do Mel se consolidou como um dos principais eventos da regi\u00e3o, fortalecendo o turismo, movimentando a economia e valorizando a produ\u00e7\u00e3o e a cultura do munic\u00edpio.<\/p>\n<p><strong>Cariri em A\u00e7\u00e3o \u2014 integrando toda a regi\u00e3o.<\/strong><\/p>\n","protected":false},"excerpt":{"rendered":"<p>O prefeito de S\u00e3o Jos\u00e9 dos Cordeiros, Fel\u00edcio Queiroz, anunciou Tarc\u00edsio do Acordeon como mais uma grande atra\u00e7\u00e3o do Festival do Mel 2026, refor\u00e7ando a programa\u00e7\u00e3o de um dos eventos mais aguardados do Cariri paraibano. A confirma\u00e7\u00e3o acontece depois do an\u00fancio de Henry Freitas e da banda Ra\u00e7a Negra, nomes que j\u00e1 haviam sido divulgados para integrar a programa\u00e7\u00e3o desta edi\u00e7\u00e3o. Com a chegada de Tarc\u00edsio do Acordeon, o Festival do Mel ganha mais uma atra\u00e7\u00e3o de destaque nacional. Conhecido por grandes sucessos e por arrastar multid\u00f5es em seus shows, Tarc\u00edsio promete levar muito forr\u00f3 e anima\u00e7\u00e3o para S\u00e3o Jos\u00e9 dos Cordeiros. O Festival do Mel se consolidou como um dos principais eventos da regi\u00e3o, fortalecendo o turismo, movimentando a economia e valorizando a produ\u00e7\u00e3o e a cultura do munic\u00edpio. Cariri em A\u00e7\u00e3o \u2014 integrando toda a regi\u00e3o.<\/p>\n","protected":false},"author":6,"featured_media":320432,"comment_status":"closed","ping_status":"closed","sticky":false,"template":"","format":"standard","meta":{"sfsi_plus_gutenberg_text_before_share":"","sfsi_plus_gutenberg_show_text_before_share":"","sfsi_plus_gutenberg_icon_type":"","sfsi_plus_gutenberg_icon_alignemt":"","sfsi_plus_gutenburg_max_per_row":"","footnotes":""},"categories":[106],"tags":[],"class_list":["post-320431","post","type-post","status-publish","format-standard","has-post-thumbnail","hentry","category-cariri"],"_links":{"self":[{"href":"https:\/\/www.caririemacao.com\/1\/wp-json\/wp\/v2\/posts\/320431","targetHints":{"allow":["GET"]}}],"collection":[{"href":"https:\/\/www.caririemacao.com\/1\/wp-json\/wp\/v2\/posts"}],"about":[{"href":"https:\/\/www.caririemacao.com\/1\/wp-json\/wp\/v2\/types\/post"}],"author":[{"embeddable":true,"href":"https:\/\/www.caririemacao.com\/1\/wp-json\/wp\/v2\/users\/6"}],"replies":[{"embeddable":true,"href":"https:\/\/www.caririemacao.com\/1\/wp-json\/wp\/v2\/comments?post=320431"}],"version-history":[{"count":1,"href":"https:\/\/www.caririemacao.com\/1\/wp-json\/wp\/v2\/posts\/320431\/revisions"}],"predecessor-version":[{"id":320433,"href":"https:\/\/www.caririemacao.com\/1\/wp-json\/wp\/v2\/posts\/320431\/revisions\/320433"}],"wp:featuredmedia":[{"embeddable":true,"href":"https:\/\/www.caririemacao.com\/1\/wp-json\/wp\/v2\/media\/320432"}],"wp:attachment":[{"href":"https:\/\/www.caririemacao.com\/1\/wp-json\/wp\/v2\/media?parent=320431"}],"wp:term":[{"taxonomy":"category","embeddable":true,"href":"https:\/\/www.caririemacao.com\/1\/wp-json\/wp\/v2\/categories?post=320431"},{"taxonomy":"post_tag","embeddable":true,"href":"https:\/\/www.caririemacao.com\/1\/wp-json\/wp\/v2\/tags?post=320431"}],"curies":[{"name":"wp","href":"https:\/\/api.w.org\/{rel}","templated":true}]}}