{"id":320439,"date":"2026-08-26T06:00:42","date_gmt":"2026-08-26T09:00:42","guid":{"rendered":"https:\/\/www.caririemacao.com\/1\/?p=320439"},"modified":"2026-08-26T07:05:06","modified_gmt":"2026-08-26T10:05:06","slug":"josessandro-andrade-lanca-livro-premiado-internacionalmente-durante-programacao-da-ufpe-em-sertania","status":"publish","type":"post","link":"https:\/\/www.caririemacao.com\/1\/2026\/08\/26\/josessandro-andrade-lanca-livro-premiado-internacionalmente-durante-programacao-da-ufpe-em-sertania\/","title":{"rendered":"Josessandro Andrade lan\u00e7a livro premiado internacionalmente durante programa\u00e7\u00e3o da UFPE em Sert\u00e2nia"},"content":{"rendered":"<p>O escritor sertaniense Josessandro Andrade lan\u00e7a, nesta sexta-feira (28), \u00e0s 19h, a segunda edi\u00e7\u00e3o da obra \u201cA Roda do Esc\u00e1rnio \u2013 Antologia do Pandem\u00f4nio\u201d. O lan\u00e7amento acontece em Sert\u00e2nia, no Sert\u00e3o do Moxot\u00f3, e integra a programa\u00e7\u00e3o da 1\u00aa Semana de Hist\u00f3ria, promovida pelo Centro Acad\u00eamico do Sert\u00e3o, da Universidade Federal de Pernambuco (UFPE).<\/p>\n<p>A obra chega \u00e0 nova edi\u00e7\u00e3o carregando um importante reconhecimento internacional. Em 2025, Josessandro Andrade conquistou o Pr\u00eamio Swiss Excellence Literature Network, honraria recebida durante o tradicional Sal\u00e3o Internacional do Livro de Genebra, na Su\u00ed\u00e7a.<\/p>\n<p>Antes do lan\u00e7amento, ser\u00e1 realizada uma mesa-redonda sob a coordena\u00e7\u00e3o do professor Rildson Ara\u00fajo. Durante a atividade, o livro tamb\u00e9m ser\u00e1 tema de debate, proporcionando ao p\u00fablico a oportunidade de conhecer mais sobre a obra e as quest\u00f5es abordadas pelo autor.<\/p>\n<p>Definida pelo pr\u00f3prio Josessandro Andrade como um manifesto pol\u00edtico de den\u00fancia social atrav\u00e9s da poesia, \u201cA Roda do Esc\u00e1rnio \u2013 Antologia do Pandem\u00f4nio\u201d apresenta uma abordagem cr\u00edtica e contundente sobre acontecimentos hist\u00f3ricos e quest\u00f5es sociais recentes do Brasil.<\/p>\n<p>A programa\u00e7\u00e3o em Sert\u00e2nia tamb\u00e9m antecede mais um importante compromisso na trajet\u00f3ria do escritor. No pr\u00f3ximo dia 4 de setembro, Josessandro Andrade seguir\u00e1 para o Sudeste, onde apresentar\u00e1 a obra e participar\u00e1 de uma sess\u00e3o de aut\u00f3grafos na Bienal Internacional do Livro de S\u00e3o Paulo.<\/p>\n<p>O lan\u00e7amento desta sexta-feira representa mais um momento de valoriza\u00e7\u00e3o da produ\u00e7\u00e3o liter\u00e1ria sertaniense, levando uma obra produzida no interior pernambucano de Sert\u00e2nia a importantes espa\u00e7os da literatura nacional e internacional.<\/p>\n<p><strong>CARIRI EM A\u00c7\u00c3O<\/strong><\/p>\n","protected":false},"excerpt":{"rendered":"<p>O escritor sertaniense Josessandro Andrade lan\u00e7a, nesta sexta-feira (28), \u00e0s 19h, a segunda edi\u00e7\u00e3o da obra \u201cA Roda do Esc\u00e1rnio \u2013 Antologia do Pandem\u00f4nio\u201d. O lan\u00e7amento acontece em Sert\u00e2nia, no Sert\u00e3o do Moxot\u00f3, e integra a programa\u00e7\u00e3o da 1\u00aa Semana de Hist\u00f3ria, promovida pelo Centro Acad\u00eamico do Sert\u00e3o, da Universidade Federal de Pernambuco (UFPE). A obra chega \u00e0 nova edi\u00e7\u00e3o carregando um importante reconhecimento internacional. Em 2025, Josessandro Andrade conquistou o Pr\u00eamio Swiss Excellence Literature Network, honraria recebida durante o tradicional Sal\u00e3o Internacional do Livro de Genebra, na Su\u00ed\u00e7a. Antes do lan\u00e7amento, ser\u00e1 realizada uma mesa-redonda sob a coordena\u00e7\u00e3o do professor Rildson Ara\u00fajo. Durante a atividade, o livro tamb\u00e9m ser\u00e1 tema de debate, proporcionando ao p\u00fablico a oportunidade de conhecer mais sobre a obra e as quest\u00f5es abordadas pelo autor. Definida pelo pr\u00f3prio Josessandro Andrade como um manifesto pol\u00edtico de den\u00fancia social atrav\u00e9s da poesia, \u201cA Roda do Esc\u00e1rnio \u2013 Antologia do Pandem\u00f4nio\u201d apresenta uma abordagem cr\u00edtica e contundente sobre acontecimentos hist\u00f3ricos e quest\u00f5es sociais recentes do Brasil. A programa\u00e7\u00e3o em Sert\u00e2nia tamb\u00e9m antecede mais um importante compromisso na trajet\u00f3ria do escritor. No pr\u00f3ximo dia 4 de setembro, Josessandro Andrade seguir\u00e1 para o Sudeste, onde apresentar\u00e1 a obra e participar\u00e1 de uma sess\u00e3o de aut\u00f3grafos na Bienal Internacional do Livro de S\u00e3o Paulo. O lan\u00e7amento desta sexta-feira representa mais um momento de valoriza\u00e7\u00e3o da produ\u00e7\u00e3o liter\u00e1ria sertaniense, levando uma obra produzida no interior pernambucano de Sert\u00e2nia a importantes espa\u00e7os da literatura nacional e internacional. CARIRI EM A\u00c7\u00c3O<\/p>\n","protected":false},"author":6,"featured_media":320440,"comment_status":"closed","ping_status":"closed","sticky":false,"template":"","format":"standard","meta":{"sfsi_plus_gutenberg_text_before_share":"","sfsi_plus_gutenberg_show_text_before_share":"","sfsi_plus_gutenberg_icon_type":"","sfsi_plus_gutenberg_icon_alignemt":"","sfsi_plus_gutenburg_max_per_row":"","footnotes":""},"categories":[125],"tags":[],"class_list":["post-320439","post","type-post","status-publish","format-standard","has-post-thumbnail","hentry","category-pernambuco"],"_links":{"self":[{"href":"https:\/\/www.caririemacao.com\/1\/wp-json\/wp\/v2\/posts\/320439","targetHints":{"allow":["GET"]}}],"collection":[{"href":"https:\/\/www.caririemacao.com\/1\/wp-json\/wp\/v2\/posts"}],"about":[{"href":"https:\/\/www.caririemacao.com\/1\/wp-json\/wp\/v2\/types\/post"}],"author":[{"embeddable":true,"href":"https:\/\/www.caririemacao.com\/1\/wp-json\/wp\/v2\/users\/6"}],"replies":[{"embeddable":true,"href":"https:\/\/www.caririemacao.com\/1\/wp-json\/wp\/v2\/comments?post=320439"}],"version-history":[{"count":1,"href":"https:\/\/www.caririemacao.com\/1\/wp-json\/wp\/v2\/posts\/320439\/revisions"}],"predecessor-version":[{"id":320441,"href":"https:\/\/www.caririemacao.com\/1\/wp-json\/wp\/v2\/posts\/320439\/revisions\/320441"}],"wp:featuredmedia":[{"embeddable":true,"href":"https:\/\/www.caririemacao.com\/1\/wp-json\/wp\/v2\/media\/320440"}],"wp:attachment":[{"href":"https:\/\/www.caririemacao.com\/1\/wp-json\/wp\/v2\/media?parent=320439"}],"wp:term":[{"taxonomy":"category","embeddable":true,"href":"https:\/\/www.caririemacao.com\/1\/wp-json\/wp\/v2\/categories?post=320439"},{"taxonomy":"post_tag","embeddable":true,"href":"https:\/\/www.caririemacao.com\/1\/wp-json\/wp\/v2\/tags?post=320439"}],"curies":[{"name":"wp","href":"https:\/\/api.w.org\/{rel}","templated":true}]}}