{"id":320442,"date":"2026-08-26T06:00:26","date_gmt":"2026-08-26T09:00:26","guid":{"rendered":"https:\/\/www.caririemacao.com\/1\/?p=320442"},"modified":"2026-08-26T07:05:10","modified_gmt":"2026-08-26T10:05:10","slug":"organizacao-lanca-no-brasil-movimento-um-dia-sem-internet","status":"publish","type":"post","link":"https:\/\/www.caririemacao.com\/1\/2026\/08\/26\/organizacao-lanca-no-brasil-movimento-um-dia-sem-internet\/","title":{"rendered":"Organiza\u00e7\u00e3o lan\u00e7a no Brasil movimento Um Dia sem Internet"},"content":{"rendered":"<p>Sair da rotina da internet e das redes sociais de todo o mundo, incentivando, por outro lado, o tempo offline com qualidade, \u00e9 o objetivo do primeiro Dia do Reset (Reset Day), que ser\u00e1 lan\u00e7ado nesta quarta-feira (26), no Brasil, pela Outward Bound Brasil (OBB), organiza\u00e7\u00e3o educacional internacional voltada ao desenvolvimento humano por meio de experi\u00eancias ao ar livre.<img decoding=\"async\" src=\"https:\/\/agenciabrasil.ebc.com.br\/ebc.png?id=1700580&amp;o=node\" \/><img decoding=\"async\" src=\"https:\/\/agenciabrasil.ebc.com.br\/ebc.gif?id=1700580&amp;o=node\" \/><\/p>\n<p>O dia ser\u00e1 marcado pelo lan\u00e7amento de um filme manifesto e a abertura de inscri\u00e7\u00f5es para a a\u00e7\u00e3o, que acontecer\u00e1 no dia 26 de setembro pr\u00f3ximo, em todo o pa\u00eds. A iniciativa \u00e9 gratuita e baseada na escolha do que cada pessoa far\u00e1 com a sua pausa das redes.<\/p>\n<p>A inten\u00e7\u00e3o \u00e9 engajar 200 mil brasileiros simultaneamente e registrar entre 250 mil a 700 mil horas desconectadas de redes e dispositivos por 24 horas.\u00a0O conceito \u00e9 Um dia. Redes Sociais fora do ar. Voc\u00ea dentro da vida.<\/p>\n<p>O Dia do Reset foi criado pela Outward Bound nos Estados Unidos, em 2025, com o nome The Reset. A iniciativa convida jovens, fam\u00edlias, escolas, empresas e comunidades a realizarem uma pausa volunt\u00e1ria das redes e dedicarem esse per\u00edodo \u00e0 natureza, \u00e0 conviv\u00eancia, \u00e0s rela\u00e7\u00f5es presenciais e \u00e0 reconex\u00e3o consigo mesmos.<\/p>\n<p>Na edi\u00e7\u00e3o inaugural nos Estados Unidos foram reunidos 51 mil participantes, resultando em 328 mil horas de desconex\u00e3o digital.<\/p>\n<p>Fundada em 1941, em Aberdyfi, no Reino Unido, a Outward Bound \u00e9 pioneira na aprendizagem experiencial ao ar livre.<\/p>\n<p>A organiza\u00e7\u00e3o est\u00e1 presente em seis continentes, onde realiza experi\u00eancias voltadas ao desenvolvimento humano. No Brasil, a OB est\u00e1 desde o ano 2000.<\/p>\n<p>A organiza\u00e7\u00e3o utiliza a natureza como parte central de sua metodologia, desenvolvendo programas para crian\u00e7as, adolescentes, adultos, fam\u00edlias, escolas, organiza\u00e7\u00f5es sociais e empresas.<\/p>\n<h2>Ansiedade e depress\u00e3o<\/h2>\n<p>Estudos mostram que,\u00a0no Brasil, as pessoas costumam passar em torno de 116 horas por semana conectadas \u00e0 internet, o que significa a m\u00e9dia de 52 anos, 9 meses e 16 dias vividos de forma online.<\/p>\n<p>De acordo com estimativas, o Brasil seria o segundo pa\u00eds no mundo em tempo m\u00e9dio de uso de redes sociais.<\/p>\n<p>O conselheiro da OBB Eduardo Becker chama a aten\u00e7\u00e3o para os n\u00fameros que o Brasil apresenta.<\/p>\n<p>\u201cO Brasil figura sempre entre os primeiros lugares no tempo de uso de redes sociais, com 54% dos jovens tendo algum quadro de ansiedade ou p\u00e2nico; 80% n\u00e3o fazem o m\u00ednimo de atividade f\u00edsica recomendado pela Organiza\u00e7\u00e3o Mundial da Sa\u00fade (OMS)\u201d, alerta o conselheiro.<\/p>\n<p>Becker avalia que o que se observa \u00e9 uma pandemia silenciosa. E ressalta, no entanto, que\u00a0o Dia do Reset n\u00e3o \u00e9 contra a tecnologia.<\/p>\n<p>\u201cTodos n\u00f3s usamos a tecnologia. O evento s\u00f3 quer jogar luz sobre a quest\u00e3o do equil\u00edbrio. \u00c9 quando a gente usa a tecnologia de forma intencional ou quando ela est\u00e1 usando a gente. O que n\u00f3s queremos \u00e9 que as pessoas entendam que a tecnologia tem seu papel, mas que estar presente nos lugares, entender que a vida real \u00e9 mais importante \u00e9 uma quest\u00e3o de sa\u00fade\u201d, disse Becker.<\/p>\n<p>O diretor executivo da Outward Bound Brasil, Andreas Martin, conhecido por Fish, acrescenta que a proposta n\u00e3o \u00e9 se desconectar da tecnologia, mas alcan\u00e7ar o equil\u00edbrio e ter em mente que antes de sermos usu\u00e1rios digitais, somos pessoas.<\/p>\n<p>\u201cE construir uma vida significativa exige tempo, presen\u00e7a e espa\u00e7o para estar com o outro e consigo mesmo\u201d, ressalta.<\/p>\n<h2>Escolha pessoal<\/h2>\n<p>A proposta do dia sem internet convida as pessoas a voltar ao dia a dia, e que cada participante que se inscrever escolha como vai preencher o tempo livre durante a a\u00e7\u00e3o, com caminhada, banho de rio, jogo em fam\u00edlia, rodas de conversa. Algumas horas de contempla\u00e7\u00e3o offline s\u00e3o algumas sugest\u00f5es.<\/p>\n<p>Mais de 80 empresas j\u00e1 foram mobilizadas para o dia 26 de setembro.\u00a0O movimento conta tamb\u00e9m com patrocinadores que financiam bolsas para jovens em situa\u00e7\u00e3o de vulnerabilidade em programas educacionais da OBB. Escolas, empresas e fam\u00edlias poder\u00e3o organizar suas pr\u00f3prias atividades, cada uma no seu formato.<\/p>\n<p>Apoiam a mobiliza\u00e7\u00e3o, entre outras personalidades, o pediatra Daniel Becker; o escritor e educador Ilan Brenman; Aretha Duarte, primeira mulher negra latino-americana a alcan\u00e7ar o cume do Everest; Gabriel Abdalla, idealizador da plataforma Reconecta; e Beto Pandiani, conhecido velejador brasileiro.<\/p>\n<p>O ponto de contato para a ocupa\u00e7\u00e3o de espa\u00e7os p\u00fablicos \u00e9 o coletivo Entre Parques.<\/p>\n<p>O movimento disponibilizar\u00e1 pelo\u00a0<a href=\"http:\/\/www.obb.org.br\/\" target=\"_blank\" rel=\"noopener\">site oficial<\/a>\u00a0o acesso a materiais educativos e guias de atividades sugeridas.<\/p>\n","protected":false},"excerpt":{"rendered":"<p>Sair da rotina da internet e das redes sociais de todo o mundo, incentivando, por outro lado, o tempo offline com qualidade, \u00e9 o objetivo do primeiro Dia do Reset (Reset Day), que ser\u00e1 lan\u00e7ado nesta quarta-feira (26), no Brasil, pela Outward Bound Brasil (OBB), organiza\u00e7\u00e3o educacional internacional voltada ao desenvolvimento humano por meio de experi\u00eancias ao ar livre. O dia ser\u00e1 marcado pelo lan\u00e7amento de um filme manifesto e a abertura de inscri\u00e7\u00f5es para a a\u00e7\u00e3o, que acontecer\u00e1 no dia 26 de setembro pr\u00f3ximo, em todo o pa\u00eds. A iniciativa \u00e9 gratuita e baseada na escolha do que cada pessoa far\u00e1 com a sua pausa das redes. A inten\u00e7\u00e3o \u00e9 engajar 200 mil brasileiros simultaneamente e registrar entre 250 mil a 700 mil horas desconectadas de redes e dispositivos por 24 horas.\u00a0O conceito \u00e9 Um dia. Redes Sociais fora do ar. Voc\u00ea dentro da vida. O Dia do Reset foi criado pela Outward Bound nos Estados Unidos, em 2025, com o nome The Reset. A iniciativa convida jovens, fam\u00edlias, escolas, empresas e comunidades a realizarem uma pausa volunt\u00e1ria das redes e dedicarem esse per\u00edodo \u00e0 natureza, \u00e0 conviv\u00eancia, \u00e0s rela\u00e7\u00f5es presenciais e \u00e0 reconex\u00e3o consigo mesmos. Na edi\u00e7\u00e3o inaugural nos Estados Unidos foram reunidos 51 mil participantes, resultando em 328 mil horas de desconex\u00e3o digital. Fundada em 1941, em Aberdyfi, no Reino Unido, a Outward Bound \u00e9 pioneira na aprendizagem experiencial ao ar livre. A organiza\u00e7\u00e3o est\u00e1 presente em seis continentes, onde realiza experi\u00eancias voltadas ao desenvolvimento humano. No Brasil, a OB est\u00e1 desde o ano 2000. A organiza\u00e7\u00e3o utiliza a natureza como parte central de sua metodologia, desenvolvendo programas para crian\u00e7as, adolescentes, adultos, fam\u00edlias, escolas, organiza\u00e7\u00f5es sociais e empresas. Ansiedade e depress\u00e3o Estudos mostram que,\u00a0no Brasil, as pessoas costumam passar em torno de 116 horas por semana conectadas \u00e0 internet, o que significa a m\u00e9dia de 52 anos, 9 meses e 16 dias vividos de forma online. De acordo com estimativas, o Brasil seria o segundo pa\u00eds no mundo em tempo m\u00e9dio de uso de redes sociais. O conselheiro da OBB Eduardo Becker chama a aten\u00e7\u00e3o para os n\u00fameros que o Brasil apresenta. \u201cO Brasil figura sempre entre os primeiros lugares no tempo de uso de redes sociais, com 54% dos jovens tendo algum quadro de ansiedade ou p\u00e2nico; 80% n\u00e3o fazem o m\u00ednimo de atividade f\u00edsica recomendado pela Organiza\u00e7\u00e3o Mundial da Sa\u00fade (OMS)\u201d, alerta o conselheiro. Becker avalia que o que se observa \u00e9 uma pandemia silenciosa. E ressalta, no entanto, que\u00a0o Dia do Reset n\u00e3o \u00e9 contra a tecnologia. \u201cTodos n\u00f3s usamos a tecnologia. O evento s\u00f3 quer jogar luz sobre a quest\u00e3o do equil\u00edbrio. \u00c9 quando a gente usa a tecnologia de forma intencional ou quando ela est\u00e1 usando a gente. O que n\u00f3s queremos \u00e9 que as pessoas entendam que a tecnologia tem seu papel, mas que estar presente nos lugares, entender que a vida real \u00e9 mais importante \u00e9 uma quest\u00e3o de sa\u00fade\u201d, disse Becker. O diretor executivo da Outward Bound Brasil, Andreas Martin, conhecido por Fish, acrescenta que a proposta n\u00e3o \u00e9 se desconectar da tecnologia, mas alcan\u00e7ar o equil\u00edbrio e ter em mente que antes de sermos usu\u00e1rios digitais, somos pessoas. \u201cE construir uma vida significativa exige tempo, presen\u00e7a e espa\u00e7o para estar com o outro e consigo mesmo\u201d, ressalta. Escolha pessoal A proposta do dia sem internet convida as pessoas a voltar ao dia a dia, e que cada participante que se inscrever escolha como vai preencher o tempo livre durante a a\u00e7\u00e3o, com caminhada, banho de rio, jogo em fam\u00edlia, rodas de conversa. Algumas horas de contempla\u00e7\u00e3o offline s\u00e3o algumas sugest\u00f5es. Mais de 80 empresas j\u00e1 foram mobilizadas para o dia 26 de setembro.\u00a0O movimento conta tamb\u00e9m com patrocinadores que financiam bolsas para jovens em situa\u00e7\u00e3o de vulnerabilidade em programas educacionais da OBB. Escolas, empresas e fam\u00edlias poder\u00e3o organizar suas pr\u00f3prias atividades, cada uma no seu formato. Apoiam a mobiliza\u00e7\u00e3o, entre outras personalidades, o pediatra Daniel Becker; o escritor e educador Ilan Brenman; Aretha Duarte, primeira mulher negra latino-americana a alcan\u00e7ar o cume do Everest; Gabriel Abdalla, idealizador da plataforma Reconecta; e Beto Pandiani, conhecido velejador brasileiro. O ponto de contato para a ocupa\u00e7\u00e3o de espa\u00e7os p\u00fablicos \u00e9 o coletivo Entre Parques. O movimento disponibilizar\u00e1 pelo\u00a0site oficial\u00a0o acesso a materiais educativos e guias de atividades sugeridas.<\/p>\n","protected":false},"author":6,"featured_media":320443,"comment_status":"closed","ping_status":"closed","sticky":false,"template":"","format":"standard","meta":{"sfsi_plus_gutenberg_text_before_share":"","sfsi_plus_gutenberg_show_text_before_share":"","sfsi_plus_gutenberg_icon_type":"","sfsi_plus_gutenberg_icon_alignemt":"","sfsi_plus_gutenburg_max_per_row":"","footnotes":""},"categories":[15],"tags":[],"class_list":["post-320442","post","type-post","status-publish","format-standard","has-post-thumbnail","hentry","category-cultura"],"_links":{"self":[{"href":"https:\/\/www.caririemacao.com\/1\/wp-json\/wp\/v2\/posts\/320442","targetHints":{"allow":["GET"]}}],"collection":[{"href":"https:\/\/www.caririemacao.com\/1\/wp-json\/wp\/v2\/posts"}],"about":[{"href":"https:\/\/www.caririemacao.com\/1\/wp-json\/wp\/v2\/types\/post"}],"author":[{"embeddable":true,"href":"https:\/\/www.caririemacao.com\/1\/wp-json\/wp\/v2\/users\/6"}],"replies":[{"embeddable":true,"href":"https:\/\/www.caririemacao.com\/1\/wp-json\/wp\/v2\/comments?post=320442"}],"version-history":[{"count":1,"href":"https:\/\/www.caririemacao.com\/1\/wp-json\/wp\/v2\/posts\/320442\/revisions"}],"predecessor-version":[{"id":320444,"href":"https:\/\/www.caririemacao.com\/1\/wp-json\/wp\/v2\/posts\/320442\/revisions\/320444"}],"wp:featuredmedia":[{"embeddable":true,"href":"https:\/\/www.caririemacao.com\/1\/wp-json\/wp\/v2\/media\/320443"}],"wp:attachment":[{"href":"https:\/\/www.caririemacao.com\/1\/wp-json\/wp\/v2\/media?parent=320442"}],"wp:term":[{"taxonomy":"category","embeddable":true,"href":"https:\/\/www.caririemacao.com\/1\/wp-json\/wp\/v2\/categories?post=320442"},{"taxonomy":"post_tag","embeddable":true,"href":"https:\/\/www.caririemacao.com\/1\/wp-json\/wp\/v2\/tags?post=320442"}],"curies":[{"name":"wp","href":"https:\/\/api.w.org\/{rel}","templated":true}]}}