{"id":320448,"date":"2026-08-26T06:00:17","date_gmt":"2026-08-26T09:00:17","guid":{"rendered":"https:\/\/www.caririemacao.com\/1\/?p=320448"},"modified":"2026-08-26T07:05:13","modified_gmt":"2026-08-26T10:05:13","slug":"ouro-velho-promove-dia-d-de-vacinacao-antirrabica-neste-sabado","status":"publish","type":"post","link":"https:\/\/www.caririemacao.com\/1\/2026\/08\/26\/ouro-velho-promove-dia-d-de-vacinacao-antirrabica-neste-sabado\/","title":{"rendered":"Ouro Velho promove Dia D de vacina\u00e7\u00e3o antirr\u00e1bica neste s\u00e1bado"},"content":{"rendered":"<p class=\"wp-block-paragraph\">A Prefeitura de Ouro Velho, por meio da Secretaria Municipal de Sa\u00fade, promove neste s\u00e1bado (29) uma mobiliza\u00e7\u00e3o especial para garantir a imuniza\u00e7\u00e3o de c\u00e3es e gatos contra a raiva. O Dia D de Vacina\u00e7\u00e3o Antirr\u00e1bica contar\u00e1 com atendimento gratuito em dois pontos da cidade.<\/p>\n<p class=\"wp-block-paragraph\">A programa\u00e7\u00e3o ter\u00e1 in\u00edcio pela manh\u00e3, das 7h \u00e0s 11h, na Pra\u00e7a do Mutir\u00e3o, pr\u00f3ximo ao CEO. No per\u00edodo da tarde, as equipes estar\u00e3o em frente ao Centro de Reabilita\u00e7\u00e3o, das 13h \u00e0s 16h, dando continuidade \u00e0 vacina\u00e7\u00e3o.<\/p>\n<p class=\"wp-block-paragraph\">A iniciativa busca facilitar o acesso dos tutores \u00e0 imuniza\u00e7\u00e3o e aumentar a cobertura vacinal dos animais no munic\u00edpio. A orienta\u00e7\u00e3o \u00e9 para que os respons\u00e1veis aproveitem o Dia D para levar seus c\u00e3es e gatos aos locais de atendimento.<\/p>\n<p class=\"wp-block-paragraph\">Al\u00e9m de proteger os animais, a vacina\u00e7\u00e3o antirr\u00e1bica desempenha papel importante na sa\u00fade p\u00fablica, contribuindo para a preven\u00e7\u00e3o da raiva e reduzindo os riscos de transmiss\u00e3o da doen\u00e7a.<\/p>\n<p class=\"wp-block-paragraph\">A Secretaria Municipal de Sa\u00fade refor\u00e7a o chamado \u00e0 popula\u00e7\u00e3o para participar da mobiliza\u00e7\u00e3o e manter a vacina\u00e7\u00e3o dos animais em dia.<\/p>\n<p class=\"wp-block-paragraph\">Com a realiza\u00e7\u00e3o do Dia D, a gest\u00e3o municipal mant\u00e9m as a\u00e7\u00f5es de preven\u00e7\u00e3o e cuidado, unindo prote\u00e7\u00e3o animal e promo\u00e7\u00e3o da sa\u00fade da popula\u00e7\u00e3o de Ouro Velho.<\/p>\n","protected":false},"excerpt":{"rendered":"<p>A Prefeitura de Ouro Velho, por meio da Secretaria Municipal de Sa\u00fade, promove neste s\u00e1bado (29) uma mobiliza\u00e7\u00e3o especial para garantir a imuniza\u00e7\u00e3o de c\u00e3es e gatos contra a raiva. O Dia D de Vacina\u00e7\u00e3o Antirr\u00e1bica contar\u00e1 com atendimento gratuito em dois pontos da cidade. A programa\u00e7\u00e3o ter\u00e1 in\u00edcio pela manh\u00e3, das 7h \u00e0s 11h, na Pra\u00e7a do Mutir\u00e3o, pr\u00f3ximo ao CEO. No per\u00edodo da tarde, as equipes estar\u00e3o em frente ao Centro de Reabilita\u00e7\u00e3o, das 13h \u00e0s 16h, dando continuidade \u00e0 vacina\u00e7\u00e3o. A iniciativa busca facilitar o acesso dos tutores \u00e0 imuniza\u00e7\u00e3o e aumentar a cobertura vacinal dos animais no munic\u00edpio. A orienta\u00e7\u00e3o \u00e9 para que os respons\u00e1veis aproveitem o Dia D para levar seus c\u00e3es e gatos aos locais de atendimento. Al\u00e9m de proteger os animais, a vacina\u00e7\u00e3o antirr\u00e1bica desempenha papel importante na sa\u00fade p\u00fablica, contribuindo para a preven\u00e7\u00e3o da raiva e reduzindo os riscos de transmiss\u00e3o da doen\u00e7a. A Secretaria Municipal de Sa\u00fade refor\u00e7a o chamado \u00e0 popula\u00e7\u00e3o para participar da mobiliza\u00e7\u00e3o e manter a vacina\u00e7\u00e3o dos animais em dia. Com a realiza\u00e7\u00e3o do Dia D, a gest\u00e3o municipal mant\u00e9m as a\u00e7\u00f5es de preven\u00e7\u00e3o e cuidado, unindo prote\u00e7\u00e3o animal e promo\u00e7\u00e3o da sa\u00fade da popula\u00e7\u00e3o de Ouro Velho.<\/p>\n","protected":false},"author":6,"featured_media":320449,"comment_status":"closed","ping_status":"closed","sticky":false,"template":"","format":"standard","meta":{"sfsi_plus_gutenberg_text_before_share":"","sfsi_plus_gutenberg_show_text_before_share":"","sfsi_plus_gutenberg_icon_type":"","sfsi_plus_gutenberg_icon_alignemt":"","sfsi_plus_gutenburg_max_per_row":"","footnotes":""},"categories":[6],"tags":[],"class_list":["post-320448","post","type-post","status-publish","format-standard","has-post-thumbnail","hentry","category-cidades"],"_links":{"self":[{"href":"https:\/\/www.caririemacao.com\/1\/wp-json\/wp\/v2\/posts\/320448","targetHints":{"allow":["GET"]}}],"collection":[{"href":"https:\/\/www.caririemacao.com\/1\/wp-json\/wp\/v2\/posts"}],"about":[{"href":"https:\/\/www.caririemacao.com\/1\/wp-json\/wp\/v2\/types\/post"}],"author":[{"embeddable":true,"href":"https:\/\/www.caririemacao.com\/1\/wp-json\/wp\/v2\/users\/6"}],"replies":[{"embeddable":true,"href":"https:\/\/www.caririemacao.com\/1\/wp-json\/wp\/v2\/comments?post=320448"}],"version-history":[{"count":1,"href":"https:\/\/www.caririemacao.com\/1\/wp-json\/wp\/v2\/posts\/320448\/revisions"}],"predecessor-version":[{"id":320450,"href":"https:\/\/www.caririemacao.com\/1\/wp-json\/wp\/v2\/posts\/320448\/revisions\/320450"}],"wp:featuredmedia":[{"embeddable":true,"href":"https:\/\/www.caririemacao.com\/1\/wp-json\/wp\/v2\/media\/320449"}],"wp:attachment":[{"href":"https:\/\/www.caririemacao.com\/1\/wp-json\/wp\/v2\/media?parent=320448"}],"wp:term":[{"taxonomy":"category","embeddable":true,"href":"https:\/\/www.caririemacao.com\/1\/wp-json\/wp\/v2\/categories?post=320448"},{"taxonomy":"post_tag","embeddable":true,"href":"https:\/\/www.caririemacao.com\/1\/wp-json\/wp\/v2\/tags?post=320448"}],"curies":[{"name":"wp","href":"https:\/\/api.w.org\/{rel}","templated":true}]}}