{"id":320451,"date":"2026-08-26T06:00:58","date_gmt":"2026-08-26T09:00:58","guid":{"rendered":"https:\/\/www.caririemacao.com\/1\/?p=320451"},"modified":"2026-08-26T07:05:01","modified_gmt":"2026-08-26T10:05:01","slug":"justica-nega-pedido-de-lulinha-para-remover-video-de-flavio-que-o-vincula-a-fraudes-no-inss","status":"publish","type":"post","link":"https:\/\/www.caririemacao.com\/1\/2026\/08\/26\/justica-nega-pedido-de-lulinha-para-remover-video-de-flavio-que-o-vincula-a-fraudes-no-inss\/","title":{"rendered":"Justi\u00e7a nega pedido de Lulinha para remover v\u00eddeo de Fl\u00e1vio que o vincula a fraudes no INSS"},"content":{"rendered":"<p class=\"has-text-align-center wp-block-paragraph\" style=\"text-align: center;\"><em>Ju\u00edza determinou apenas preserva\u00e7\u00e3o de informa\u00e7\u00f5es da postagem<\/em><\/p>\n<p class=\"wp-block-paragraph\">A Justi\u00e7a de S\u00e3o Paulo negou um pedido do empres\u00e1rio F\u00e1bio Lu\u00eds\u00a0Lula\u00a0da Silva, conhecido como Lulinha, para remover um v\u00eddeo publicado pelo senador Fl\u00e1vio Bolsonaro (PL-RJ) que o vinculava \u00e0s fraudes no INSS.<\/p>\n<p class=\"wp-block-paragraph\">Por outro lado, foi determinada a preserva\u00e7\u00e3o dos dados das postagens, feitas no Instagram e no X.<\/p>\n<p class=\"wp-block-paragraph\">A ju\u00edza Alessandra Lopes Santana de Mello considerou que os elementos apresentados pela defesa de Lulinha n\u00e3o permitiram apontar a \u201cinveracidade do conte\u00fado\u201d.<\/p>\n<p class=\"wp-block-paragraph\">\u201cN\u00e3o consta dos autos prova m\u00ednima do conte\u00fado das investiga\u00e7\u00f5es mencionadas na inicial, o que impede a identifica\u00e7\u00e3o, com seguran\u00e7a, da verossimilhan\u00e7a da ilicitude alegada\u201d, avaliou a magistrada.<\/p>\n<p class=\"wp-block-paragraph\">Mello concordou, no entanto, com a necessidade de preservar informa\u00e7\u00f5es como o alcance das publica\u00e7\u00f5es e eventual impulsionamento.<\/p>\n<p class=\"wp-block-paragraph\">A ju\u00edza analisou agora somente a necessidade ou n\u00e3o de uma decis\u00e3o liminar de remo\u00e7\u00e3o. Ainda ser\u00e1 avaliado o m\u00e9rito do processo, inclusive um pedido de Lulinha para receber uma indeniza\u00e7\u00e3o de R$ 10. 000 reais.<\/p>\n","protected":false},"excerpt":{"rendered":"<p>Ju\u00edza determinou apenas preserva\u00e7\u00e3o de informa\u00e7\u00f5es da postagem A Justi\u00e7a de S\u00e3o Paulo negou um pedido do empres\u00e1rio F\u00e1bio Lu\u00eds\u00a0Lula\u00a0da Silva, conhecido como Lulinha, para remover um v\u00eddeo publicado pelo senador Fl\u00e1vio Bolsonaro (PL-RJ) que o vinculava \u00e0s fraudes no INSS. Por outro lado, foi determinada a preserva\u00e7\u00e3o dos dados das postagens, feitas no Instagram e no X. A ju\u00edza Alessandra Lopes Santana de Mello considerou que os elementos apresentados pela defesa de Lulinha n\u00e3o permitiram apontar a \u201cinveracidade do conte\u00fado\u201d. \u201cN\u00e3o consta dos autos prova m\u00ednima do conte\u00fado das investiga\u00e7\u00f5es mencionadas na inicial, o que impede a identifica\u00e7\u00e3o, com seguran\u00e7a, da verossimilhan\u00e7a da ilicitude alegada\u201d, avaliou a magistrada. Mello concordou, no entanto, com a necessidade de preservar informa\u00e7\u00f5es como o alcance das publica\u00e7\u00f5es e eventual impulsionamento. A ju\u00edza analisou agora somente a necessidade ou n\u00e3o de uma decis\u00e3o liminar de remo\u00e7\u00e3o. Ainda ser\u00e1 avaliado o m\u00e9rito do processo, inclusive um pedido de Lulinha para receber uma indeniza\u00e7\u00e3o de R$ 10. 000 reais.<\/p>\n","protected":false},"author":6,"featured_media":320452,"comment_status":"closed","ping_status":"closed","sticky":false,"template":"","format":"standard","meta":{"sfsi_plus_gutenberg_text_before_share":"","sfsi_plus_gutenberg_show_text_before_share":"","sfsi_plus_gutenberg_icon_type":"","sfsi_plus_gutenberg_icon_alignemt":"","sfsi_plus_gutenburg_max_per_row":"","footnotes":""},"categories":[123],"tags":[],"class_list":["post-320451","post","type-post","status-publish","format-standard","has-post-thumbnail","hentry","category-brasil"],"_links":{"self":[{"href":"https:\/\/www.caririemacao.com\/1\/wp-json\/wp\/v2\/posts\/320451","targetHints":{"allow":["GET"]}}],"collection":[{"href":"https:\/\/www.caririemacao.com\/1\/wp-json\/wp\/v2\/posts"}],"about":[{"href":"https:\/\/www.caririemacao.com\/1\/wp-json\/wp\/v2\/types\/post"}],"author":[{"embeddable":true,"href":"https:\/\/www.caririemacao.com\/1\/wp-json\/wp\/v2\/users\/6"}],"replies":[{"embeddable":true,"href":"https:\/\/www.caririemacao.com\/1\/wp-json\/wp\/v2\/comments?post=320451"}],"version-history":[{"count":1,"href":"https:\/\/www.caririemacao.com\/1\/wp-json\/wp\/v2\/posts\/320451\/revisions"}],"predecessor-version":[{"id":320453,"href":"https:\/\/www.caririemacao.com\/1\/wp-json\/wp\/v2\/posts\/320451\/revisions\/320453"}],"wp:featuredmedia":[{"embeddable":true,"href":"https:\/\/www.caririemacao.com\/1\/wp-json\/wp\/v2\/media\/320452"}],"wp:attachment":[{"href":"https:\/\/www.caririemacao.com\/1\/wp-json\/wp\/v2\/media?parent=320451"}],"wp:term":[{"taxonomy":"category","embeddable":true,"href":"https:\/\/www.caririemacao.com\/1\/wp-json\/wp\/v2\/categories?post=320451"},{"taxonomy":"post_tag","embeddable":true,"href":"https:\/\/www.caririemacao.com\/1\/wp-json\/wp\/v2\/tags?post=320451"}],"curies":[{"name":"wp","href":"https:\/\/api.w.org\/{rel}","templated":true}]}}