{"id":320454,"date":"2026-08-26T06:26:45","date_gmt":"2026-08-26T09:26:45","guid":{"rendered":"https:\/\/www.caririemacao.com\/1\/?p=320454"},"modified":"2026-08-26T08:39:32","modified_gmt":"2026-08-26T11:39:32","slug":"caminhos-do-frio-2026-rota-cultural-do-brejo-paraibano-chega-a-alagoa-grande-nesta-quarta-feira-26","status":"publish","type":"post","link":"https:\/\/www.caririemacao.com\/1\/2026\/08\/26\/caminhos-do-frio-2026-rota-cultural-do-brejo-paraibano-chega-a-alagoa-grande-nesta-quarta-feira-26\/","title":{"rendered":"Caminhos do Frio 2026: rota cultural do Brejo paraibano chega a Alagoa Grande nesta quarta-feira (26)"},"content":{"rendered":"<p>Geraldo Azevedo \u00e9 uma das atra\u00e7\u00f5es confirmadas no Caminhos do Frio 2026. A Rota Cultural Caminhos do Frio 2026 chega \u00e0 cidade de Alagoa Grande nesta quarta-feira (26). O circuito vai passando por v\u00e1rios munic\u00edpios do Brejo paraibano at\u00e9 o m\u00eas de setembro, e em Alagoa Grande nomes como Geraldo Azevedo est\u00e3o confirmados em shows na cidade. A Rota Cultural Caminhos do Frio completa 20 anos em 2026 e conta com uma programa\u00e7\u00e3o cultural que oferece aos visitantes m\u00fasica, artes c\u00eanicas, gastronomia, trilhas e experi\u00eancias nos engenhos.<\/p>\n<p>Em Alagoa Grande a programa\u00e7\u00e3o se estende at\u00e9 30 de agosto com shows, oficinas, trilhas, atividades liter\u00e1rias e exposi\u00e7\u00f5es. Geraldo Azevedo se apresenta no palco principal da festa, em pra\u00e7a p\u00fablica, no s\u00e1bado (29). A programa\u00e7\u00e3o completa do Caminhos do Frio em Alagoa Grande pode ser conferida nas redes sociais da prefeitura da cidade.<\/p>\n<p>Fazem parte da rota cultural as cidades de Areia, Pil\u00f5es, Matinhas, Sol\u00e2nea, Serraria, Borborema, Rem\u00edgio, Bananeiras, Alagoa Grande e Alagoa Nova (confira o cronograma das cidades).<\/p>\n<p><em>Fonte: G1 Para\u00edba<\/em><\/p>\n","protected":false},"excerpt":{"rendered":"<p>Geraldo Azevedo \u00e9 uma das atra\u00e7\u00f5es confirmadas no Caminhos do Frio Divulga\u00e7\u00e3o A Rota Cultural Caminhos do Frio 2026 chega a cidade de Alagoa Grande nesta quarta-feira (26). O circuito vai passar por v\u00e1rios munic\u00edpios do Brejo paraibano at\u00e9 o m\u00eas de setembro, e em Alagoa Grande nomes como Geraldo Azevedo est\u00e3o confirmados em shows na cidade. A Rota Cultural Caminhos do Frio completa 20 anos em 2026 e conta com uma programa\u00e7\u00e3o cultural que oferece aos visitantes m\u00fasica, artes c\u00eanicas, gastronomia, trilhas e experi\u00eancias nos engenhos. &#x2705; Clique aqui para seguir o canal do g1 PB no WhatsApp Em Alagoa Grande a programa\u00e7\u00e3o segue at\u00e9 30 de agosto com shows, oficinas, trilhas, atividades liter\u00e1rias e exposi\u00e7\u00f5es. Geraldo Azevedo se apresenta no palco principal da festa, em pra\u00e7a p\u00fablica, no s\u00e1bado (29). A programa\u00e7\u00e3o completa do Caminhos do Frio em Alagoa Grande pode ser conferida nas redes sociais da prefeitura da cidade. Fazem parte da rota cultural as cidades de Areia, Pil\u00f5es, Matinhas, Sol\u00e2nea, Serraria, Borborema, Rem\u00edgio, Bananeiras, Alagoa Grande e Alagoa Nova (confira o cronograma das cidades). V\u00eddeos em alta no g1 V\u00eddeos mais assistidos do g1 Para\u00edba<\/p>\n","protected":false},"author":1,"featured_media":320455,"comment_status":"closed","ping_status":"closed","sticky":false,"template":"","format":"standard","meta":{"sfsi_plus_gutenberg_text_before_share":"","sfsi_plus_gutenberg_show_text_before_share":"","sfsi_plus_gutenberg_icon_type":"","sfsi_plus_gutenberg_icon_alignemt":"","sfsi_plus_gutenburg_max_per_row":"","footnotes":""},"categories":[15],"tags":[],"class_list":["post-320454","post","type-post","status-publish","format-standard","has-post-thumbnail","hentry","category-cultura"],"_links":{"self":[{"href":"https:\/\/www.caririemacao.com\/1\/wp-json\/wp\/v2\/posts\/320454","targetHints":{"allow":["GET"]}}],"collection":[{"href":"https:\/\/www.caririemacao.com\/1\/wp-json\/wp\/v2\/posts"}],"about":[{"href":"https:\/\/www.caririemacao.com\/1\/wp-json\/wp\/v2\/types\/post"}],"author":[{"embeddable":true,"href":"https:\/\/www.caririemacao.com\/1\/wp-json\/wp\/v2\/users\/1"}],"replies":[{"embeddable":true,"href":"https:\/\/www.caririemacao.com\/1\/wp-json\/wp\/v2\/comments?post=320454"}],"version-history":[{"count":2,"href":"https:\/\/www.caririemacao.com\/1\/wp-json\/wp\/v2\/posts\/320454\/revisions"}],"predecessor-version":[{"id":320485,"href":"https:\/\/www.caririemacao.com\/1\/wp-json\/wp\/v2\/posts\/320454\/revisions\/320485"}],"wp:featuredmedia":[{"embeddable":true,"href":"https:\/\/www.caririemacao.com\/1\/wp-json\/wp\/v2\/media\/320455"}],"wp:attachment":[{"href":"https:\/\/www.caririemacao.com\/1\/wp-json\/wp\/v2\/media?parent=320454"}],"wp:term":[{"taxonomy":"category","embeddable":true,"href":"https:\/\/www.caririemacao.com\/1\/wp-json\/wp\/v2\/categories?post=320454"},{"taxonomy":"post_tag","embeddable":true,"href":"https:\/\/www.caririemacao.com\/1\/wp-json\/wp\/v2\/tags?post=320454"}],"curies":[{"name":"wp","href":"https:\/\/api.w.org\/{rel}","templated":true}]}}