{"id":320457,"date":"2026-08-26T07:26:29","date_gmt":"2026-08-26T10:26:29","guid":{"rendered":"https:\/\/www.caririemacao.com\/1\/?p=320457"},"modified":"2026-08-26T07:26:29","modified_gmt":"2026-08-26T10:26:29","slug":"homicidio-em-grande-joao-pessoa-oito-tiros-contra-estudante-no-bairro-marcos-moura","status":"publish","type":"post","link":"https:\/\/www.caririemacao.com\/1\/2026\/08\/26\/homicidio-em-grande-joao-pessoa-oito-tiros-contra-estudante-no-bairro-marcos-moura\/","title":{"rendered":"Homic\u00eddio em Grande Jo\u00e3o Pessoa: oito tiros contra estudante no bairro Marcos Moura"},"content":{"rendered":"<p>Na noite da ter\u00e7a-feira, 25, foram registrados oito disparos no bairro Marcos Moura, em Santa Rita, na Grande Jo\u00e3o Pessoa. De acordo com a Pol\u00edcia Civil, a v\u00edtima era estudante e a principal suspeita \u00e9 de que o assassinato tenha ocorrido ap\u00f3s uma discuss\u00e3o motivada por som alto. Ap\u00f3s o crime, os suspeitos fugiram e, at\u00e9 a \u00faltima atualiza\u00e7\u00e3o, nenhuma pessoa envolvida havia sido localizada. A pol\u00edcia continua investigando o caso e solicita que informa\u00e7\u00f5es que possam auxiliar as investiga\u00e7\u00f5es sejam repassadas ao Disk Den\u00fancia, pelo n\u00famero 197.<\/p>\n<p><em>Fonte: G1 Para\u00edba<\/em><\/p>\n","protected":false},"excerpt":{"rendered":"<p>Homem \u00e9 morto a tiros ap\u00f3s susposta discuss\u00e3o por som alto, na Grande Jo\u00e3o Pessoa Reprodu\u00e7\u00e3o \/ TV Cabo Branco Um homem identificado como Emanoel Messias Viegas de Lima, de 32 anos, foi morto com oito tiros na noite da ter\u00e7a-feira (25), no bairro Marcos Moura, em Santa Rita, na Grande Jo\u00e3o Pessoa. &#x2705; Clique aqui para seguir o canal do g1 PB no WhatsApp De acordo com informa\u00e7\u00f5es da Pol\u00edcia Civil, a v\u00edtima era estudante e a principal suspeita \u00e9 de que o assassinato tenha acontecido ap\u00f3s uma discuss\u00e3o por causa de som alto. Agora no g1 Ap\u00f3s o crime, os suspeitos fugiram e, at\u00e9 a \u00faltima atualiza\u00e7\u00e3o desta mat\u00e9ria, n\u00e3o haviam sido localizados. A Pol\u00edcia Civil investiga o caso e pede que informa\u00e7\u00f5es que possam ajudar nas investiga\u00e7\u00f5es sejam repassadas ao Disk Den\u00fancia, pelo n\u00famero 197. V\u00eddeos mais assistidos do g1 Para\u00edba<\/p>\n","protected":false},"author":0,"featured_media":320458,"comment_status":"closed","ping_status":"closed","sticky":false,"template":"","format":"standard","meta":{"sfsi_plus_gutenberg_text_before_share":"","sfsi_plus_gutenberg_show_text_before_share":"","sfsi_plus_gutenberg_icon_type":"","sfsi_plus_gutenberg_icon_alignemt":"","sfsi_plus_gutenburg_max_per_row":"","footnotes":""},"categories":[12],"tags":[],"class_list":["post-320457","post","type-post","status-publish","format-standard","has-post-thumbnail","hentry","category-policia"],"_links":{"self":[{"href":"https:\/\/www.caririemacao.com\/1\/wp-json\/wp\/v2\/posts\/320457","targetHints":{"allow":["GET"]}}],"collection":[{"href":"https:\/\/www.caririemacao.com\/1\/wp-json\/wp\/v2\/posts"}],"about":[{"href":"https:\/\/www.caririemacao.com\/1\/wp-json\/wp\/v2\/types\/post"}],"replies":[{"embeddable":true,"href":"https:\/\/www.caririemacao.com\/1\/wp-json\/wp\/v2\/comments?post=320457"}],"version-history":[{"count":1,"href":"https:\/\/www.caririemacao.com\/1\/wp-json\/wp\/v2\/posts\/320457\/revisions"}],"predecessor-version":[{"id":320459,"href":"https:\/\/www.caririemacao.com\/1\/wp-json\/wp\/v2\/posts\/320457\/revisions\/320459"}],"wp:featuredmedia":[{"embeddable":true,"href":"https:\/\/www.caririemacao.com\/1\/wp-json\/wp\/v2\/media\/320458"}],"wp:attachment":[{"href":"https:\/\/www.caririemacao.com\/1\/wp-json\/wp\/v2\/media?parent=320457"}],"wp:term":[{"taxonomy":"category","embeddable":true,"href":"https:\/\/www.caririemacao.com\/1\/wp-json\/wp\/v2\/categories?post=320457"},{"taxonomy":"post_tag","embeddable":true,"href":"https:\/\/www.caririemacao.com\/1\/wp-json\/wp\/v2\/tags?post=320457"}],"curies":[{"name":"wp","href":"https:\/\/api.w.org\/{rel}","templated":true}]}}