{"id":320460,"date":"2026-08-26T07:31:28","date_gmt":"2026-08-26T10:31:28","guid":{"rendered":"https:\/\/www.caririemacao.com\/1\/?p=320460"},"modified":"2026-08-26T07:31:28","modified_gmt":"2026-08-26T10:31:28","slug":"brasil-e-eua-definem-data-de-reuniao-para-discutir-tarifaco","status":"publish","type":"post","link":"https:\/\/www.caririemacao.com\/1\/2026\/08\/26\/brasil-e-eua-definem-data-de-reuniao-para-discutir-tarifaco\/","title":{"rendered":"Brasil e EUA definem data de reuni\u00e3o para discutir tarifa\u00e7o"},"content":{"rendered":"<div class=\"header-noticia full-width\">\n<div class=\"linha-fina-noticia\" style=\"text-align: center;\"><strong>Encontro virtual entre autoridades ocorrer\u00e1 na pr\u00f3xima segunda-feira<\/strong><\/div>\n<\/div>\n<div>\n<p>O ministro do Desenvolvimento, Ind\u00fastria, Com\u00e9rcio e Servi\u00e7os, M\u00e1rcio Elias Rosa, e o representante comercial dos Estados Unidos (USTR, na sigla em ingl\u00eas), Jamieson Greer, v\u00e3o se reunir na pr\u00f3xima segunda-feira (31), \u00e0s 14h30, no hor\u00e1rio de Bras\u00edlia. O encontro ser\u00e1 virtual e foi confirmado pelo minist\u00e9rio \u00e0 Ag\u00eancia Brasil.<img decoding=\"async\" src=\"https:\/\/agenciabrasil.ebc.com.br\/ebc.png?id=1700577&amp;o=node\" \/><img decoding=\"async\" src=\"https:\/\/agenciabrasil.ebc.com.br\/ebc.gif?id=1700577&amp;o=node\" \/><\/p>\n<p>A retomada das tratativas\u00a0foi acertada durante telefonema\u00a0entre os presidentes Luiz In\u00e1cio Lula da Silva e Donald Trump, ocorrido na \u00faltima sexta-feira (21).\u00a0A conversa durou cerca de uma hora e 20 minutos e, segundo o Pal\u00e1cio do Planalto, ocorreu de forma cordial. Os dois l\u00edderes abriram um novo canal de di\u00e1logo entre Bras\u00edlia e Washington em meio \u00e0 disputa comercial provocada pelas tarifas impostas pelo governo norte-americano sobre produtos brasileiros.<\/p>\n<p>Durante a liga\u00e7\u00e3o, ainda de acordo com o Planalto, o presidente brasileiro defendeu a retomada das negocia\u00e7\u00f5es comerciais e afirmou que as justificativas apresentadas pelo governo norte-americano para a ado\u00e7\u00e3o das novas tarifas s\u00e3o infundadas.<\/p>\n<p>Entre os argumentos utilizados pelos Estados Unidos para fundamentar as medidas est\u00e3o quest\u00f5es relacionadas a desmatamento, acordos preferenciais, propriedade intelectual, combate \u00e0 corrup\u00e7\u00e3o, Pix, etanol e importa\u00e7\u00f5es de produtos associados a trabalho for\u00e7ado.<\/p>\n<p>Lula afirmou que as tarifas prejudicam tanto o Brasil quanto os Estados Unidos e defendeu o di\u00e1logo como caminho para preservar a rela\u00e7\u00e3o comercial entre os dois pa\u00edses.<\/p>\n<p>Trump concordou com a necessidade de manter os v\u00ednculos comerciais e sinalizou a retomada do contato entre as equipes dos dois governos.<\/p>\n<h2>Tarifa\u00e7o<\/h2>\n<p>Em julho, o USTR\u00a0imp\u00f4s uma sobretaxa de 25% sobre v\u00e1rios produtos provenientes do Brasil, ap\u00f3s cerca de um ano de an\u00e1lise.<\/p>\n<p>Foram taxados exportadores de ferro e a\u00e7o, vestu\u00e1rio, cal\u00e7ados, a\u00e7\u00facar, etanol, produtos farmac\u00eauticos, maquin\u00e1rio agr\u00edcola, m\u00e1quinas el\u00e9tricas n\u00e3o voltadas ao setor de avia\u00e7\u00e3o, al\u00e9m de outros produtos manufaturados.<\/p>\n<p>O USTR justificou suas taxas dizendo que certas pr\u00e1ticas adotadas pelo Brasil eram descabidas e oneravam ou restringiam o com\u00e9rcio de agricultores, trabalhadores, inovadores e exportadores estadunidenses. Uma sobretaxa adicional de 12,5% tamb\u00e9m foi aplicada na sequ\u00eancia sobre mais produtos nacionais, sob a alega\u00e7\u00e3o de que o Brasil n\u00e3o adota mecanismos eficazes para impedir a importa\u00e7\u00e3o de mercadorias produzidas com trabalho for\u00e7ado.<\/p>\n<p>Com isso, as novas tarifas em vigor desde o fim do m\u00eas passado\u00a0atingem cerca de US$ 6,6 bilh\u00f5es\u00a0em exporta\u00e7\u00f5es brasileiras ao mercado norte-americano, segundo levantamento do Minist\u00e9rio do Desenvolvimento, Ind\u00fastria, Com\u00e9rcio e Servi\u00e7os (Mdic).<\/p>\n<p>O governo brasileiro j\u00e1 havia apresentado um\u00a0pedido de consultas no sistema de solu\u00e7\u00e3o de controv\u00e9rsias\u00a0da Organiza\u00e7\u00e3o Mundial de Com\u00e9rcio (OMC), argumentando que as tarifas aplicadas s\u00e3o &#8220;inconsistentes&#8221; com as regras definidas pela entidade. Em resposta, os EUA aceitaram o pedido para participar das consultas no \u00e2mbito da OMC.<\/p>\n<p>Desde o in\u00edcio das taxa\u00e7\u00f5es por parte do governo Trump, o Brasil vem refor\u00e7ando que na rela\u00e7\u00e3o comercial entre os dois pa\u00edses, os EUA s\u00e3o superavit\u00e1rios, ou seja, vendem mais do que compram.\u00a0Na nota em que anuncia a abertura do processo de reciprocidade econ\u00f4mica, o governo brasileiro aponta que seguir\u00e1 atuando para reduzir os danos causados pelas tarifas \u00e0 economia e \u00e0 renda dos brasileiros.<\/p>\n<\/div>\n<div class=\"container-autoria\" style=\"text-align: left;\">CARIRI EM A\u00c7\u00c3O<\/div>\n<div><\/div>\n<div>Com Ag\u00eancia Brasil<\/div>\n","protected":false},"excerpt":{"rendered":"<p>Encontro virtual entre autoridades ocorrer\u00e1 na pr\u00f3xima segunda-feira O ministro do Desenvolvimento, Ind\u00fastria, Com\u00e9rcio e Servi\u00e7os, M\u00e1rcio Elias Rosa, e o representante comercial dos Estados Unidos (USTR, na sigla em ingl\u00eas), Jamieson Greer, v\u00e3o se reunir na pr\u00f3xima segunda-feira (31), \u00e0s 14h30, no hor\u00e1rio de Bras\u00edlia. O encontro ser\u00e1 virtual e foi confirmado pelo minist\u00e9rio \u00e0 Ag\u00eancia Brasil. A retomada das tratativas\u00a0foi acertada durante telefonema\u00a0entre os presidentes Luiz In\u00e1cio Lula da Silva e Donald Trump, ocorrido na \u00faltima sexta-feira (21).\u00a0A conversa durou cerca de uma hora e 20 minutos e, segundo o Pal\u00e1cio do Planalto, ocorreu de forma cordial. Os dois l\u00edderes abriram um novo canal de di\u00e1logo entre Bras\u00edlia e Washington em meio \u00e0 disputa comercial provocada pelas tarifas impostas pelo governo norte-americano sobre produtos brasileiros. Durante a liga\u00e7\u00e3o, ainda de acordo com o Planalto, o presidente brasileiro defendeu a retomada das negocia\u00e7\u00f5es comerciais e afirmou que as justificativas apresentadas pelo governo norte-americano para a ado\u00e7\u00e3o das novas tarifas s\u00e3o infundadas. Entre os argumentos utilizados pelos Estados Unidos para fundamentar as medidas est\u00e3o quest\u00f5es relacionadas a desmatamento, acordos preferenciais, propriedade intelectual, combate \u00e0 corrup\u00e7\u00e3o, Pix, etanol e importa\u00e7\u00f5es de produtos associados a trabalho for\u00e7ado. Lula afirmou que as tarifas prejudicam tanto o Brasil quanto os Estados Unidos e defendeu o di\u00e1logo como caminho para preservar a rela\u00e7\u00e3o comercial entre os dois pa\u00edses. Trump concordou com a necessidade de manter os v\u00ednculos comerciais e sinalizou a retomada do contato entre as equipes dos dois governos. Tarifa\u00e7o Em julho, o USTR\u00a0imp\u00f4s uma sobretaxa de 25% sobre v\u00e1rios produtos provenientes do Brasil, ap\u00f3s cerca de um ano de an\u00e1lise. Foram taxados exportadores de ferro e a\u00e7o, vestu\u00e1rio, cal\u00e7ados, a\u00e7\u00facar, etanol, produtos farmac\u00eauticos, maquin\u00e1rio agr\u00edcola, m\u00e1quinas el\u00e9tricas n\u00e3o voltadas ao setor de avia\u00e7\u00e3o, al\u00e9m de outros produtos manufaturados. O USTR justificou suas taxas dizendo que certas pr\u00e1ticas adotadas pelo Brasil eram descabidas e oneravam ou restringiam o com\u00e9rcio de agricultores, trabalhadores, inovadores e exportadores estadunidenses. Uma sobretaxa adicional de 12,5% tamb\u00e9m foi aplicada na sequ\u00eancia sobre mais produtos nacionais, sob a alega\u00e7\u00e3o de que o Brasil n\u00e3o adota mecanismos eficazes para impedir a importa\u00e7\u00e3o de mercadorias produzidas com trabalho for\u00e7ado. Com isso, as novas tarifas em vigor desde o fim do m\u00eas passado\u00a0atingem cerca de US$ 6,6 bilh\u00f5es\u00a0em exporta\u00e7\u00f5es brasileiras ao mercado norte-americano, segundo levantamento do Minist\u00e9rio do Desenvolvimento, Ind\u00fastria, Com\u00e9rcio e Servi\u00e7os (Mdic). O governo brasileiro j\u00e1 havia apresentado um\u00a0pedido de consultas no sistema de solu\u00e7\u00e3o de controv\u00e9rsias\u00a0da Organiza\u00e7\u00e3o Mundial de Com\u00e9rcio (OMC), argumentando que as tarifas aplicadas s\u00e3o &#8220;inconsistentes&#8221; com as regras definidas pela entidade. Em resposta, os EUA aceitaram o pedido para participar das consultas no \u00e2mbito da OMC. Desde o in\u00edcio das taxa\u00e7\u00f5es por parte do governo Trump, o Brasil vem refor\u00e7ando que na rela\u00e7\u00e3o comercial entre os dois pa\u00edses, os EUA s\u00e3o superavit\u00e1rios, ou seja, vendem mais do que compram.\u00a0Na nota em que anuncia a abertura do processo de reciprocidade econ\u00f4mica, o governo brasileiro aponta que seguir\u00e1 atuando para reduzir os danos causados pelas tarifas \u00e0 economia e \u00e0 renda dos brasileiros. CARIRI EM A\u00c7\u00c3O Com Ag\u00eancia Brasil<\/p>\n","protected":false},"author":6,"featured_media":320461,"comment_status":"closed","ping_status":"closed","sticky":false,"template":"","format":"standard","meta":{"sfsi_plus_gutenberg_text_before_share":"","sfsi_plus_gutenberg_show_text_before_share":"","sfsi_plus_gutenberg_icon_type":"","sfsi_plus_gutenberg_icon_alignemt":"","sfsi_plus_gutenburg_max_per_row":"","footnotes":""},"categories":[123,50],"tags":[],"class_list":["post-320460","post","type-post","status-publish","format-standard","has-post-thumbnail","hentry","category-brasil","category-destaque"],"_links":{"self":[{"href":"https:\/\/www.caririemacao.com\/1\/wp-json\/wp\/v2\/posts\/320460","targetHints":{"allow":["GET"]}}],"collection":[{"href":"https:\/\/www.caririemacao.com\/1\/wp-json\/wp\/v2\/posts"}],"about":[{"href":"https:\/\/www.caririemacao.com\/1\/wp-json\/wp\/v2\/types\/post"}],"author":[{"embeddable":true,"href":"https:\/\/www.caririemacao.com\/1\/wp-json\/wp\/v2\/users\/6"}],"replies":[{"embeddable":true,"href":"https:\/\/www.caririemacao.com\/1\/wp-json\/wp\/v2\/comments?post=320460"}],"version-history":[{"count":1,"href":"https:\/\/www.caririemacao.com\/1\/wp-json\/wp\/v2\/posts\/320460\/revisions"}],"predecessor-version":[{"id":320462,"href":"https:\/\/www.caririemacao.com\/1\/wp-json\/wp\/v2\/posts\/320460\/revisions\/320462"}],"wp:featuredmedia":[{"embeddable":true,"href":"https:\/\/www.caririemacao.com\/1\/wp-json\/wp\/v2\/media\/320461"}],"wp:attachment":[{"href":"https:\/\/www.caririemacao.com\/1\/wp-json\/wp\/v2\/media?parent=320460"}],"wp:term":[{"taxonomy":"category","embeddable":true,"href":"https:\/\/www.caririemacao.com\/1\/wp-json\/wp\/v2\/categories?post=320460"},{"taxonomy":"post_tag","embeddable":true,"href":"https:\/\/www.caririemacao.com\/1\/wp-json\/wp\/v2\/tags?post=320460"}],"curies":[{"name":"wp","href":"https:\/\/api.w.org\/{rel}","templated":true}]}}