{"id":320466,"date":"2026-08-26T07:36:00","date_gmt":"2026-08-26T10:36:00","guid":{"rendered":"https:\/\/www.caririemacao.com\/1\/?p=320466"},"modified":"2026-08-26T07:36:00","modified_gmt":"2026-08-26T10:36:00","slug":"governo-divulga-calendario-de-pagamento-dos-servidores-estaduais-de-agosto","status":"publish","type":"post","link":"https:\/\/www.caririemacao.com\/1\/2026\/08\/26\/governo-divulga-calendario-de-pagamento-dos-servidores-estaduais-de-agosto\/","title":{"rendered":"Governo divulga calend\u00e1rio de pagamento dos servidores estaduais de agosto"},"content":{"rendered":"<div class=\"subtitulo mb-3\" style=\"text-align: center;\">\n<p class=\"wp-block-paragraph\" style=\"text-align: left;\">A partir da pr\u00f3xima sexta-feira (28), o Governo do Estado dar\u00e1 in\u00edcio ao pagamento dos servidores estaduais referente ao m\u00eas de agosto.<\/p>\n<p class=\"wp-block-paragraph\" style=\"text-align: left;\">De acordo com a Secretaria de Estado da Administra\u00e7\u00e3o, na sexta (28), recebem os aposentados e pensionistas. J\u00e1 na segunda-feira (31), o pagamento dos sal\u00e1rios ser\u00e1 feito para os servidores da ativa da Administra\u00e7\u00e3o Direta e Indireta.<\/p>\n<h2 class=\"wp-block-heading\" style=\"text-align: left;\">Confira o calend\u00e1rio<\/h2>\n<p class=\"wp-block-paragraph\" style=\"text-align: left;\"><strong>28\/08 (sexta-feira):<\/strong>\u00a0Aposentados e pensionistas<br \/>\n<strong>31\/08 (segunda-feira):<\/strong>\u00a0Servidores da ativa.<\/p>\n<\/div>\n<div style=\"text-align: left;\"><\/div>\n<div>CARIRI EM A\u00c7\u00c3O<\/div>\n<div style=\"text-align: left;\"><\/div>\n","protected":false},"excerpt":{"rendered":"<p>A partir da pr\u00f3xima sexta-feira (28), o Governo do Estado dar\u00e1 in\u00edcio ao pagamento dos servidores estaduais referente ao m\u00eas de agosto. De acordo com a Secretaria de Estado da Administra\u00e7\u00e3o, na sexta (28), recebem os aposentados e pensionistas. J\u00e1 na segunda-feira (31), o pagamento dos sal\u00e1rios ser\u00e1 feito para os servidores da ativa da Administra\u00e7\u00e3o Direta e Indireta. Confira o calend\u00e1rio 28\/08 (sexta-feira):\u00a0Aposentados e pensionistas 31\/08 (segunda-feira):\u00a0Servidores da ativa. CARIRI EM A\u00c7\u00c3O<\/p>\n","protected":false},"author":6,"featured_media":320468,"comment_status":"closed","ping_status":"closed","sticky":false,"template":"","format":"standard","meta":{"sfsi_plus_gutenberg_text_before_share":"","sfsi_plus_gutenberg_show_text_before_share":"","sfsi_plus_gutenberg_icon_type":"","sfsi_plus_gutenberg_icon_alignemt":"","sfsi_plus_gutenburg_max_per_row":"","footnotes":""},"categories":[50,104],"tags":[],"class_list":["post-320466","post","type-post","status-publish","format-standard","has-post-thumbnail","hentry","category-destaque","category-paraiba"],"_links":{"self":[{"href":"https:\/\/www.caririemacao.com\/1\/wp-json\/wp\/v2\/posts\/320466","targetHints":{"allow":["GET"]}}],"collection":[{"href":"https:\/\/www.caririemacao.com\/1\/wp-json\/wp\/v2\/posts"}],"about":[{"href":"https:\/\/www.caririemacao.com\/1\/wp-json\/wp\/v2\/types\/post"}],"author":[{"embeddable":true,"href":"https:\/\/www.caririemacao.com\/1\/wp-json\/wp\/v2\/users\/6"}],"replies":[{"embeddable":true,"href":"https:\/\/www.caririemacao.com\/1\/wp-json\/wp\/v2\/comments?post=320466"}],"version-history":[{"count":1,"href":"https:\/\/www.caririemacao.com\/1\/wp-json\/wp\/v2\/posts\/320466\/revisions"}],"predecessor-version":[{"id":320469,"href":"https:\/\/www.caririemacao.com\/1\/wp-json\/wp\/v2\/posts\/320466\/revisions\/320469"}],"wp:featuredmedia":[{"embeddable":true,"href":"https:\/\/www.caririemacao.com\/1\/wp-json\/wp\/v2\/media\/320468"}],"wp:attachment":[{"href":"https:\/\/www.caririemacao.com\/1\/wp-json\/wp\/v2\/media?parent=320466"}],"wp:term":[{"taxonomy":"category","embeddable":true,"href":"https:\/\/www.caririemacao.com\/1\/wp-json\/wp\/v2\/categories?post=320466"},{"taxonomy":"post_tag","embeddable":true,"href":"https:\/\/www.caririemacao.com\/1\/wp-json\/wp\/v2\/tags?post=320466"}],"curies":[{"name":"wp","href":"https:\/\/api.w.org\/{rel}","templated":true}]}}