{"id":320470,"date":"2026-08-26T07:39:26","date_gmt":"2026-08-26T10:39:26","guid":{"rendered":"https:\/\/www.caririemacao.com\/1\/?p=320470"},"modified":"2026-08-26T08:38:09","modified_gmt":"2026-08-26T11:38:09","slug":"tre-indefere-primeira-candidatura-das-eleicoes-2026-na-paraiba","status":"publish","type":"post","link":"https:\/\/www.caririemacao.com\/1\/2026\/08\/26\/tre-indefere-primeira-candidatura-das-eleicoes-2026-na-paraiba\/","title":{"rendered":"TRE indefere primeira candidatura das Elei\u00e7\u00f5es 2026 na Para\u00edba"},"content":{"rendered":"<div class=\"subtitulo mb-3\"><em><strong>Candidato indeferido \u00e9 Nosman Barreiro (MDB), que iria disputar vaga na Assembleia Legislativa da Para\u00edba (ALPB).<\/strong><\/em><\/div>\n<div><\/div>\n<div>\n<p class=\"wp-block-paragraph\">O Tribunal Regional Eleitoral da Para\u00edba (TRE-PB) indeferiu a primeira candidatura das Elei\u00e7\u00f5es 2026 no estado. O candidato indeferido \u00e9 Nosman Barreiro (MDB), que iria disputar vaga na Assembleia Legislativa da Para\u00edba (ALPB).<\/p>\n<p class=\"wp-block-paragraph\">A decis\u00e3o pelo indeferimento foi tomada pelo desembargador K\u00e9ops de Vasconcelos. Segundo ele, a decis\u00e3o por tomada por \u201caus\u00eancia das certid\u00f5es de objeto e p\u00e9 dos processos relacionados nas certid\u00f5es criminais da Justi\u00e7a Estadual e da Justi\u00e7a Federal de 1\u00ba grau\u201d.<\/p>\n<p class=\"wp-block-paragraph\">Nosman Barreiro j\u00e1 foi candidato a deputado estadual, nas Elei\u00e7\u00f5es de 2010 e 2014, a deputado federal em 2018 e 2022 e a vereador de Jo\u00e3o Pessoa em 2020.<\/p>\n<p class=\"wp-block-paragraph\">Segundo o sistema de acompanhamento de estat\u00edsticas de candidaturas do Tribunal Superior Eleitoral (TSE), das 441 candidaturas registradas na Para\u00edba, o TRE-PB j\u00e1 julgou 198. Destas, 188 foram deferidas, oito est\u00e3o observadas como ren\u00fancia dos candidatos, uma est\u00e1 cancelada e a de Nosman foi indeferida.<\/p>\n<figure class=\"wp-block-gallery has-nested-images columns-default is-cropped wp-block-gallery-1 is-layout-flex wp-block-gallery-is-layout-flex\">\n<figure class=\"wp-block-image size-full pointer\"><img decoding=\"async\" class=\"img-fluid\" src=\"https:\/\/portalcorreio.com.br\/portalcorreio\/storage\/2026\/08\/e3162e0e1effb7b2c51e2b04e2c5a519.jpg\" alt=\"\" data-id=\"471100\" \/><\/figure>\n<\/figure>\n<figure class=\"wp-block-gallery has-nested-images columns-default is-cropped wp-block-gallery-2 is-layout-flex wp-block-gallery-is-layout-flex\">\n<figure class=\"wp-block-image size-full pointer\"><img decoding=\"async\" class=\"img-fluid\" src=\"https:\/\/portalcorreio.com.br\/portalcorreio\/storage\/2026\/08\/09304f9bfc32b416c3d96af874f0d45d.jpg\" alt=\"\" data-id=\"471097\" \/><\/figure>\n<\/figure>\n<figure class=\"wp-block-gallery has-nested-images columns-default is-cropped wp-block-gallery-3 is-layout-flex wp-block-gallery-is-layout-flex\">\n<figure class=\"wp-block-image size-full pointer\"><img decoding=\"async\" class=\"img-fluid\" src=\"https:\/\/portalcorreio.com.br\/portalcorreio\/storage\/2026\/08\/8db921bbcafec86297d123538a1de4bb.jpg\" alt=\"\" data-id=\"471098\" \/><\/figure>\n<\/figure>\n<figure class=\"wp-block-gallery has-nested-images columns-default is-cropped wp-block-gallery-4 is-layout-flex wp-block-gallery-is-layout-flex\">\n<figure class=\"wp-block-image size-full pointer\"><img decoding=\"async\" class=\"img-fluid\" src=\"https:\/\/portalcorreio.com.br\/portalcorreio\/storage\/2026\/08\/ac970364402ea989cffb5b21728f27a1.jpg\" alt=\"\" data-id=\"471099\" \/><\/figure>\n<\/figure>\n<p>CARIRI EM A\u00c7\u00c3O<\/p>\n<p>Com Portal Correio<\/p>\n<\/div>\n","protected":false},"excerpt":{"rendered":"<p>Candidato indeferido \u00e9 Nosman Barreiro (MDB), que iria disputar vaga na Assembleia Legislativa da Para\u00edba (ALPB). O Tribunal Regional Eleitoral da Para\u00edba (TRE-PB) indeferiu a primeira candidatura das Elei\u00e7\u00f5es 2026 no estado. O candidato indeferido \u00e9 Nosman Barreiro (MDB), que iria disputar vaga na Assembleia Legislativa da Para\u00edba (ALPB). A decis\u00e3o pelo indeferimento foi tomada pelo desembargador K\u00e9ops de Vasconcelos. Segundo ele, a decis\u00e3o por tomada por \u201caus\u00eancia das certid\u00f5es de objeto e p\u00e9 dos processos relacionados nas certid\u00f5es criminais da Justi\u00e7a Estadual e da Justi\u00e7a Federal de 1\u00ba grau\u201d. Nosman Barreiro j\u00e1 foi candidato a deputado estadual, nas Elei\u00e7\u00f5es de 2010 e 2014, a deputado federal em 2018 e 2022 e a vereador de Jo\u00e3o Pessoa em 2020. Segundo o sistema de acompanhamento de estat\u00edsticas de candidaturas do Tribunal Superior Eleitoral (TSE), das 441 candidaturas registradas na Para\u00edba, o TRE-PB j\u00e1 julgou 198. Destas, 188 foram deferidas, oito est\u00e3o observadas como ren\u00fancia dos candidatos, uma est\u00e1 cancelada e a de Nosman foi indeferida. CARIRI EM A\u00c7\u00c3O Com Portal Correio<\/p>\n","protected":false},"author":6,"featured_media":318574,"comment_status":"closed","ping_status":"closed","sticky":false,"template":"","format":"standard","meta":{"sfsi_plus_gutenberg_text_before_share":"","sfsi_plus_gutenberg_show_text_before_share":"","sfsi_plus_gutenberg_icon_type":"","sfsi_plus_gutenberg_icon_alignemt":"","sfsi_plus_gutenburg_max_per_row":"","footnotes":""},"categories":[50,11],"tags":[],"class_list":["post-320470","post","type-post","status-publish","format-standard","has-post-thumbnail","hentry","category-destaque","category-politica"],"_links":{"self":[{"href":"https:\/\/www.caririemacao.com\/1\/wp-json\/wp\/v2\/posts\/320470","targetHints":{"allow":["GET"]}}],"collection":[{"href":"https:\/\/www.caririemacao.com\/1\/wp-json\/wp\/v2\/posts"}],"about":[{"href":"https:\/\/www.caririemacao.com\/1\/wp-json\/wp\/v2\/types\/post"}],"author":[{"embeddable":true,"href":"https:\/\/www.caririemacao.com\/1\/wp-json\/wp\/v2\/users\/6"}],"replies":[{"embeddable":true,"href":"https:\/\/www.caririemacao.com\/1\/wp-json\/wp\/v2\/comments?post=320470"}],"version-history":[{"count":1,"href":"https:\/\/www.caririemacao.com\/1\/wp-json\/wp\/v2\/posts\/320470\/revisions"}],"predecessor-version":[{"id":320471,"href":"https:\/\/www.caririemacao.com\/1\/wp-json\/wp\/v2\/posts\/320470\/revisions\/320471"}],"wp:featuredmedia":[{"embeddable":true,"href":"https:\/\/www.caririemacao.com\/1\/wp-json\/wp\/v2\/media\/318574"}],"wp:attachment":[{"href":"https:\/\/www.caririemacao.com\/1\/wp-json\/wp\/v2\/media?parent=320470"}],"wp:term":[{"taxonomy":"category","embeddable":true,"href":"https:\/\/www.caririemacao.com\/1\/wp-json\/wp\/v2\/categories?post=320470"},{"taxonomy":"post_tag","embeddable":true,"href":"https:\/\/www.caririemacao.com\/1\/wp-json\/wp\/v2\/tags?post=320470"}],"curies":[{"name":"wp","href":"https:\/\/api.w.org\/{rel}","templated":true}]}}