{"id":320473,"date":"2026-08-26T08:26:22","date_gmt":"2026-08-26T11:26:22","guid":{"rendered":"https:\/\/www.caririemacao.com\/1\/?p=320473"},"modified":"2026-08-26T09:29:32","modified_gmt":"2026-08-26T12:29:32","slug":"com-apoio-do-sebrae-12a-expoprata-movimenta-economia-do-cariri","status":"publish","type":"post","link":"https:\/\/www.caririemacao.com\/1\/2026\/08\/26\/com-apoio-do-sebrae-12a-expoprata-movimenta-economia-do-cariri\/","title":{"rendered":"Com apoio do Sebrae, 12\u00aa Expoprata movimenta economia do Cariri"},"content":{"rendered":"<p style=\"text-align: center;\"><em>Evento ter\u00e1 a 1\u00aa Exposi\u00e7\u00e3o Nacional da ra\u00e7a Murciana-Granadina na Para\u00edba<\/em><\/p>\n<p>A 12\u00aa Exposi\u00e7\u00e3o de Caprinos e Ovinos de Prata (Expoprata) ser\u00e1 realizada desta quarta-feira (26) ao domingo (30), na cidade de Prata, no cariri da Para\u00edba. Com apoio do Sebrae\/PB, o evento ter\u00e1 o destaque da 1\u00aa Exposi\u00e7\u00e3o Nacional da ra\u00e7a Murciana-Granadina, promovida pela Associa\u00e7\u00e3o Brasileira dos Criadores de Caprinos (ABCC). A programa\u00e7\u00e3o ser\u00e1 volta aos neg\u00f3cios, capacita\u00e7\u00f5es, competi\u00e7\u00f5es, cultura e turismo.<\/p>\n<p>A ra\u00e7a Murciana-Granadina \u00e9 conhecida por ser de cabras leiteiras, de origem espanhola. Os animais participantes da 1\u00aa exposi\u00e7\u00e3o da Para\u00edba ser\u00e3o julgados por um especialista do pa\u00eds de origem, Javier Fernandes, aproximando os criadores brasileiros de refer\u00eancias internacionais em melhoramento gen\u00e9tico.<\/p>\n<p>O Sebrae\/PB oferecer\u00e1 capacita\u00e7\u00f5es antes e durante a exposi\u00e7\u00e3o, com foco em gest\u00e3o, atendimento, apresenta\u00e7\u00e3o de produtos e aproveitamento das oportunidades de mercado. Para a gerente da ag\u00eancia regional da institui\u00e7\u00e3o em Monteiro, Madalena Arruda, a prepara\u00e7\u00e3o dos empreendedores \u00e9 essencial para transformar o fluxo de visitantes em neg\u00f3cios sustent\u00e1veis.<\/p>\n<p>\u201cTrazer novidades que contribuam para a evolu\u00e7\u00e3o da produ\u00e7\u00e3o caprina de Prata \u00e9 uma constante nesse evento, que j\u00e1 \u00e9 considerado um dos maiores da caprinocultura da Para\u00edba. O julgamento refor\u00e7a o car\u00e1ter internacional do evento e incentiva os produtores\u201d, afirmou Madalena Arruda.<\/p>\n<p>A cabra campe\u00e3 do Torneio Leiteiro receber\u00e1 um carro zero quil\u00f4metro. Segundo o prefeito de Prata, Genivaldo Temb\u00f3rio, a premia\u00e7\u00e3o reconhece os criadores que investem em gen\u00e9tica, manejo e qualidade dos rebanhos.<\/p>\n<p>\u201cEm 2025, a Expoprata movimentou mais de R$ 4 milh\u00f5es e registrou recordes na produ\u00e7\u00e3o de leite de cabra. A expectativa para este ano \u00e9 ampliar os resultados e consolidar Prata como refer\u00eancia em produ\u00e7\u00e3o e gen\u00e9tica caprina\u201d, comentou Genivaldo Temb\u00f3rio.<\/p>\n<p>A programa\u00e7\u00e3o desta 12\u00aa edi\u00e7\u00e3o da Expoprata inclui ainda o 6\u00ba Festival de Violeiros, com seis duplas de repentistas e violeiros de diferentes estados nordestinos. A exposi\u00e7\u00e3o ter\u00e1 centenas de animais e ser\u00e1 realizada na avenida principal da cidade, com transmiss\u00e3o ao vivo pela TV do Bode, no YouTube, Facebook e Instagram.<\/p>\n<p>A Expoprata \u00e9 promovida pela Prefeitura de Prata, Minist\u00e9rio da Agricultura e Sebrae\/PB, com apoio de institui\u00e7\u00f5es p\u00fablicas, financeiras, entidades do setor e empresas privadas.<\/p>\n<p><strong>Exposi\u00e7\u00e3o exclusiva<\/strong><\/p>\n<p>A ra\u00e7a Murciana-Granadina foi oficializada em 1975, na Espanha, a partir da uni\u00e3o das ra\u00e7as Murciana e Granadina. Reconhecida pela aptid\u00e3o leiteira, rusticidade e adaptabilidade, vem despertando interesse entre criadores brasileiros. No Cariri paraibano essa ra\u00e7a j\u00e1 vem sendo criada por produtores, que afirmam um ganho maior com o leite e os derivados l\u00e1cteos.<\/p>\n<p><strong>Servi\u00e7o<\/strong><\/p>\n<p>Evento: 12\u00aa Expoprata<\/p>\n<p>Data: De quarta-feira (26) ao domingo (30)<\/p>\n<p>Hor\u00e1rio: A partir das 8h<\/p>\n<p>Programa\u00e7\u00e3o:\u00a0<a href=\"https:\/\/www.instagram.com\/expoprataa?igsh=MXA2dmpyZTc2cjl6bw==\">https:\/\/www.instagram.com\/expoprataa?igsh=MXA2dmpyZTc2cjl6bw==<\/a><\/p>\n<p>Leia:\u00a0<a href=\"https:\/\/pb.agenciasebrae.com.br\/economia-e-politica\/com-apoio-do-sebrae-12a-expoprata-movimenta-economia-do-cariri\/\">https:\/\/pb.agenciasebrae.com.br\/economia-e-politica\/com-apoio-do-sebrae-12a-expoprata-movimenta-economia-do-cariri\/<\/a><\/p>\n","protected":false},"excerpt":{"rendered":"<p>Evento ter\u00e1 a 1\u00aa Exposi\u00e7\u00e3o Nacional da ra\u00e7a Murciana-Granadina na Para\u00edba A 12\u00aa Exposi\u00e7\u00e3o de Caprinos e Ovinos de Prata (Expoprata) ser\u00e1 realizada desta quarta-feira (26) ao domingo (30), na cidade de Prata, no cariri da Para\u00edba. Com apoio do Sebrae\/PB, o evento ter\u00e1 o destaque da 1\u00aa Exposi\u00e7\u00e3o Nacional da ra\u00e7a Murciana-Granadina, promovida pela Associa\u00e7\u00e3o Brasileira dos Criadores de Caprinos (ABCC). A programa\u00e7\u00e3o ser\u00e1 volta aos neg\u00f3cios, capacita\u00e7\u00f5es, competi\u00e7\u00f5es, cultura e turismo. A ra\u00e7a Murciana-Granadina \u00e9 conhecida por ser de cabras leiteiras, de origem espanhola. Os animais participantes da 1\u00aa exposi\u00e7\u00e3o da Para\u00edba ser\u00e3o julgados por um especialista do pa\u00eds de origem, Javier Fernandes, aproximando os criadores brasileiros de refer\u00eancias internacionais em melhoramento gen\u00e9tico. O Sebrae\/PB oferecer\u00e1 capacita\u00e7\u00f5es antes e durante a exposi\u00e7\u00e3o, com foco em gest\u00e3o, atendimento, apresenta\u00e7\u00e3o de produtos e aproveitamento das oportunidades de mercado. Para a gerente da ag\u00eancia regional da institui\u00e7\u00e3o em Monteiro, Madalena Arruda, a prepara\u00e7\u00e3o dos empreendedores \u00e9 essencial para transformar o fluxo de visitantes em neg\u00f3cios sustent\u00e1veis. \u201cTrazer novidades que contribuam para a evolu\u00e7\u00e3o da produ\u00e7\u00e3o caprina de Prata \u00e9 uma constante nesse evento, que j\u00e1 \u00e9 considerado um dos maiores da caprinocultura da Para\u00edba. O julgamento refor\u00e7a o car\u00e1ter internacional do evento e incentiva os produtores\u201d, afirmou Madalena Arruda. A cabra campe\u00e3 do Torneio Leiteiro receber\u00e1 um carro zero quil\u00f4metro. Segundo o prefeito de Prata, Genivaldo Temb\u00f3rio, a premia\u00e7\u00e3o reconhece os criadores que investem em gen\u00e9tica, manejo e qualidade dos rebanhos. \u201cEm 2025, a Expoprata movimentou mais de R$ 4 milh\u00f5es e registrou recordes na produ\u00e7\u00e3o de leite de cabra. A expectativa para este ano \u00e9 ampliar os resultados e consolidar Prata como refer\u00eancia em produ\u00e7\u00e3o e gen\u00e9tica caprina\u201d, comentou Genivaldo Temb\u00f3rio. A programa\u00e7\u00e3o desta 12\u00aa edi\u00e7\u00e3o da Expoprata inclui ainda o 6\u00ba Festival de Violeiros, com seis duplas de repentistas e violeiros de diferentes estados nordestinos. A exposi\u00e7\u00e3o ter\u00e1 centenas de animais e ser\u00e1 realizada na avenida principal da cidade, com transmiss\u00e3o ao vivo pela TV do Bode, no YouTube, Facebook e Instagram. A Expoprata \u00e9 promovida pela Prefeitura de Prata, Minist\u00e9rio da Agricultura e Sebrae\/PB, com apoio de institui\u00e7\u00f5es p\u00fablicas, financeiras, entidades do setor e empresas privadas. Exposi\u00e7\u00e3o exclusiva A ra\u00e7a Murciana-Granadina foi oficializada em 1975, na Espanha, a partir da uni\u00e3o das ra\u00e7as Murciana e Granadina. Reconhecida pela aptid\u00e3o leiteira, rusticidade e adaptabilidade, vem despertando interesse entre criadores brasileiros. No Cariri paraibano essa ra\u00e7a j\u00e1 vem sendo criada por produtores, que afirmam um ganho maior com o leite e os derivados l\u00e1cteos. Servi\u00e7o Evento: 12\u00aa Expoprata Data: De quarta-feira (26) ao domingo (30) Hor\u00e1rio: A partir das 8h Programa\u00e7\u00e3o:\u00a0https:\/\/www.instagram.com\/expoprataa?igsh=MXA2dmpyZTc2cjl6bw== Leia:\u00a0https:\/\/pb.agenciasebrae.com.br\/economia-e-politica\/com-apoio-do-sebrae-12a-expoprata-movimenta-economia-do-cariri\/<\/p>\n","protected":false},"author":6,"featured_media":320474,"comment_status":"closed","ping_status":"closed","sticky":false,"template":"","format":"standard","meta":{"sfsi_plus_gutenberg_text_before_share":"","sfsi_plus_gutenberg_show_text_before_share":"","sfsi_plus_gutenberg_icon_type":"","sfsi_plus_gutenberg_icon_alignemt":"","sfsi_plus_gutenburg_max_per_row":"","footnotes":""},"categories":[6],"tags":[],"class_list":["post-320473","post","type-post","status-publish","format-standard","has-post-thumbnail","hentry","category-cidades"],"_links":{"self":[{"href":"https:\/\/www.caririemacao.com\/1\/wp-json\/wp\/v2\/posts\/320473","targetHints":{"allow":["GET"]}}],"collection":[{"href":"https:\/\/www.caririemacao.com\/1\/wp-json\/wp\/v2\/posts"}],"about":[{"href":"https:\/\/www.caririemacao.com\/1\/wp-json\/wp\/v2\/types\/post"}],"author":[{"embeddable":true,"href":"https:\/\/www.caririemacao.com\/1\/wp-json\/wp\/v2\/users\/6"}],"replies":[{"embeddable":true,"href":"https:\/\/www.caririemacao.com\/1\/wp-json\/wp\/v2\/comments?post=320473"}],"version-history":[{"count":3,"href":"https:\/\/www.caririemacao.com\/1\/wp-json\/wp\/v2\/posts\/320473\/revisions"}],"predecessor-version":[{"id":320490,"href":"https:\/\/www.caririemacao.com\/1\/wp-json\/wp\/v2\/posts\/320473\/revisions\/320490"}],"wp:featuredmedia":[{"embeddable":true,"href":"https:\/\/www.caririemacao.com\/1\/wp-json\/wp\/v2\/media\/320474"}],"wp:attachment":[{"href":"https:\/\/www.caririemacao.com\/1\/wp-json\/wp\/v2\/media?parent=320473"}],"wp:term":[{"taxonomy":"category","embeddable":true,"href":"https:\/\/www.caririemacao.com\/1\/wp-json\/wp\/v2\/categories?post=320473"},{"taxonomy":"post_tag","embeddable":true,"href":"https:\/\/www.caririemacao.com\/1\/wp-json\/wp\/v2\/tags?post=320473"}],"curies":[{"name":"wp","href":"https:\/\/api.w.org\/{rel}","templated":true}]}}