{"id":320476,"date":"2026-08-26T08:26:31","date_gmt":"2026-08-26T11:26:31","guid":{"rendered":"https:\/\/www.caririemacao.com\/1\/?p=320476"},"modified":"2026-08-26T08:26:31","modified_gmt":"2026-08-26T11:26:31","slug":"motociclista-ferido-em-colisao-com-veiculo-na-grande-joao-pessoa","status":"publish","type":"post","link":"https:\/\/www.caririemacao.com\/1\/2026\/08\/26\/motociclista-ferido-em-colisao-com-veiculo-na-grande-joao-pessoa\/","title":{"rendered":"Motociclista ferido em colis\u00e3o com ve\u00edculo na Grande Jo\u00e3o Pessoa"},"content":{"rendered":"<p>Um motociclista de 32 anos ficou ferido ap\u00f3s uma colis\u00e3o entre sua moto e um carro, na noite da ter\u00e7a-feira (25), em um cruzamento da Rua 21 de Abril, na regi\u00e3o central de Bayeux, Regi\u00e3o Metropolitana de Jo\u00e3o Pessoa. Imagens de uma c\u00e2mera de seguran\u00e7a registraram o momento da colis\u00e3o. Segundo a Pol\u00edcia Militar, o motorista do carro, cuja identidade n\u00e3o foi revelada, invadiu a via preferencial e apresentava sinais de embriaguez.<\/p>\n<p>Ao ser contactado pelo G1, a Pol\u00edcia Militar informou que familiares do motorista relataram aos policiais que ele \u00e9 esquizofr\u00eanico, n\u00e3o consome \u00e1lcool e estava em crise. O indiv\u00edduo foi levado ao Hospital de Emerg\u00eancia e Trauma de Jo\u00e3o Pessoa. Segundo o hospital, o paciente passou por procedimentos m\u00e9dicos de emerg\u00eancia e, ap\u00f3s o per\u00edodo de observa\u00e7\u00e3o, recebeu alta hospitalar.<\/p>\n<p>O motorista do ve\u00edculo foi conduzido \u00e0 delegacia. O G1 tentou entrar em contato com a Pol\u00edcia Civil para obter informa\u00e7\u00f5es sobre o encaminhamento do caso, por\u00e9m n\u00e3o obteve resposta at\u00e9 a \u00faltima atualiza\u00e7\u00e3o desta reportagem. V\u00eddeos mais assistidos do G1 Para\u00edba<\/p>\n<p><em>Fonte: G1 Para\u00edba<\/em><\/p>\n","protected":false},"excerpt":{"rendered":"<p>Motociclista fica ferido ap\u00f3s colis\u00e3o com carro, na PB Um motociclista de 32 anos ficou ferido ap\u00f3s uma colis\u00e3o entre a moto que pilotava e um carro, na noite da ter\u00e7a-feira (25), em um cruzamento da Rua 21 de Abril, na regi\u00e3o central de Bayeux, Regi\u00e3o Metropolitana de Jo\u00e3o Pessoa. Imagens de uma c\u00e2mera de seguran\u00e7a registraram o momento da colis\u00e3o (veja acima). &#x2705; Clique aqui para seguir o canal do g1 PB no WhatsApp Segundo a Pol\u00edcia Militar, o motorista do carro, que n\u00e3o teve a identifica\u00e7\u00e3o divulgada, invadiu a via preferencial e apresentava sinais de embriaguez. Ao g1, a PM informou que, familiares do motorista, no entanto, informaram aos policiais que ele \u00e9 esquizofr\u00eanico, n\u00e3o bebe e estava em crise. Segundo os familiares, o homem pegou as chaves do carro sem que eles percebessem. Motociclista fica ferido ap\u00f3s carro invadir via preferencial, na PB Reprodu\u00e7\u00e3o \/ TV Cabo Branco O motociclista foi socorrido por uma ambul\u00e2ncia do Servi\u00e7o de Atendimento M\u00f3vel de Urg\u00eancia (Samu) e levado ao Hospital de Emerg\u00eancia e Trauma de Jo\u00e3o Pessoa. Segundo o hospital, o paciente passou por procedimentos m\u00e9dicos de emerg\u00eancia e ap\u00f3s o per\u00edodo de observa\u00e7\u00e3o, ele recebeu alta hospitalar. O motorista do carro foi levado para a delegacia. O g1 entrou em contato com a Pol\u00edcia Civil para saber qual foi o encaminhamento dado ao caso, mas n\u00e3o recebeu resposta at\u00e9 a \u00faltima atualiza\u00e7\u00e3o desta reportagem. V\u00eddeos mais assistidos do g1 Para\u00edba<\/p>\n","protected":false},"author":6,"featured_media":320477,"comment_status":"closed","ping_status":"closed","sticky":false,"template":"","format":"standard","meta":{"sfsi_plus_gutenberg_text_before_share":"","sfsi_plus_gutenberg_show_text_before_share":"","sfsi_plus_gutenberg_icon_type":"","sfsi_plus_gutenberg_icon_alignemt":"","sfsi_plus_gutenburg_max_per_row":"","footnotes":""},"categories":[12],"tags":[],"class_list":["post-320476","post","type-post","status-publish","format-standard","has-post-thumbnail","hentry","category-policia"],"_links":{"self":[{"href":"https:\/\/www.caririemacao.com\/1\/wp-json\/wp\/v2\/posts\/320476","targetHints":{"allow":["GET"]}}],"collection":[{"href":"https:\/\/www.caririemacao.com\/1\/wp-json\/wp\/v2\/posts"}],"about":[{"href":"https:\/\/www.caririemacao.com\/1\/wp-json\/wp\/v2\/types\/post"}],"author":[{"embeddable":true,"href":"https:\/\/www.caririemacao.com\/1\/wp-json\/wp\/v2\/users\/6"}],"replies":[{"embeddable":true,"href":"https:\/\/www.caririemacao.com\/1\/wp-json\/wp\/v2\/comments?post=320476"}],"version-history":[{"count":1,"href":"https:\/\/www.caririemacao.com\/1\/wp-json\/wp\/v2\/posts\/320476\/revisions"}],"predecessor-version":[{"id":320478,"href":"https:\/\/www.caririemacao.com\/1\/wp-json\/wp\/v2\/posts\/320476\/revisions\/320478"}],"wp:featuredmedia":[{"embeddable":true,"href":"https:\/\/www.caririemacao.com\/1\/wp-json\/wp\/v2\/media\/320477"}],"wp:attachment":[{"href":"https:\/\/www.caririemacao.com\/1\/wp-json\/wp\/v2\/media?parent=320476"}],"wp:term":[{"taxonomy":"category","embeddable":true,"href":"https:\/\/www.caririemacao.com\/1\/wp-json\/wp\/v2\/categories?post=320476"},{"taxonomy":"post_tag","embeddable":true,"href":"https:\/\/www.caririemacao.com\/1\/wp-json\/wp\/v2\/tags?post=320476"}],"curies":[{"name":"wp","href":"https:\/\/api.w.org\/{rel}","templated":true}]}}