{"id":320482,"date":"2026-08-26T08:37:26","date_gmt":"2026-08-26T11:37:26","guid":{"rendered":"https:\/\/www.caririemacao.com\/1\/?p=320482"},"modified":"2026-08-26T08:37:26","modified_gmt":"2026-08-26T11:37:26","slug":"acidentes-em-sume-e-monteiro-deixam-tres-feridos-envolvidos-fogem-dos-locais","status":"publish","type":"post","link":"https:\/\/www.caririemacao.com\/1\/2026\/08\/26\/acidentes-em-sume-e-monteiro-deixam-tres-feridos-envolvidos-fogem-dos-locais\/","title":{"rendered":"Acidentes em Sum\u00e9 e Monteiro deixam tr\u00eas feridos; envolvidos fogem dos locais"},"content":{"rendered":"<p class=\"isSelectedEnd\">Dois acidentes de tr\u00e2nsito foram registrados nesta ter\u00e7a-feira (25) nos munic\u00edpios de Sum\u00e9 e Monteiro, no Cariri paraibano. As ocorr\u00eancias deixaram pessoas feridas, que precisaram ser socorridas para unidades hospitalares da regi\u00e3o.<\/p>\n<p class=\"isSelectedEnd\">Em Monteiro, o acidente aconteceu na BR-412, pr\u00f3ximo a uma pousada, nas imedia\u00e7\u00f5es do bairro onde est\u00e1 localizada a UPA. A ocorr\u00eancia envolveu duas motocicletas.<\/p>\n<p class=\"isSelectedEnd\">A condutora de uma das motos ficou ferida e recebeu atendimento de uma equipe do Servi\u00e7o de Atendimento M\u00f3vel de Urg\u00eancia (Samu). Ela foi encaminhada inicialmente para o Hospital Regional Santa Filomena. O outro motociclista envolvido deixou o local ap\u00f3s a colis\u00e3o.<\/p>\n<p class=\"isSelectedEnd\">J\u00e1 em Sum\u00e9, duas pessoas ficaram feridas em outro acidente e tamb\u00e9m precisaram de atendimento do Samu. As v\u00edtimas foram socorridas e encaminhadas para o Hospital e Maternidade Alice de Almeida.<\/p>\n<p class=\"isSelectedEnd\">Segundo as informa\u00e7\u00f5es dispon\u00edveis, o suspeito de ter provocado o acidente em Sum\u00e9 fugiu do local.<\/p>\n<p>Os nomes das pessoas envolvidas nas duas ocorr\u00eancias n\u00e3o foram divulgados. At\u00e9 o momento, tamb\u00e9m n\u00e3o h\u00e1 informa\u00e7\u00f5es detalhadas sobre as circunst\u00e2ncias e a din\u00e2mica dos acidentes.<\/p>\n<p><strong>CARIRI EM A\u00c7\u00c3O<\/strong><\/p>\n<p><em>Com R\u00e1dio CidadeFM<\/em><\/p>\n","protected":false},"excerpt":{"rendered":"<p>Dois acidentes de tr\u00e2nsito foram registrados nesta ter\u00e7a-feira (25) nos munic\u00edpios de Sum\u00e9 e Monteiro, no Cariri paraibano. As ocorr\u00eancias deixaram pessoas feridas, que precisaram ser socorridas para unidades hospitalares da regi\u00e3o. Em Monteiro, o acidente aconteceu na BR-412, pr\u00f3ximo a uma pousada, nas imedia\u00e7\u00f5es do bairro onde est\u00e1 localizada a UPA. A ocorr\u00eancia envolveu duas motocicletas. A condutora de uma das motos ficou ferida e recebeu atendimento de uma equipe do Servi\u00e7o de Atendimento M\u00f3vel de Urg\u00eancia (Samu). Ela foi encaminhada inicialmente para o Hospital Regional Santa Filomena. O outro motociclista envolvido deixou o local ap\u00f3s a colis\u00e3o. J\u00e1 em Sum\u00e9, duas pessoas ficaram feridas em outro acidente e tamb\u00e9m precisaram de atendimento do Samu. As v\u00edtimas foram socorridas e encaminhadas para o Hospital e Maternidade Alice de Almeida. Segundo as informa\u00e7\u00f5es dispon\u00edveis, o suspeito de ter provocado o acidente em Sum\u00e9 fugiu do local. Os nomes das pessoas envolvidas nas duas ocorr\u00eancias n\u00e3o foram divulgados. At\u00e9 o momento, tamb\u00e9m n\u00e3o h\u00e1 informa\u00e7\u00f5es detalhadas sobre as circunst\u00e2ncias e a din\u00e2mica dos acidentes. CARIRI EM A\u00c7\u00c3O Com R\u00e1dio CidadeFM<\/p>\n","protected":false},"author":6,"featured_media":320484,"comment_status":"closed","ping_status":"closed","sticky":false,"template":"","format":"standard","meta":{"sfsi_plus_gutenberg_text_before_share":"","sfsi_plus_gutenberg_show_text_before_share":"","sfsi_plus_gutenberg_icon_type":"","sfsi_plus_gutenberg_icon_alignemt":"","sfsi_plus_gutenburg_max_per_row":"","footnotes":""},"categories":[106],"tags":[],"class_list":["post-320482","post","type-post","status-publish","format-standard","has-post-thumbnail","hentry","category-cariri"],"_links":{"self":[{"href":"https:\/\/www.caririemacao.com\/1\/wp-json\/wp\/v2\/posts\/320482","targetHints":{"allow":["GET"]}}],"collection":[{"href":"https:\/\/www.caririemacao.com\/1\/wp-json\/wp\/v2\/posts"}],"about":[{"href":"https:\/\/www.caririemacao.com\/1\/wp-json\/wp\/v2\/types\/post"}],"author":[{"embeddable":true,"href":"https:\/\/www.caririemacao.com\/1\/wp-json\/wp\/v2\/users\/6"}],"replies":[{"embeddable":true,"href":"https:\/\/www.caririemacao.com\/1\/wp-json\/wp\/v2\/comments?post=320482"}],"version-history":[{"count":1,"href":"https:\/\/www.caririemacao.com\/1\/wp-json\/wp\/v2\/posts\/320482\/revisions"}],"predecessor-version":[{"id":320483,"href":"https:\/\/www.caririemacao.com\/1\/wp-json\/wp\/v2\/posts\/320482\/revisions\/320483"}],"wp:featuredmedia":[{"embeddable":true,"href":"https:\/\/www.caririemacao.com\/1\/wp-json\/wp\/v2\/media\/320484"}],"wp:attachment":[{"href":"https:\/\/www.caririemacao.com\/1\/wp-json\/wp\/v2\/media?parent=320482"}],"wp:term":[{"taxonomy":"category","embeddable":true,"href":"https:\/\/www.caririemacao.com\/1\/wp-json\/wp\/v2\/categories?post=320482"},{"taxonomy":"post_tag","embeddable":true,"href":"https:\/\/www.caririemacao.com\/1\/wp-json\/wp\/v2\/tags?post=320482"}],"curies":[{"name":"wp","href":"https:\/\/api.w.org\/{rel}","templated":true}]}}