{"id":320486,"date":"2026-08-26T09:26:43","date_gmt":"2026-08-26T12:26:43","guid":{"rendered":"https:\/\/www.caririemacao.com\/1\/?p=320486"},"modified":"2026-08-26T09:26:43","modified_gmt":"2026-08-26T12:26:43","slug":"nova-programacao-para-concursos-publicos-de-campina-grande-apos-decisao-judicial","status":"publish","type":"post","link":"https:\/\/www.caririemacao.com\/1\/2026\/08\/26\/nova-programacao-para-concursos-publicos-de-campina-grande-apos-decisao-judicial\/","title":{"rendered":"Nova programa\u00e7\u00e3o para concursos p\u00fablicos de Campina Grande ap\u00f3s decis\u00e3o judicial"},"content":{"rendered":"<p>A Prefeitura Municipal de Campina Grande, localizada no Agreste da Para\u00edba, anunciou altera\u00e7\u00f5es nas datas das provas do concurso p\u00fablico nesta ter\u00e7a-feira (25). Inicialmente agendadas para ocorrerem em 29 e 30 de agosto, as avalia\u00e7\u00f5es foram remarcadas para os dias 21 e 22 de novembro deste ano.<\/p>\n<p>De acordo com o Instituto de Desenvolvimento Educacional, Cultural e Assistencial Nacional (Idecan), a mudan\u00e7a de cronograma segue uma decis\u00e3o judicial que imp\u00f4s a reserva de dez por cento das vagas gerais para candidatos negros por meio de cotas raciais. Essa determina\u00e7\u00e3o foi solicitada previamente pelo Minist\u00e9rio P\u00fablico da Para\u00edba (MPPB).<\/p>\n<p>Os \u00f3rg\u00e3os respons\u00e1veis indicam que os cronogramas das etapas subsequentes ser\u00e3o divulgados em breve, acompanhados da retifica\u00e7\u00e3o do edital e de outras orienta\u00e7\u00f5es necess\u00e1rias aos concorrentes.<\/p>\n<p>O edital oferece 955 vagas em um chamado geral, al\u00e9m de duas posi\u00e7\u00f5es espec\u00edficas para cargos de Procurador e Guarda Municipal. O processo contar\u00e1 com quatro etapas distintas: uma prova objetiva classificat\u00f3ria e eliminat\u00f3ria, seguida por uma prova de t\u00edtulos para cargos espec\u00edficos, uma etapa pr\u00e1tica para int\u00e9rpretes de libras, m\u00fasicos e especialidades, e finalmente uma an\u00e1lise de vida pregressa para o cargo de auditor fiscal da receita municipal.<\/p>\n<p>Al\u00e9m disso, v\u00eddeos relacionados ao concurso est\u00e3o em alta no portal de not\u00edcias regional, permitindo que os interessados acompanhem as novidades diretamente online.<\/p>\n<p><em>Fonte: G1 Para\u00edba<\/em><\/p>\n","protected":false},"excerpt":{"rendered":"<p>Prefeitura de Campina Grande, Agreste da Para\u00edba Divulga\u00e7\u00e3o As novas datas das provas do concurso p\u00fablico da Prefeitura Municipal de Campina Grande, Agreste da Para\u00edba, foram divulgadas pela banca organizadora do certame nesta ter\u00e7a-feira (25). As provas, inicialmente previstas para acontecer em 29 e 30 de agosto, pr\u00f3ximo fim de semana, agora devem ocorrer nos dias 21 e 22 de novembro deste ano. &#x2705; Clique aqui para seguir o canal do g1 PB no WhatsApp De acordo com o Instituto de Desenvolvimento Educacional, Cultural e Assistencial Nacional (Idecan), o adiamento, informado anteriormente pela prefeitura da cidade, cumpre uma decis\u00e3o judicial que determinou a reserva de 10% das vagas gerais oferecidas no certame para candidatos negros por meio de cotas raciais. A determina\u00e7\u00e3o seguiu um pedido do Minist\u00e9rio P\u00fablico da Para\u00edba (MPPB). Ainda conforme o instituto, os novos cronogramas das etapas seguintes devem ser divulgados em breve, juntamente com a retifica\u00e7\u00e3o do edital e demais orienta\u00e7\u00f5es necess\u00e1rias aos candidatos. V\u00eddeos em alta no g1 Concurso da Prefeitura Municipal de Campina Grande O concurso da Prefeitura Municipal de Campina Grande est\u00e1 ofertando 955 vagas em um edital geral e outros dois para Procurador e Guarda Municipal (confira todas as vagas dispon\u00edveis). O certame ser\u00e1 realizado em quatro etapas, sendo a primeira a prova objetiva de car\u00e1ter classificat\u00f3rio e eliminat\u00f3rio. Em um segundo momento, ocorrer\u00e1 a prova de t\u00edtulos para cargos espec\u00edficos listados pelo edital. Por fim, ser\u00e1 realizada a prova pr\u00e1tica para os cargos de int\u00e9rprete de libras, m\u00fasico e especialidades e a an\u00e1lise de vida pregressa para o cargo de auditor fiscal da receita municipal. V\u00eddeos mais assistidos do g1 Para\u00edba<\/p>\n","protected":false},"author":0,"featured_media":320487,"comment_status":"closed","ping_status":"closed","sticky":false,"template":"","format":"standard","meta":{"sfsi_plus_gutenberg_text_before_share":"","sfsi_plus_gutenberg_show_text_before_share":"","sfsi_plus_gutenberg_icon_type":"","sfsi_plus_gutenberg_icon_alignemt":"","sfsi_plus_gutenburg_max_per_row":"","footnotes":""},"categories":[104],"tags":[],"class_list":["post-320486","post","type-post","status-publish","format-standard","has-post-thumbnail","hentry","category-paraiba"],"_links":{"self":[{"href":"https:\/\/www.caririemacao.com\/1\/wp-json\/wp\/v2\/posts\/320486","targetHints":{"allow":["GET"]}}],"collection":[{"href":"https:\/\/www.caririemacao.com\/1\/wp-json\/wp\/v2\/posts"}],"about":[{"href":"https:\/\/www.caririemacao.com\/1\/wp-json\/wp\/v2\/types\/post"}],"replies":[{"embeddable":true,"href":"https:\/\/www.caririemacao.com\/1\/wp-json\/wp\/v2\/comments?post=320486"}],"version-history":[{"count":1,"href":"https:\/\/www.caririemacao.com\/1\/wp-json\/wp\/v2\/posts\/320486\/revisions"}],"predecessor-version":[{"id":320488,"href":"https:\/\/www.caririemacao.com\/1\/wp-json\/wp\/v2\/posts\/320486\/revisions\/320488"}],"wp:featuredmedia":[{"embeddable":true,"href":"https:\/\/www.caririemacao.com\/1\/wp-json\/wp\/v2\/media\/320487"}],"wp:attachment":[{"href":"https:\/\/www.caririemacao.com\/1\/wp-json\/wp\/v2\/media?parent=320486"}],"wp:term":[{"taxonomy":"category","embeddable":true,"href":"https:\/\/www.caririemacao.com\/1\/wp-json\/wp\/v2\/categories?post=320486"},{"taxonomy":"post_tag","embeddable":true,"href":"https:\/\/www.caririemacao.com\/1\/wp-json\/wp\/v2\/tags?post=320486"}],"curies":[{"name":"wp","href":"https:\/\/api.w.org\/{rel}","templated":true}]}}