{"id":320491,"date":"2026-08-26T10:26:52","date_gmt":"2026-08-26T13:26:52","guid":{"rendered":"https:\/\/www.caririemacao.com\/1\/?p=320491"},"modified":"2026-08-26T10:26:52","modified_gmt":"2026-08-26T13:26:52","slug":"operacao-policial-em-joao-pessoa-resulta-em-tres-prisoes-e-buscas-em-residencias-e-deposito-de-gas","status":"publish","type":"post","link":"https:\/\/www.caririemacao.com\/1\/2026\/08\/26\/operacao-policial-em-joao-pessoa-resulta-em-tres-prisoes-e-buscas-em-residencias-e-deposito-de-gas\/","title":{"rendered":"Opera\u00e7\u00e3o policial em Jo\u00e3o Pessoa resulta em tr\u00eas pris\u00f5es e buscas em resid\u00eancias e dep\u00f3sito de g\u00e1s"},"content":{"rendered":"<p>Na manh\u00e3 de quinta-feira (26), a Pol\u00edcia Civil executou tr\u00eas mandados de pris\u00e3o preventiva e sete ordens de busca e apreens\u00e3o em Jo\u00e3o Pessoa. As a\u00e7\u00f5es focaram nos bairros Mangabeira e Gramame, onde foram identificados suspeitos supostamente vinculados a um grupo criminoso especializado em roubos a habita\u00e7\u00f5es.<\/p>\n<p>Segundo a Pol\u00edcia Civil, o grupo est\u00e1 sob investiga\u00e7\u00e3o devido a dois epis\u00f3dios em que fam\u00edlias ficaram ref\u00e9ns dentro de suas pr\u00f3prias casas. Al\u00e9m disso, os suspeitos est\u00e3o ligados ao roubo de um dep\u00f3sito de g\u00e1s ocorrido na sexta-feira anterior (21). Nessa ocasi\u00e3o, os infratores apropriaram-se da arma de um policial.<\/p>\n<p>Tr\u00eas dos tr\u00eas alvos com mandados de pris\u00e3o j\u00e1 foram detidos; um deles est\u00e1 cumprindo pena na Penitenci\u00e1ria Silvio Porto, em Jo\u00e3o Pessoa. A Pol\u00edcia Civil confirmou que ainda realiza buscas por dois outros suspeitos classificados como foragidos. O incidente gerou aten\u00e7\u00e3o midi\u00e1tica, com v\u00eddeos mais assistidos compartilhados online.<\/p>\n<p><em>Fonte: G1 Para\u00edba<\/em><\/p>\n","protected":false},"excerpt":{"rendered":"<p>Opera\u00e7\u00e3o foi concentrada nos bairros de Mangabeira e Gramame, em Jo\u00e3o Pessoa Divulga\u00e7\u00e3o\/Pol\u00edcia Civil A Pol\u00edcia Civil cumpriu, na manh\u00e3 desta quarta-feira (26), tr\u00eas mandados de pris\u00e3o preventiva e sete de busca e apreens\u00e3o em Jo\u00e3o Pessoa. Os alvos s\u00e3o suspeitos de integrar um grupo criminoso especializado em roubo de resid\u00eancias. A opera\u00e7\u00e3o policial foi concentrada nos bairros de Mangabeira e Gramame. &#x2705; Clique aqui para seguir o canal do g1 PB no WhatsApp De acordo com a Pol\u00edcia Civil, o grupo \u00e9 investigado por duas situa\u00e7\u00f5es em que fam\u00edlias foram feitas ref\u00e9ns dentro das pr\u00f3prias casas. Os suspeitos tamb\u00e9m s\u00e3o apontados como respons\u00e1veis pelo roubo a um dep\u00f3sito de g\u00e1s, ocorrido na \u00faltima sexta-feira (21). Na ocasi\u00e3o, os criminosos roubaram a arma de um policial. Agora no g1 Dos tr\u00eas alvos com mandados de pris\u00e3o expedidos, um j\u00e1 cumpre pena na Penitenci\u00e1ria Silvio Porto, em Jo\u00e3o Pessoa. A Pol\u00edcia Civil informou que ainda faz buscas por dois suspeitos considerados foragidos. V\u00eddeos mais assistidos do g1 Para\u00edba<\/p>\n","protected":false},"author":0,"featured_media":320492,"comment_status":"closed","ping_status":"closed","sticky":false,"template":"","format":"standard","meta":{"sfsi_plus_gutenberg_text_before_share":"","sfsi_plus_gutenberg_show_text_before_share":"","sfsi_plus_gutenberg_icon_type":"","sfsi_plus_gutenberg_icon_alignemt":"","sfsi_plus_gutenburg_max_per_row":"","footnotes":""},"categories":[12],"tags":[],"class_list":["post-320491","post","type-post","status-publish","format-standard","has-post-thumbnail","hentry","category-policia"],"_links":{"self":[{"href":"https:\/\/www.caririemacao.com\/1\/wp-json\/wp\/v2\/posts\/320491","targetHints":{"allow":["GET"]}}],"collection":[{"href":"https:\/\/www.caririemacao.com\/1\/wp-json\/wp\/v2\/posts"}],"about":[{"href":"https:\/\/www.caririemacao.com\/1\/wp-json\/wp\/v2\/types\/post"}],"replies":[{"embeddable":true,"href":"https:\/\/www.caririemacao.com\/1\/wp-json\/wp\/v2\/comments?post=320491"}],"version-history":[{"count":1,"href":"https:\/\/www.caririemacao.com\/1\/wp-json\/wp\/v2\/posts\/320491\/revisions"}],"predecessor-version":[{"id":320493,"href":"https:\/\/www.caririemacao.com\/1\/wp-json\/wp\/v2\/posts\/320491\/revisions\/320493"}],"wp:featuredmedia":[{"embeddable":true,"href":"https:\/\/www.caririemacao.com\/1\/wp-json\/wp\/v2\/media\/320492"}],"wp:attachment":[{"href":"https:\/\/www.caririemacao.com\/1\/wp-json\/wp\/v2\/media?parent=320491"}],"wp:term":[{"taxonomy":"category","embeddable":true,"href":"https:\/\/www.caririemacao.com\/1\/wp-json\/wp\/v2\/categories?post=320491"},{"taxonomy":"post_tag","embeddable":true,"href":"https:\/\/www.caririemacao.com\/1\/wp-json\/wp\/v2\/tags?post=320491"}],"curies":[{"name":"wp","href":"https:\/\/api.w.org\/{rel}","templated":true}]}}