{"id":320494,"date":"2026-08-26T10:27:00","date_gmt":"2026-08-26T13:27:00","guid":{"rendered":"https:\/\/www.caririemacao.com\/1\/?p=320494"},"modified":"2026-08-26T12:46:51","modified_gmt":"2026-08-26T15:46:51","slug":"remuneracao-dos-servidores-de-joao-pessoa-iniciada-a-partir-da-quinta-feira-calendario-de-pagamentos-divulgado","status":"publish","type":"post","link":"https:\/\/www.caririemacao.com\/1\/2026\/08\/26\/remuneracao-dos-servidores-de-joao-pessoa-iniciada-a-partir-da-quinta-feira-calendario-de-pagamentos-divulgado\/","title":{"rendered":"Remunera\u00e7\u00e3o dos servidores de Jo\u00e3o Pessoa iniciada a partir da quinta-feira; calend\u00e1rio de pagamentos divulgado"},"content":{"rendered":"<p>Os servidores de Jo\u00e3o Pessoa ir\u00e3o receber as remunera\u00e7\u00f5es de agosto a partir desta quinta-feira (27). O calend\u00e1rio de pagamento foi anunciado pela Prefeitura nesta quarta-feira (26).<\/p>\n<p>Segundo o cronograma, nesta quinta-feira s\u00e3o recebidos os aposentados e pensionistas do Instituto Previdenci\u00e1rio Municipal (IPM-JP).<\/p>\n<p>Na sexta-feira (28), ocorrem os pagamentos aos demais servidores efetivos, comissionados e prestadores de servi\u00e7o.<\/p>\n<p><a href=\"https:\/\/whatsapp.com\/channel\/0029VaM11seEFeXpuU94Sz2i\" target=\"_blank\" rel=\"noopener\"><\/a><\/p>\n<p><em>Fonte: Portal Correio<\/em><\/p>\n","protected":false},"excerpt":{"rendered":"<p>Os servidores de Jo\u00e3o Pessoa v\u00e3o receber as remunera\u00e7\u00f5es de agosto a partir desta quinta-feira (27). O calend\u00e1rio de pagamento foi anunciado pela Prefeitura nesta quarta-feira (26). De acordo com o calend\u00e1rio, nesta quinta recebem aposentados e pensionistas do Instituto Previdenci\u00e1rio Municipal (IPM-JP). Na sexta-feira (28), recebem os demais servidores efetivos, comissionados e prestadores de [\u2026]<\/p>\n","protected":false},"author":6,"featured_media":320495,"comment_status":"closed","ping_status":"closed","sticky":false,"template":"","format":"standard","meta":{"sfsi_plus_gutenberg_text_before_share":"","sfsi_plus_gutenberg_show_text_before_share":"","sfsi_plus_gutenberg_icon_type":"","sfsi_plus_gutenberg_icon_alignemt":"","sfsi_plus_gutenburg_max_per_row":"","footnotes":""},"categories":[107],"tags":[],"class_list":["post-320494","post","type-post","status-publish","format-standard","has-post-thumbnail","hentry","category-economia"],"_links":{"self":[{"href":"https:\/\/www.caririemacao.com\/1\/wp-json\/wp\/v2\/posts\/320494","targetHints":{"allow":["GET"]}}],"collection":[{"href":"https:\/\/www.caririemacao.com\/1\/wp-json\/wp\/v2\/posts"}],"about":[{"href":"https:\/\/www.caririemacao.com\/1\/wp-json\/wp\/v2\/types\/post"}],"author":[{"embeddable":true,"href":"https:\/\/www.caririemacao.com\/1\/wp-json\/wp\/v2\/users\/6"}],"replies":[{"embeddable":true,"href":"https:\/\/www.caririemacao.com\/1\/wp-json\/wp\/v2\/comments?post=320494"}],"version-history":[{"count":1,"href":"https:\/\/www.caririemacao.com\/1\/wp-json\/wp\/v2\/posts\/320494\/revisions"}],"predecessor-version":[{"id":320496,"href":"https:\/\/www.caririemacao.com\/1\/wp-json\/wp\/v2\/posts\/320494\/revisions\/320496"}],"wp:featuredmedia":[{"embeddable":true,"href":"https:\/\/www.caririemacao.com\/1\/wp-json\/wp\/v2\/media\/320495"}],"wp:attachment":[{"href":"https:\/\/www.caririemacao.com\/1\/wp-json\/wp\/v2\/media?parent=320494"}],"wp:term":[{"taxonomy":"category","embeddable":true,"href":"https:\/\/www.caririemacao.com\/1\/wp-json\/wp\/v2\/categories?post=320494"},{"taxonomy":"post_tag","embeddable":true,"href":"https:\/\/www.caririemacao.com\/1\/wp-json\/wp\/v2\/tags?post=320494"}],"curies":[{"name":"wp","href":"https:\/\/api.w.org\/{rel}","templated":true}]}}