{"id":320497,"date":"2026-08-26T12:27:15","date_gmt":"2026-08-26T15:27:15","guid":{"rendered":"https:\/\/www.caririemacao.com\/1\/?p=320497"},"modified":"2026-08-26T12:27:15","modified_gmt":"2026-08-26T15:27:15","slug":"suspeito-associado-a-gangue-investigada-por-furtos-detido-em-joao-pessoa","status":"publish","type":"post","link":"https:\/\/www.caririemacao.com\/1\/2026\/08\/26\/suspeito-associado-a-gangue-investigada-por-furtos-detido-em-joao-pessoa\/","title":{"rendered":"Suspeito associado a gangue investigada por furtos detido em Jo\u00e3o Pessoa"},"content":{"rendered":"<p>Em Jo\u00e3o Pessoa, a Pol\u00edcia Civil realizou a pris\u00e3o de um suspeito na quarta-feira (26), no bairro de Cruz das Armas. A opera\u00e7\u00e3o tamb\u00e9m culminou com a execu\u00e7\u00e3o de um mandado de busca e apreens\u00e3o contra o indiv\u00edduo. De acordo com a pol\u00edcia civil, o grupo ao qual o detido estaria inserido est\u00e1 sob investiga\u00e7\u00e3o por atividades de roubo, com \u00eanfase na subtra\u00e7\u00e3o de joias.<\/p>\n<p>Durante a interven\u00e7\u00e3o policial, uma motocicleta, supostamente utilizada nos il\u00edcitos, foi recolhida. O caso tamb\u00e9m envolve um assalto \u00e0 m\u00e3o armada ocorrido em 6 de agosto no bairro de Jaguaribe, contra um comerciante. Segundo a Pol\u00edcia Civil, no momento do crime, o r\u00e9u utilizaria roupas e um capacete, elementos que foram encontrados posteriormente nas a\u00e7\u00f5es policiais.<\/p>\n<p>A v\u00edtima relatou perdas estimadas em aproximadamente R$ 40 mil. Entre os objetos confiscados, a investiga\u00e7\u00e3o apontava um colar, uma pulseira, uma alian\u00e7a e um rel\u00f3gio. Ap\u00f3s o sequestro, o homem foi conduzido \u00e0 unidade policial, onde foram efetuados os procedimentos jur\u00eddicos necess\u00e1rios, permanecendo dispon\u00edvel para a Justi\u00e7a.<\/p>\n<p>A investiga\u00e7\u00e3o forma parte de uma a\u00e7\u00e3o judicial iniciada em 7 de agosto. Na fase inicial, a Pol\u00edcia Civil comunicou que outro membro do grupo foi preso e uma motocicleta apreendida. Continuam as buscas para identificar outros envolvidos e apurar sua participa\u00e7\u00e3o nos assaltos em investiga\u00e7\u00e3o.<\/p>\n<p><em>Fonte: G1 Para\u00edba<\/em><\/p>\n","protected":false},"excerpt":{"rendered":"<p>Pol\u00edcia Civil prende investigado por assaltos em Jo\u00e3o Pessoa Reprodu\u00e7\u00e3o \/ Pol\u00edcia Civil Um homem de 24 anos, investigado por integrar um grupo suspeito de cometer assaltos em Jo\u00e3o Pessoa, foi preso pela Pol\u00edcia Civil nesta quarta-feira (26), no bairro de Cruz das Armas, em Jo\u00e3o Pessoa. A a\u00e7\u00e3o tamb\u00e9m cumpriu um mandado de busca e apreens\u00e3o contra o suspeito. &#x2705; Clique aqui para seguir o canal do g1 PB no WhatsApp Segundo a Pol\u00edcia Civil, o grupo no qual o suspeito faria parte, \u00e9 investigado por roubos, com foco na subtra\u00e7\u00e3o de joias. Durante a a\u00e7\u00e3o, uma motocicleta que, de acordo com a investiga\u00e7\u00e3o, era utilizada nos crimes foi apreendida. Agora no g1 Entre os casos atribu\u00eddos ao grupo criminoso est\u00e1 um assalto \u00e0 m\u00e3o armada registrado no dia 6 de agosto, no bairro de Jaguaribe, contra um comerciante. Conforme a Pol\u00edcia Civil, durante esse crime, o suspeito teria usado roupas e um capacete que foram localizados posteriormente na a\u00e7\u00e3o policial. A v\u00edtima relatou um preju\u00edzo estimado em cerca de R$ 40 mil. Entre os itens levados, segundo as informa\u00e7\u00f5es da investiga\u00e7\u00e3o, estavam um colar, uma pulseira, uma alian\u00e7a e um rel\u00f3gio. Ap\u00f3s a pris\u00e3o, o homem foi encaminhado para a unidade policial, onde foram realizados os procedimentos legais, e permanece \u00e0 disposi\u00e7\u00e3o da Justi\u00e7a. A investiga\u00e7\u00e3o faz parte de uma a\u00e7\u00e3o iniciada no dia 7 de agosto. Na primeira fase, a Pol\u00edcia Civil informou que outro integrante do grupo foi preso e uma motocicleta foi apreendida. As investiga\u00e7\u00f5es continuam para identificar outros poss\u00edveis envolvidos e apurar a participa\u00e7\u00e3o deles nos assaltos investigados. V\u00eddeos mais assistidos do g1 Para\u00edba<\/p>\n","protected":false},"author":0,"featured_media":320498,"comment_status":"closed","ping_status":"closed","sticky":false,"template":"","format":"standard","meta":{"sfsi_plus_gutenberg_text_before_share":"","sfsi_plus_gutenberg_show_text_before_share":"","sfsi_plus_gutenberg_icon_type":"","sfsi_plus_gutenberg_icon_alignemt":"","sfsi_plus_gutenburg_max_per_row":"","footnotes":""},"categories":[12],"tags":[],"class_list":["post-320497","post","type-post","status-publish","format-standard","has-post-thumbnail","hentry","category-policia"],"_links":{"self":[{"href":"https:\/\/www.caririemacao.com\/1\/wp-json\/wp\/v2\/posts\/320497","targetHints":{"allow":["GET"]}}],"collection":[{"href":"https:\/\/www.caririemacao.com\/1\/wp-json\/wp\/v2\/posts"}],"about":[{"href":"https:\/\/www.caririemacao.com\/1\/wp-json\/wp\/v2\/types\/post"}],"replies":[{"embeddable":true,"href":"https:\/\/www.caririemacao.com\/1\/wp-json\/wp\/v2\/comments?post=320497"}],"version-history":[{"count":1,"href":"https:\/\/www.caririemacao.com\/1\/wp-json\/wp\/v2\/posts\/320497\/revisions"}],"predecessor-version":[{"id":320499,"href":"https:\/\/www.caririemacao.com\/1\/wp-json\/wp\/v2\/posts\/320497\/revisions\/320499"}],"wp:featuredmedia":[{"embeddable":true,"href":"https:\/\/www.caririemacao.com\/1\/wp-json\/wp\/v2\/media\/320498"}],"wp:attachment":[{"href":"https:\/\/www.caririemacao.com\/1\/wp-json\/wp\/v2\/media?parent=320497"}],"wp:term":[{"taxonomy":"category","embeddable":true,"href":"https:\/\/www.caririemacao.com\/1\/wp-json\/wp\/v2\/categories?post=320497"},{"taxonomy":"post_tag","embeddable":true,"href":"https:\/\/www.caririemacao.com\/1\/wp-json\/wp\/v2\/tags?post=320497"}],"curies":[{"name":"wp","href":"https:\/\/api.w.org\/{rel}","templated":true}]}}