{"id":320500,"date":"2026-08-26T12:27:55","date_gmt":"2026-08-26T15:27:55","guid":{"rendered":"https:\/\/www.caririemacao.com\/1\/?p=320500"},"modified":"2026-08-26T12:47:27","modified_gmt":"2026-08-26T15:47:27","slug":"tre-pb-agenda-julgamento-da-acao-de-rui-galdino-referente-a-sua-candidatura-ao-senado","status":"publish","type":"post","link":"https:\/\/www.caririemacao.com\/1\/2026\/08\/26\/tre-pb-agenda-julgamento-da-acao-de-rui-galdino-referente-a-sua-candidatura-ao-senado\/","title":{"rendered":"TRE-PB agenda julgamento da a\u00e7\u00e3o de Rui Galdino referente \u00e0 sua candidatura ao Senado"},"content":{"rendered":"<p>O Tribunal Regional Eleitoral da Para\u00edba (TRE-PB) confirmou para segunda-feira (31) a realiza\u00e7\u00e3o do julgamento de uma a\u00e7\u00e3o judicial movida pelo empres\u00e1rio Rui Galdino, membro do PSD. No processo, o acionado questiona seu pr\u00f3prio partido por n\u00e3o ter lhe concedido a possibilidade de se candidatar ao Senado.<\/p>\n<p>O PSD integra a coliga\u00e7\u00e3o &#8216;Juntos para a Para\u00edba dar o pr\u00f3ximo passo&#8217;, que possui C\u00edcero Lucena (MDB) como seu candidato \u00e0 governa\u00e7\u00e3o estadual. Al\u00e9m dele, a alian\u00e7a tamb\u00e9m conta com os senadores Veneziano Vital do R\u00eago (MDB) e Andr\u00e9 Gadelha (MDB) nas listas de candidaturas.<\/p>\n<p>Entre os pedidos de Rui Galdino est\u00e1 a exig\u00eancia pela remo\u00e7\u00e3o da ata da conven\u00e7\u00e3o do PSD, documento que n\u00e3o o incluiu como pr\u00e9-candidato durante o processo de sele\u00e7\u00e3o.<\/p>\n<p><a href=\"https:\/\/whatsapp.com\/channel\/0029VaM11seEFeXpuU94Sz2i\" target=\"_blank\" rel=\"noopener\"><\/a><\/p>\n<p><em>Fonte: Portal Correio<\/em><\/p>\n","protected":false},"excerpt":{"rendered":"<p>O Tribunal Regional Eleitoral da Para\u00edba (TRE-PB) marcou para segunda-feira (31) o julgamento de uma a\u00e7\u00e3o movido pelo empres\u00e1rio Rui Galdino (PSD). No processo, ele questiona o pr\u00f3prio partido por n\u00e3o ter permitido ele ser candidato ao Senado. O PSD faz parte da coliga\u00e7\u00e3o \u2018Juntos para a Para\u00edba dar o pr\u00f3ximo passo\u2019, que tem como [\u2026]<\/p>\n","protected":false},"author":6,"featured_media":320501,"comment_status":"closed","ping_status":"closed","sticky":false,"template":"","format":"standard","meta":{"sfsi_plus_gutenberg_text_before_share":"","sfsi_plus_gutenberg_show_text_before_share":"","sfsi_plus_gutenberg_icon_type":"","sfsi_plus_gutenberg_icon_alignemt":"","sfsi_plus_gutenburg_max_per_row":"","footnotes":""},"categories":[11],"tags":[],"class_list":["post-320500","post","type-post","status-publish","format-standard","has-post-thumbnail","hentry","category-politica"],"_links":{"self":[{"href":"https:\/\/www.caririemacao.com\/1\/wp-json\/wp\/v2\/posts\/320500","targetHints":{"allow":["GET"]}}],"collection":[{"href":"https:\/\/www.caririemacao.com\/1\/wp-json\/wp\/v2\/posts"}],"about":[{"href":"https:\/\/www.caririemacao.com\/1\/wp-json\/wp\/v2\/types\/post"}],"author":[{"embeddable":true,"href":"https:\/\/www.caririemacao.com\/1\/wp-json\/wp\/v2\/users\/6"}],"replies":[{"embeddable":true,"href":"https:\/\/www.caririemacao.com\/1\/wp-json\/wp\/v2\/comments?post=320500"}],"version-history":[{"count":2,"href":"https:\/\/www.caririemacao.com\/1\/wp-json\/wp\/v2\/posts\/320500\/revisions"}],"predecessor-version":[{"id":320503,"href":"https:\/\/www.caririemacao.com\/1\/wp-json\/wp\/v2\/posts\/320500\/revisions\/320503"}],"wp:featuredmedia":[{"embeddable":true,"href":"https:\/\/www.caririemacao.com\/1\/wp-json\/wp\/v2\/media\/320501"}],"wp:attachment":[{"href":"https:\/\/www.caririemacao.com\/1\/wp-json\/wp\/v2\/media?parent=320500"}],"wp:term":[{"taxonomy":"category","embeddable":true,"href":"https:\/\/www.caririemacao.com\/1\/wp-json\/wp\/v2\/categories?post=320500"},{"taxonomy":"post_tag","embeddable":true,"href":"https:\/\/www.caririemacao.com\/1\/wp-json\/wp\/v2\/tags?post=320500"}],"curies":[{"name":"wp","href":"https:\/\/api.w.org\/{rel}","templated":true}]}}