{"id":320509,"date":"2026-08-26T13:27:00","date_gmt":"2026-08-26T16:27:00","guid":{"rendered":"https:\/\/www.caririemacao.com\/1\/?p=320509"},"modified":"2026-08-26T13:27:00","modified_gmt":"2026-08-26T16:27:00","slug":"policia-civil-localiza-suspeito-apos-gravacoes-de-cameras-de-seguranca-em-joao-pessoa","status":"publish","type":"post","link":"https:\/\/www.caririemacao.com\/1\/2026\/08\/26\/policia-civil-localiza-suspeito-apos-gravacoes-de-cameras-de-seguranca-em-joao-pessoa\/","title":{"rendered":"Pol\u00edcia Civil localiza suspeito ap\u00f3s grava\u00e7\u00f5es de c\u00e2meras de seguran\u00e7a em Jo\u00e3o Pessoa"},"content":{"rendered":"<p>A Pol\u00edcia Civil confirmou na quarta-feira (26) que identificou o homem flagrado por c\u00e2meras de seguran\u00e7a agredindo sua pr\u00f3pria esposa e uma crian\u00e7a, no bairro do Valentina, em Jo\u00e3o Pessoa. O caso foi denunciado por um terceiro e subsequentemente confirmado pela Pol\u00edcia Civil, cujos envolvidos j\u00e1 prestaram depoimentos.<\/p>\n<p>De acordo com a delegada Marianna Teles, da Delegacia Especializada de Atendimento \u00e0 Mulher (DEAM) Sul de Jo\u00e3o Pessoa, os envolvidos constituem uma fam\u00edlia composta por marido, esposa e filhos menores.<\/p>\n<p>O r\u00e9u, vis\u00edvel nas imagens das grava\u00e7\u00f5es, agrediu a mulher e um dos filhos durante o incidente. A v\u00edtima, que tamb\u00e9m foi identificada e ouvida pela pol\u00edcia, relatou que o suspeito respondeu especificamente \u00e0s agress\u00f5es cometidas contra ela e contra a crian\u00e7a.<\/p>\n<p>O Conselho Tutelar ser\u00e1 ativado para acompanhar o processo. &#8220;N\u00f3s temos mais dilig\u00eancias com a investiga\u00e7\u00e3o; ao final, o inqu\u00e9rito ser\u00e1 relatado e encaminhado ao judici\u00e1rio. Caso estejam presentes os requisitos, pode haver a pris\u00e3o&#8221;, afirmou a delegada Marianna Teles.<\/p>\n<p>As imagens do crime foram enviadas \u00e0 TV Cabo Branco por uma pessoa que tamb\u00e9m registrou a den\u00fancia formalmente junto \u00e0 Pol\u00edcia Civil. O ataque ocorreu no \u00faltimo dia de agosto, no bairro Valentina de Figueiredo, na Avenida Maria \u00c2ngela Lucena Peixoto, em frente ao Hospital do Valentina. Durante o epis\u00f3dio, a v\u00edtima carregava uma crian\u00e7a pequena no colo e segurava outra pela m\u00e3o; ap\u00f3s a agress\u00e3o \u00e0 mulher, o homem tamb\u00e9m atacou a crian\u00e7a que estava no ch\u00e3o.<\/p>\n<p><em>Fonte: G1 Para\u00edba<\/em><\/p>\n","protected":false},"excerpt":{"rendered":"<p>Homem \u00e9 flagrado agredindo mulher e crian\u00e7a em rua de Jo\u00e3o Pessoa A Pol\u00edcia Civil confirmou nesta quarta-feira (26) que identificou o homem flagrado por c\u00e2meras de seguran\u00e7a agredindo a pr\u00f3pria mulher e uma crian\u00e7a, no bairro do Valentina, em Jo\u00e3o Pessoa. O caso foi denunciado por um terceiro e segundo a Pol\u00edcia Civil todos os envolvidos j\u00e1 prestaram depoimento. &#x2705; Clique aqui para seguir o canal do g1 PB no WhatsApp De acordo com a delegada Marianna Teles, da Delegacia Especializada de Atendimento \u00e0 Mulher (DEAM) Sul de Jo\u00e3o Pessoa, os envolvidos s\u00e3o uma fam\u00edlia: marido, esposa e filhos crian\u00e7as. O homem que aparece nas imagens agredindo a mulher e um dos filhos prestou depoimento. A mulher v\u00edtima da agress\u00e3o tamb\u00e9m foi identificada e ouvida pela pol\u00edcia. Ainda segundo a delegada, al\u00e9m da viol\u00eancia contra a mulher, o suspeito tamb\u00e9m ir\u00e1 responder especificamente pelas agress\u00f5es contra a crian\u00e7a. O Conselho Tutelar ser\u00e1 acionado para acompanhar o caso. &#8220;N\u00f3s estamos com mais dilig\u00eancias com rela\u00e7\u00e3o a investiga\u00e7\u00e3o, ao final o inqu\u00e9rito ser\u00e1 relatado e vai ser enviado para o judici\u00e1rio. Se estiverem presentes os requisitos, pode sim haver a pris\u00e3o&#8221;, explicou a delegada Marianna Teles. V\u00eddeos em alta no g1 Por se tratar de uma den\u00fancia feita por terceiros, houve dificuldade na identifica\u00e7\u00e3o da fam\u00edlia envolvida. Mas, a Pol\u00edcia Civil refor\u00e7a que qualquer pessoa pode e deve denunciar casos de viol\u00eancia dom\u00e9stica. Relembre o caso Agress\u00e3o ocorreu no bairro Valentina de Figueiredo, em Jo\u00e3o Pessoa Reprodu\u00e7\u00e3o\/TV Cabo Branco C\u00e2meras de seguran\u00e7a registraram o momento em que um homem agrediu uma mulher e uma crian\u00e7a, em Jo\u00e3o Pessoa. As imagens foram enviadas \u00e0 TV Cabo Branco por uma pessoa que tamb\u00e9m registrou a den\u00fancia formalmente junto \u00e0 Pol\u00edcia Civil. Durante o ataque, que ocorreu no \u00faltimo dia 20 de agosto, no bairro Valentina de Figueiredo, a v\u00edtima carregava uma crian\u00e7a pequena no colo e segurava outra pela m\u00e3o. Ap\u00f3s agredir a mulher, o homem tamb\u00e9m agride a crian\u00e7a que estava no ch\u00e3o. O caso ocorreu na Avenida Maria \u00c2ngela Lucena Peixoto, em frente ao Hospital do Valentina. V\u00eddeos mais assistidos do g1 Para\u00edba<\/p>\n","protected":false},"author":0,"featured_media":320510,"comment_status":"closed","ping_status":"closed","sticky":false,"template":"","format":"standard","meta":{"sfsi_plus_gutenberg_text_before_share":"","sfsi_plus_gutenberg_show_text_before_share":"","sfsi_plus_gutenberg_icon_type":"","sfsi_plus_gutenberg_icon_alignemt":"","sfsi_plus_gutenburg_max_per_row":"","footnotes":""},"categories":[12],"tags":[],"class_list":["post-320509","post","type-post","status-publish","format-standard","has-post-thumbnail","hentry","category-policia"],"_links":{"self":[{"href":"https:\/\/www.caririemacao.com\/1\/wp-json\/wp\/v2\/posts\/320509","targetHints":{"allow":["GET"]}}],"collection":[{"href":"https:\/\/www.caririemacao.com\/1\/wp-json\/wp\/v2\/posts"}],"about":[{"href":"https:\/\/www.caririemacao.com\/1\/wp-json\/wp\/v2\/types\/post"}],"replies":[{"embeddable":true,"href":"https:\/\/www.caririemacao.com\/1\/wp-json\/wp\/v2\/comments?post=320509"}],"version-history":[{"count":1,"href":"https:\/\/www.caririemacao.com\/1\/wp-json\/wp\/v2\/posts\/320509\/revisions"}],"predecessor-version":[{"id":320511,"href":"https:\/\/www.caririemacao.com\/1\/wp-json\/wp\/v2\/posts\/320509\/revisions\/320511"}],"wp:featuredmedia":[{"embeddable":true,"href":"https:\/\/www.caririemacao.com\/1\/wp-json\/wp\/v2\/media\/320510"}],"wp:attachment":[{"href":"https:\/\/www.caririemacao.com\/1\/wp-json\/wp\/v2\/media?parent=320509"}],"wp:term":[{"taxonomy":"category","embeddable":true,"href":"https:\/\/www.caririemacao.com\/1\/wp-json\/wp\/v2\/categories?post=320509"},{"taxonomy":"post_tag","embeddable":true,"href":"https:\/\/www.caririemacao.com\/1\/wp-json\/wp\/v2\/tags?post=320509"}],"curies":[{"name":"wp","href":"https:\/\/api.w.org\/{rel}","templated":true}]}}