{"id":320512,"date":"2026-08-26T13:27:19","date_gmt":"2026-08-26T16:27:19","guid":{"rendered":"https:\/\/www.caririemacao.com\/1\/?p=320512"},"modified":"2026-08-26T13:27:19","modified_gmt":"2026-08-26T16:27:19","slug":"defesa-civil-nacional-declara-situacao-de-emergencia-em-sete-municipios-paraibanos","status":"publish","type":"post","link":"https:\/\/www.caririemacao.com\/1\/2026\/08\/26\/defesa-civil-nacional-declara-situacao-de-emergencia-em-sete-municipios-paraibanos\/","title":{"rendered":"Defesa Civil Nacional declara situa\u00e7\u00e3o de emerg\u00eancia em sete munic\u00edpios paraibanos"},"content":{"rendered":"<p>Sete cidades do Nordeste foram reconhecidas como em estado de emerg\u00eancia devido \u00e0 persist\u00eancia da seca. A Secretaria Nacional de Prote\u00e7\u00e3o e Defesa Civil publicou uma portaria com essa medida nesta quarta-feira (26). Os governos locais confirmaram que os munic\u00edpios receberam o status de emerg\u00eancia conforme os registros dos Formul\u00e1rios de Informa\u00e7\u00f5es do Desastre (FIDE), al\u00e9m de decretos municipais que embasaram os pedidos de reconhecimento.<\/p>\n<p>**Localidades afetadas**<br \/>\n&#8211; Alagoas \u2013 Canapi<br \/>\n&#8211; Bahia \u2013 Gavi\u00e3o, Po\u00e7\u00f5es<br \/>\n&#8211; Para\u00edba \u2013 Brejo dos Santos, Frei Martinho, Monte Hore, S\u00e3o Jos\u00e9 de Espinhas<\/p>\n<p>O reconhecimento oficial abre caminho para que as prefeituras possam solicitar apoio da Uni\u00e3o atrav\u00e9s de a\u00e7\u00f5es de defesa civil. Entre os servi\u00e7os dispon\u00edveis est\u00e3o assist\u00eancia humanit\u00e1ria, aquisi\u00e7\u00e3o de cestas b\u00e1sicas, abastecimento de \u00e1gua, distribui\u00e7\u00e3o de kits de higiene e outras medidas destinadas ao atendimento da popula\u00e7\u00e3o atingida pela seca. As prefeituras podem enviar seus planos de trabalho para an\u00e1lise da Defesa Civil Nacional, visando liberar os recursos necess\u00e1rios.<\/p>\n<p><em>Fonte: Portal Correio<\/em><\/p>\n","protected":false},"excerpt":{"rendered":"<p>Sete cidades do nordeste tiveram situa\u00e7\u00e3o de emerg\u00eancia reconhecida devido ao per\u00edodo de estiagem. A Secretaria Nacional de Prote\u00e7\u00e3o e Defesa Civil publicou portaria com a medida nesta quarta-feira (26). Os munic\u00edpios tiveram situa\u00e7\u00e3o de emerg\u00eancia reconhecida, de acordo com os registros apresentados nos Formul\u00e1rios de Informa\u00e7\u00f5es do Desastre (Fide), apresentados neste m\u00eas de agosto, e nos decretos municipais [\u2026]<\/p>\n","protected":false},"author":0,"featured_media":320513,"comment_status":"closed","ping_status":"closed","sticky":false,"template":"","format":"standard","meta":{"sfsi_plus_gutenberg_text_before_share":"","sfsi_plus_gutenberg_show_text_before_share":"","sfsi_plus_gutenberg_icon_type":"","sfsi_plus_gutenberg_icon_alignemt":"","sfsi_plus_gutenburg_max_per_row":"","footnotes":""},"categories":[104],"tags":[],"class_list":["post-320512","post","type-post","status-publish","format-standard","has-post-thumbnail","hentry","category-paraiba"],"_links":{"self":[{"href":"https:\/\/www.caririemacao.com\/1\/wp-json\/wp\/v2\/posts\/320512","targetHints":{"allow":["GET"]}}],"collection":[{"href":"https:\/\/www.caririemacao.com\/1\/wp-json\/wp\/v2\/posts"}],"about":[{"href":"https:\/\/www.caririemacao.com\/1\/wp-json\/wp\/v2\/types\/post"}],"replies":[{"embeddable":true,"href":"https:\/\/www.caririemacao.com\/1\/wp-json\/wp\/v2\/comments?post=320512"}],"version-history":[{"count":1,"href":"https:\/\/www.caririemacao.com\/1\/wp-json\/wp\/v2\/posts\/320512\/revisions"}],"predecessor-version":[{"id":320514,"href":"https:\/\/www.caririemacao.com\/1\/wp-json\/wp\/v2\/posts\/320512\/revisions\/320514"}],"wp:featuredmedia":[{"embeddable":true,"href":"https:\/\/www.caririemacao.com\/1\/wp-json\/wp\/v2\/media\/320513"}],"wp:attachment":[{"href":"https:\/\/www.caririemacao.com\/1\/wp-json\/wp\/v2\/media?parent=320512"}],"wp:term":[{"taxonomy":"category","embeddable":true,"href":"https:\/\/www.caririemacao.com\/1\/wp-json\/wp\/v2\/categories?post=320512"},{"taxonomy":"post_tag","embeddable":true,"href":"https:\/\/www.caririemacao.com\/1\/wp-json\/wp\/v2\/tags?post=320512"}],"curies":[{"name":"wp","href":"https:\/\/api.w.org\/{rel}","templated":true}]}}