{"id":320515,"date":"2026-08-26T14:27:05","date_gmt":"2026-08-26T17:27:05","guid":{"rendered":"https:\/\/www.caririemacao.com\/1\/?p=320515"},"modified":"2026-08-26T14:27:05","modified_gmt":"2026-08-26T17:27:05","slug":"prefeito-de-joao-pessoa-aprova-lei-obrigatoria-de-mamografia-a-partir-dos-40-anos-mas-impoe-vetos-em-tres-artigos","status":"publish","type":"post","link":"https:\/\/www.caririemacao.com\/1\/2026\/08\/26\/prefeito-de-joao-pessoa-aprova-lei-obrigatoria-de-mamografia-a-partir-dos-40-anos-mas-impoe-vetos-em-tres-artigos\/","title":{"rendered":"Prefeito de Jo\u00e3o Pessoa aprova lei obrigat\u00f3ria de mamografia a partir dos 40 anos, mas imp\u00f5e vetos em tr\u00eas artigos"},"content":{"rendered":"<p>A legisla\u00e7\u00e3o que estabelece a mamografia como exame anual obrigat\u00f3rio a partir dos 40 anos foi publicada no Di\u00e1rio Oficial do Munic\u00edpio nesta quarta-feira (26). A iniciativa tem autoria do vereador Marcos Vin\u00edcius (PDT) e contou com vetos aplicados pelo governador local.<\/p>\n<p>O projeto de lei visa intensificar a preven\u00e7\u00e3o e facilitar o diagn\u00f3stico precoce do c\u00e2ncer de mama. A idade de 40 anos \u00e9 reconhecida por organiza\u00e7\u00f5es m\u00e9dicas importantes, como a Sociedade Brasileira de Mastologia (SBM), que defende o in\u00edcio do rastreamento mamogr\u00e1fico anual nessa faixa et\u00e1ria para mulheres com hist\u00f3rico de risco.<\/p>\n<p>O prefeito assinou vetos nos artigos 1\u00ba e 2\u00ba, que, conforme o texto original do projeto, determinavam a obrigatoriedade da realiza\u00e7\u00e3o dos exames na rede de sa\u00fade p\u00fablica do munic\u00edpio. Al\u00e9m disso, o artigo 5\u00ba tamb\u00e9m foi impedido, pois este exigia que os servi\u00e7os p\u00fablicos de sa\u00fade garantissem o agendamento e a execu\u00e7\u00e3o do exame de mamografia para todas as mulheres eleg\u00edveis conforme a nova legisla\u00e7\u00e3o.<\/p>\n<p><em>Fonte: G1 Para\u00edba<\/em><\/p>\n","protected":false},"excerpt":{"rendered":"<p>Mamografia de paciente com tumor pequeno na mama Hospital de Amor Barretos Reprodu\u00e7\u00e3o\/EPTV O prefeito de Jo\u00e3o Pessoa, L\u00e9o Bezerra (PSDB), sancionou uma lei que torna obrigat\u00f3ria a realiza\u00e7\u00e3o do exame anual de mamografia em mulheres a partir dos 40 anos, em Jo\u00e3o Pessoa. A lei foi publicada no Di\u00e1rio Oficial do Munic\u00edpio, nesta quarta-feira (26). &#x2705; Clique aqui para seguir o canal do g1 PB no WhatsApp A lei \u00e9 de autoria do vereador Marcos Vin\u00edcius (PDT) e foi aprovada com vetos. A proposta de lei tem como objetivo ampliar a preven\u00e7\u00e3o e o diagn\u00f3stico precoce do c\u00e2ncer de mama. A idade de 40 anos \u00e9 considerada um marco pelas principais entidades m\u00e9dicas, como a Sociedade Brasileira de Mastologia (SBM), que recomenda o in\u00edcio do rastreamento mamogr\u00e1fico anual nessa faixa et\u00e1ria para mulheres de risco habitual. O prefeito vetou os artigos 1\u00ba e 2\u00ba, que, segundo o texto original do projeto de lei, institu\u00edam a obrigatoriedade da realiza\u00e7\u00e3o dos exames na sa\u00fade p\u00fablica do munic\u00edpio. Tamb\u00e9m foi vetado o artigo 5\u00ba, que obrigava os servi\u00e7os p\u00fablicos de sa\u00fade a garantir o agendamento e a realiza\u00e7\u00e3o do exame de mamografia para todas as mulheres eleg\u00edveis segundo a lei. Agora no g1 V\u00eddeos mais assistidos do g1 Para\u00edba<\/p>\n","protected":false},"author":0,"featured_media":320516,"comment_status":"closed","ping_status":"closed","sticky":false,"template":"","format":"standard","meta":{"sfsi_plus_gutenberg_text_before_share":"","sfsi_plus_gutenberg_show_text_before_share":"","sfsi_plus_gutenberg_icon_type":"","sfsi_plus_gutenberg_icon_alignemt":"","sfsi_plus_gutenburg_max_per_row":"","footnotes":""},"categories":[104],"tags":[],"class_list":["post-320515","post","type-post","status-publish","format-standard","has-post-thumbnail","hentry","category-paraiba"],"_links":{"self":[{"href":"https:\/\/www.caririemacao.com\/1\/wp-json\/wp\/v2\/posts\/320515","targetHints":{"allow":["GET"]}}],"collection":[{"href":"https:\/\/www.caririemacao.com\/1\/wp-json\/wp\/v2\/posts"}],"about":[{"href":"https:\/\/www.caririemacao.com\/1\/wp-json\/wp\/v2\/types\/post"}],"replies":[{"embeddable":true,"href":"https:\/\/www.caririemacao.com\/1\/wp-json\/wp\/v2\/comments?post=320515"}],"version-history":[{"count":1,"href":"https:\/\/www.caririemacao.com\/1\/wp-json\/wp\/v2\/posts\/320515\/revisions"}],"predecessor-version":[{"id":320517,"href":"https:\/\/www.caririemacao.com\/1\/wp-json\/wp\/v2\/posts\/320515\/revisions\/320517"}],"wp:featuredmedia":[{"embeddable":true,"href":"https:\/\/www.caririemacao.com\/1\/wp-json\/wp\/v2\/media\/320516"}],"wp:attachment":[{"href":"https:\/\/www.caririemacao.com\/1\/wp-json\/wp\/v2\/media?parent=320515"}],"wp:term":[{"taxonomy":"category","embeddable":true,"href":"https:\/\/www.caririemacao.com\/1\/wp-json\/wp\/v2\/categories?post=320515"},{"taxonomy":"post_tag","embeddable":true,"href":"https:\/\/www.caririemacao.com\/1\/wp-json\/wp\/v2\/tags?post=320515"}],"curies":[{"name":"wp","href":"https:\/\/api.w.org\/{rel}","templated":true}]}}