{"id":320518,"date":"2026-08-26T14:27:24","date_gmt":"2026-08-26T17:27:24","guid":{"rendered":"https:\/\/www.caririemacao.com\/1\/?p=320518"},"modified":"2026-08-26T14:27:24","modified_gmt":"2026-08-26T17:27:24","slug":"reuniao-virtual-entre-famup-e-governo-federal-convida-gestores-para-debater-el-nino-e-gestao-publica-municipal","status":"publish","type":"post","link":"https:\/\/www.caririemacao.com\/1\/2026\/08\/26\/reuniao-virtual-entre-famup-e-governo-federal-convida-gestores-para-debater-el-nino-e-gestao-publica-municipal\/","title":{"rendered":"Reuni\u00e3o virtual entre Famup e Governo Federal convida gestores para debater El Ni\u00f1o e gest\u00e3o p\u00fablica municipal"},"content":{"rendered":"<p>A Federa\u00e7\u00e3o das Associa\u00e7\u00f5es de Munic\u00edpios da Para\u00edba (Famup), em colabora\u00e7\u00e3o com a Secretaria Especial de Assuntos Federativos da Secretaria de Rela\u00e7\u00f5es Institucionais da Presid\u00eancia da Rep\u00fablica (SEAF\/SRI\/PR), est\u00e1 convidando prefeitos e prefeitas para participar, nesta quarta-feira, dia 2 de setembro, de uma reuni\u00e3o online tem\u00e1tica intitulada &#8220;Efeitos Clim\u00e1ticos do El Ni\u00f1o no Nordeste do Brasil e seus desafios para a Gest\u00e3o P\u00fablica Municipal&#8221;. Os gestores t\u00eam at\u00e9 o dia 31 de agosto, segunda-feira seguinte, para confirmar sua presen\u00e7a atrav\u00e9s do formul\u00e1rio de inscri\u00e7\u00e3o: https:\/\/forms.cloud.microsoft\/r\/1XBDYpm41G. O presidente da Famup, George Coelho, destacou a import\u00e2ncia da participa\u00e7\u00e3o dos gestores paraibanos. &#8220;Estamos vivendo um momento em que a preven\u00e7\u00e3o e o planejamento s\u00e3o fundamentais para que os munic\u00edpios estejam preparados para enfrentar poss\u00edveis eventos clim\u00e1ticos&#8221;, afirmou ele. Al\u00e9m disso, o coordenador convidou todos os prefeitos e prefeitas da Para\u00edba a participar, ressaltando que ser\u00e1 uma oportunidade essencial para receber informa\u00e7\u00f5es diretamente do Governo Federal, esclarecer d\u00favidas e conhecer medidas que podem contribuir para fortalecer a atua\u00e7\u00e3o das gest\u00f5es e das Defesas Civis municipais. O encontro, que ocorrer\u00e1 das 9h \u00e0s 12h de forma virtual, reunir\u00e1 n\u00e3o apenas prefeitos e prefeitas, mas tamb\u00e9m secret\u00e1rios municipais e gestores das Defesas Civis Municipais. O objetivo central \u00e9 discutir estrat\u00e9gias de preven\u00e7\u00e3o, monitoramento e resposta aos poss\u00edveis impactos dos eventos clim\u00e1ticos nos munic\u00edpios paraibanos. Logo ap\u00f3s o fechamento das inscri\u00e7\u00f5es, a Famup disponibilizar\u00e1 os links de participa\u00e7\u00e3o para todos os inscritos. Durante a programa\u00e7\u00e3o, o Governo Federal apresentar\u00e1 o Painel El Ni\u00f1o, ferramenta que re\u00fane informa\u00e7\u00f5es e orienta\u00e7\u00f5es para apoiar o planejamento e a atua\u00e7\u00e3o das prefeituras diante dos poss\u00edveis efeitos clim\u00e1ticos associados ao fen\u00f4meno. A iniciativa busca fortalecer as a\u00e7\u00f5es de prepara\u00e7\u00e3o, o monitoramento de riscos e a capacidade de resposta dos munic\u00edpios diante de eventuais situa\u00e7\u00f5es de emerg\u00eancia. A reuni\u00e3o contar\u00e1 ainda com a participa\u00e7\u00e3o da Casa Civil da Presid\u00eancia da Rep\u00fablica, da Secretaria Nacional de Prote\u00e7\u00e3o e Defesa Civil e de demais Minist\u00e9rios relacionados ao tema, ampliando o di\u00e1logo entre o Governo Federal e os gestores municipais. Segundo a Famup, a iniciativa refor\u00e7a a coopera\u00e7\u00e3o entre o Governo Federal e os munic\u00edpios paraibanos, facilitando o acesso dos gestores \u00e0s informa\u00e7\u00f5es e medidas necess\u00e1rias para o enfrentamento de eventos clim\u00e1ticos e para a prote\u00e7\u00e3o da popula\u00e7\u00e3o.<\/p>\n<p><em>Fonte: Portal Correio<\/em><\/p>\n","protected":false},"excerpt":{"rendered":"<p>A Federa\u00e7\u00e3o das Associa\u00e7\u00f5es de Munic\u00edpios da Para\u00edba (Famup), em parceria com a Secretaria Especial de Assuntos Federativos da Secretaria de Rela\u00e7\u00f5es Institucionais da Presid\u00eancia da Rep\u00fablica (SEAF\/SRI\/PR), est\u00e3o convidando prefeitos e prefeitas para participarem, na quarta-feira, dia 2 de setembro, da reuni\u00e3o virtual tem\u00e1tica \u201cEfeitos Clim\u00e1ticos do El Ni\u00f1o no Nordeste do Brasil e [\u2026]<\/p>\n","protected":false},"author":0,"featured_media":320519,"comment_status":"closed","ping_status":"closed","sticky":false,"template":"","format":"standard","meta":{"sfsi_plus_gutenberg_text_before_share":"","sfsi_plus_gutenberg_show_text_before_share":"","sfsi_plus_gutenberg_icon_type":"","sfsi_plus_gutenberg_icon_alignemt":"","sfsi_plus_gutenburg_max_per_row":"","footnotes":""},"categories":[104],"tags":[],"class_list":["post-320518","post","type-post","status-publish","format-standard","has-post-thumbnail","hentry","category-paraiba"],"_links":{"self":[{"href":"https:\/\/www.caririemacao.com\/1\/wp-json\/wp\/v2\/posts\/320518","targetHints":{"allow":["GET"]}}],"collection":[{"href":"https:\/\/www.caririemacao.com\/1\/wp-json\/wp\/v2\/posts"}],"about":[{"href":"https:\/\/www.caririemacao.com\/1\/wp-json\/wp\/v2\/types\/post"}],"replies":[{"embeddable":true,"href":"https:\/\/www.caririemacao.com\/1\/wp-json\/wp\/v2\/comments?post=320518"}],"version-history":[{"count":1,"href":"https:\/\/www.caririemacao.com\/1\/wp-json\/wp\/v2\/posts\/320518\/revisions"}],"predecessor-version":[{"id":320520,"href":"https:\/\/www.caririemacao.com\/1\/wp-json\/wp\/v2\/posts\/320518\/revisions\/320520"}],"wp:featuredmedia":[{"embeddable":true,"href":"https:\/\/www.caririemacao.com\/1\/wp-json\/wp\/v2\/media\/320519"}],"wp:attachment":[{"href":"https:\/\/www.caririemacao.com\/1\/wp-json\/wp\/v2\/media?parent=320518"}],"wp:term":[{"taxonomy":"category","embeddable":true,"href":"https:\/\/www.caririemacao.com\/1\/wp-json\/wp\/v2\/categories?post=320518"},{"taxonomy":"post_tag","embeddable":true,"href":"https:\/\/www.caririemacao.com\/1\/wp-json\/wp\/v2\/tags?post=320518"}],"curies":[{"name":"wp","href":"https:\/\/api.w.org\/{rel}","templated":true}]}}