{"id":320521,"date":"2026-08-26T15:20:23","date_gmt":"2026-08-26T18:20:23","guid":{"rendered":"https:\/\/www.caririemacao.com\/1\/?p=320521"},"modified":"2026-08-26T15:20:23","modified_gmt":"2026-08-26T18:20:23","slug":"tce-pb-aprova-por-unanimidade-contas-de-2024-do-prefeito-onildo-lindberg-de-sao-domingos-do-cariri","status":"publish","type":"post","link":"https:\/\/www.caririemacao.com\/1\/2026\/08\/26\/tce-pb-aprova-por-unanimidade-contas-de-2024-do-prefeito-onildo-lindberg-de-sao-domingos-do-cariri\/","title":{"rendered":"TCE-PB aprova por unanimidade contas de 2024 do prefeito Onildo Lindberg, de S\u00e3o Domingos do Cariri"},"content":{"rendered":"<p class=\"wp-block-paragraph\">O Tribunal de Contas do Estado da Para\u00edba (TCE-PB) aprovou, por unanimidade, na manh\u00e3 desta quarta-feira 26, as contas referentes ao exerc\u00edcio de 2024 da Prefeitura de S\u00e3o Domingos do Cariri, durante gest\u00e3o do prefeito Onildo Lindberg.<\/p>\n<p class=\"wp-block-paragraph\">A decis\u00e3o representa mais um importante resultado para a administra\u00e7\u00e3o municipal e demonstra, segundo a gest\u00e3o, o compromisso com a responsabilidade na aplica\u00e7\u00e3o dos recursos p\u00fablicos, o cumprimento das normas legais e a transpar\u00eancia na administra\u00e7\u00e3o.<\/p>\n<p class=\"wp-block-paragraph\">A aprova\u00e7\u00e3o un\u00e2nime das contas pelo \u00f3rg\u00e3o de controle foi comemorada pelo prefeito Onildo Lindberg, que destacou o trabalho realizado pela equipe administrativa e cont\u00e1bil do munic\u00edpio.<\/p>\n<p class=\"wp-block-paragraph\">\u201cEssa aprova\u00e7\u00e3o \u00e9 resultado de um trabalho s\u00e9rio, respons\u00e1vel e comprometido com o dinheiro p\u00fablico. Dividimos essa conquista com toda a nossa equipe e com a popula\u00e7\u00e3o de S\u00e3o Domingos do Cariri\u201d, destacou o prefeito.<\/p>\n<p class=\"wp-block-paragraph\">A an\u00e1lise das contas p\u00fablicas pelos \u00f3rg\u00e3os de controle \u00e9 fundamental para garantir que os recursos municipais sejam utilizados de acordo com a legisla\u00e7\u00e3o e em benef\u00edcio da popula\u00e7\u00e3o.<\/p>\n<p class=\"wp-block-paragraph\">Com a aprova\u00e7\u00e3o referente ao exerc\u00edcio de 2024, a gest\u00e3o de Onildo Lindberg contabiliza mais um resultado positivo na condu\u00e7\u00e3o administrativa do munic\u00edpio.<\/p>\n<p class=\"wp-block-paragraph\"><em>Com ascom<\/em><\/p>\n","protected":false},"excerpt":{"rendered":"<p>O Tribunal de Contas do Estado da Para\u00edba (TCE-PB) aprovou, por unanimidade, na manh\u00e3 desta quarta-feira 26, as contas referentes ao exerc\u00edcio de 2024 da Prefeitura de S\u00e3o Domingos do Cariri, durante gest\u00e3o do prefeito Onildo Lindberg. A decis\u00e3o representa mais um importante resultado para a administra\u00e7\u00e3o municipal e demonstra, segundo a gest\u00e3o, o compromisso com a responsabilidade na aplica\u00e7\u00e3o dos recursos p\u00fablicos, o cumprimento das normas legais e a transpar\u00eancia na administra\u00e7\u00e3o. A aprova\u00e7\u00e3o un\u00e2nime das contas pelo \u00f3rg\u00e3o de controle foi comemorada pelo prefeito Onildo Lindberg, que destacou o trabalho realizado pela equipe administrativa e cont\u00e1bil do munic\u00edpio. \u201cEssa aprova\u00e7\u00e3o \u00e9 resultado de um trabalho s\u00e9rio, respons\u00e1vel e comprometido com o dinheiro p\u00fablico. Dividimos essa conquista com toda a nossa equipe e com a popula\u00e7\u00e3o de S\u00e3o Domingos do Cariri\u201d, destacou o prefeito. A an\u00e1lise das contas p\u00fablicas pelos \u00f3rg\u00e3os de controle \u00e9 fundamental para garantir que os recursos municipais sejam utilizados de acordo com a legisla\u00e7\u00e3o e em benef\u00edcio da popula\u00e7\u00e3o. Com a aprova\u00e7\u00e3o referente ao exerc\u00edcio de 2024, a gest\u00e3o de Onildo Lindberg contabiliza mais um resultado positivo na condu\u00e7\u00e3o administrativa do munic\u00edpio. Com ascom<\/p>\n","protected":false},"author":6,"featured_media":320522,"comment_status":"closed","ping_status":"closed","sticky":false,"template":"","format":"standard","meta":{"sfsi_plus_gutenberg_text_before_share":"","sfsi_plus_gutenberg_show_text_before_share":"","sfsi_plus_gutenberg_icon_type":"","sfsi_plus_gutenberg_icon_alignemt":"","sfsi_plus_gutenburg_max_per_row":"","footnotes":""},"categories":[106],"tags":[],"class_list":["post-320521","post","type-post","status-publish","format-standard","has-post-thumbnail","hentry","category-cariri"],"_links":{"self":[{"href":"https:\/\/www.caririemacao.com\/1\/wp-json\/wp\/v2\/posts\/320521","targetHints":{"allow":["GET"]}}],"collection":[{"href":"https:\/\/www.caririemacao.com\/1\/wp-json\/wp\/v2\/posts"}],"about":[{"href":"https:\/\/www.caririemacao.com\/1\/wp-json\/wp\/v2\/types\/post"}],"author":[{"embeddable":true,"href":"https:\/\/www.caririemacao.com\/1\/wp-json\/wp\/v2\/users\/6"}],"replies":[{"embeddable":true,"href":"https:\/\/www.caririemacao.com\/1\/wp-json\/wp\/v2\/comments?post=320521"}],"version-history":[{"count":1,"href":"https:\/\/www.caririemacao.com\/1\/wp-json\/wp\/v2\/posts\/320521\/revisions"}],"predecessor-version":[{"id":320523,"href":"https:\/\/www.caririemacao.com\/1\/wp-json\/wp\/v2\/posts\/320521\/revisions\/320523"}],"wp:featuredmedia":[{"embeddable":true,"href":"https:\/\/www.caririemacao.com\/1\/wp-json\/wp\/v2\/media\/320522"}],"wp:attachment":[{"href":"https:\/\/www.caririemacao.com\/1\/wp-json\/wp\/v2\/media?parent=320521"}],"wp:term":[{"taxonomy":"category","embeddable":true,"href":"https:\/\/www.caririemacao.com\/1\/wp-json\/wp\/v2\/categories?post=320521"},{"taxonomy":"post_tag","embeddable":true,"href":"https:\/\/www.caririemacao.com\/1\/wp-json\/wp\/v2\/tags?post=320521"}],"curies":[{"name":"wp","href":"https:\/\/api.w.org\/{rel}","templated":true}]}}