{"id":320524,"date":"2026-08-26T15:25:40","date_gmt":"2026-08-26T18:25:40","guid":{"rendered":"https:\/\/www.caririemacao.com\/1\/?p=320524"},"modified":"2026-08-26T15:26:34","modified_gmt":"2026-08-26T18:26:34","slug":"raquel-lyra-nega-existencia-de-gabinete-do-odio-contra-joao-campos","status":"publish","type":"post","link":"https:\/\/www.caririemacao.com\/1\/2026\/08\/26\/raquel-lyra-nega-existencia-de-gabinete-do-odio-contra-joao-campos\/","title":{"rendered":"Raquel Lyra nega exist\u00eancia de gabinete do \u00f3dio contra Jo\u00e3o Campos"},"content":{"rendered":"<article class=\"container_16 detalheNoticiaContent\">\n<article data-fetch=\"true\">\n<p class=\"subTituloDet\" style=\"text-align: center;\"><em>Reportagem exibida pela Record denunciou uma suposta rede de perfis contra advers\u00e1rio da governadora<\/em><\/p>\n<\/article>\n<article class=\"grid_8 prefix_2 textoArea\" data-fetch=\"true\">Em uma reportagem exibida na noite de ter\u00e7a-feira (25), a emissora de televis\u00e3o Record denunciou um suposto gabinete do \u00f3dio comandado pela administra\u00e7\u00e3o da governadora Raquel Lyra (PSD). De acordo com a mat\u00e9ria, um grupo de perfis nas redes sociais estaria promovendo uma s\u00e9rie de ataques contra Jo\u00e3o Campos (PSB), advers\u00e1rio de Raquel na disputa pelo governo.Ap\u00f3s participar de um ato de campanha no Derby, na manh\u00e3 desta quarta-feira (26), a governadora negou a informa\u00e7\u00e3o e anunciou que o servidor Amisadai Andrade, acusado de orquestrar a suposta rede de perfis falsos, j\u00e1 foi exonerado.<\/p>\n<p data-intext-processed=\"true\">&#8220;\u00c9 fato que voc\u00eas conhecem muito bem as velhas pr\u00e1ticas que infelizmente hoje o PSB lidera se apresentando como nova pol\u00edtica. N\u00e3o fa\u00e7o pol\u00edtica desse jeito. Para mim, a elei\u00e7\u00e3o n\u00e3o \u00e9 um vale-tudo. N\u00e3o abro m\u00e3o dos valores que me trouxeram at\u00e9 aqui de defesa incans\u00e1vel da democracia&#8221;, declarou Raquel Lyra.<\/p>\n<p><strong>Pesquisas<\/strong><\/p>\n<p>Segundo a governadora, a den\u00fancia, al\u00e9m de ser falsa, \u00e9 motivada pelo momento positivo dela nas pesquisas de inten\u00e7\u00e3o de voto e de popularidade. &#8220;Eles aumentam a temperatura de divulga\u00e7\u00e3o de fake news&#8221;, disse.<\/p>\n<p>Ontem, uma pesquisa da Genial Quaest, encomendada pela TV Globo, mostrou Raquel Lyra com 44% das inten\u00e7\u00f5es de voto na disputa pelo governo, enquanto Jo\u00e3o Campos tinha 36%. Mostrou, ainda, que a taxa de aprova\u00e7\u00e3o \u00e0 administra\u00e7\u00e3o da governadora \u00e9 de 68%.<\/p>\n<p data-intext-processed=\"true\">Raquel tamb\u00e9m acusou a campanha advers\u00e1ria de manter um gabinete de \u00f3dio contra ela e garantiu que est\u00e1 atenta para tomar todas as medidas judiciais e administrativas cab\u00edveis para permitir \u00e0 popula\u00e7\u00e3o &#8220;exercer livremente o direito ao voto com discernimento&#8221;.<\/p>\n<p>&#8220;A popula\u00e7\u00e3o de Pernambuco, gra\u00e7as a Deus, me conhece. Quem disso cuida, disso usa. Claro que eu n\u00e3o faria isso (manter um gabinete do \u00f3dio), jamais faria isso&#8221;, enfatizou.<\/p>\n<p>A governadora tamb\u00e9m afirmou que se diferenciaria dos advers\u00e1rios e enfatizou que conduzir\u00e1 a campanha de forma &#8220;limpa, transparente, com os p\u00e9s no ch\u00e3o e olho no olho&#8221;. &#8220;N\u00e3o tenho medo de encarar as pessoas e poder falar sobre aquilo que fizemos e sobre tudo aquilo que vamos fazer&#8221;, afirmou, frisando que n\u00e3o pretende cair no que chamou de provoca\u00e7\u00f5es.<\/p>\n<p data-intext-processed=\"true\"><strong>Servidor\u00a0<\/strong><\/p>\n<p data-intext-processed=\"true\">Na reportagem exibida pela TV Record, o servidor da Caixa Econ\u00f4mica Federal Amisadai Andrade, que foi cedido ao governo de Pernambuco, relata, em um v\u00eddeo, ter sido chamado pela pr\u00f3pria governadora para promover uma campanha para desidratar o ex-prefeito do Recife Jo\u00e3o Campos.<\/p>\n<p>De acordo com a mat\u00e9ria, a contrapartida viria por meio de contratos de publicidade firmados entre o governo de Pernambuco e as p\u00e1ginas contr\u00e1rias a Campos. O servidor, que atuava na Secretaria de Turismo e Lazer, foi exonerado por meio de uma portaria publicada na edi\u00e7\u00e3o desta quarta-feira do Di\u00e1rio Oficial do Estado.<\/p>\n<\/article>\n<\/article>\n<p>&nbsp;<\/p>\n<p><em>Com Folha de Pernambuco<\/em><\/p>\n","protected":false},"excerpt":{"rendered":"<p>Reportagem exibida pela Record denunciou uma suposta rede de perfis contra advers\u00e1rio da governadora Em uma reportagem exibida na noite de ter\u00e7a-feira (25), a emissora de televis\u00e3o Record denunciou um suposto gabinete do \u00f3dio comandado pela administra\u00e7\u00e3o da governadora Raquel Lyra (PSD). De acordo com a mat\u00e9ria, um grupo de perfis nas redes sociais estaria promovendo uma s\u00e9rie de ataques contra Jo\u00e3o Campos (PSB), advers\u00e1rio de Raquel na disputa pelo governo.Ap\u00f3s participar de um ato de campanha no Derby, na manh\u00e3 desta quarta-feira (26), a governadora negou a informa\u00e7\u00e3o e anunciou que o servidor Amisadai Andrade, acusado de orquestrar a suposta rede de perfis falsos, j\u00e1 foi exonerado. &#8220;\u00c9 fato que voc\u00eas conhecem muito bem as velhas pr\u00e1ticas que infelizmente hoje o PSB lidera se apresentando como nova pol\u00edtica. N\u00e3o fa\u00e7o pol\u00edtica desse jeito. Para mim, a elei\u00e7\u00e3o n\u00e3o \u00e9 um vale-tudo. N\u00e3o abro m\u00e3o dos valores que me trouxeram at\u00e9 aqui de defesa incans\u00e1vel da democracia&#8221;, declarou Raquel Lyra. Pesquisas Segundo a governadora, a den\u00fancia, al\u00e9m de ser falsa, \u00e9 motivada pelo momento positivo dela nas pesquisas de inten\u00e7\u00e3o de voto e de popularidade. &#8220;Eles aumentam a temperatura de divulga\u00e7\u00e3o de fake news&#8221;, disse. Ontem, uma pesquisa da Genial Quaest, encomendada pela TV Globo, mostrou Raquel Lyra com 44% das inten\u00e7\u00f5es de voto na disputa pelo governo, enquanto Jo\u00e3o Campos tinha 36%. Mostrou, ainda, que a taxa de aprova\u00e7\u00e3o \u00e0 administra\u00e7\u00e3o da governadora \u00e9 de 68%. Raquel tamb\u00e9m acusou a campanha advers\u00e1ria de manter um gabinete de \u00f3dio contra ela e garantiu que est\u00e1 atenta para tomar todas as medidas judiciais e administrativas cab\u00edveis para permitir \u00e0 popula\u00e7\u00e3o &#8220;exercer livremente o direito ao voto com discernimento&#8221;. &#8220;A popula\u00e7\u00e3o de Pernambuco, gra\u00e7as a Deus, me conhece. Quem disso cuida, disso usa. Claro que eu n\u00e3o faria isso (manter um gabinete do \u00f3dio), jamais faria isso&#8221;, enfatizou. A governadora tamb\u00e9m afirmou que se diferenciaria dos advers\u00e1rios e enfatizou que conduzir\u00e1 a campanha de forma &#8220;limpa, transparente, com os p\u00e9s no ch\u00e3o e olho no olho&#8221;. &#8220;N\u00e3o tenho medo de encarar as pessoas e poder falar sobre aquilo que fizemos e sobre tudo aquilo que vamos fazer&#8221;, afirmou, frisando que n\u00e3o pretende cair no que chamou de provoca\u00e7\u00f5es. Servidor\u00a0 Na reportagem exibida pela TV Record, o servidor da Caixa Econ\u00f4mica Federal Amisadai Andrade, que foi cedido ao governo de Pernambuco, relata, em um v\u00eddeo, ter sido chamado pela pr\u00f3pria governadora para promover uma campanha para desidratar o ex-prefeito do Recife Jo\u00e3o Campos. De acordo com a mat\u00e9ria, a contrapartida viria por meio de contratos de publicidade firmados entre o governo de Pernambuco e as p\u00e1ginas contr\u00e1rias a Campos. O servidor, que atuava na Secretaria de Turismo e Lazer, foi exonerado por meio de uma portaria publicada na edi\u00e7\u00e3o desta quarta-feira do Di\u00e1rio Oficial do Estado. &nbsp; Com Folha de Pernambuco<\/p>\n","protected":false},"author":6,"featured_media":320525,"comment_status":"closed","ping_status":"closed","sticky":false,"template":"","format":"standard","meta":{"sfsi_plus_gutenberg_text_before_share":"","sfsi_plus_gutenberg_show_text_before_share":"","sfsi_plus_gutenberg_icon_type":"","sfsi_plus_gutenberg_icon_alignemt":"","sfsi_plus_gutenburg_max_per_row":"","footnotes":""},"categories":[125],"tags":[],"class_list":["post-320524","post","type-post","status-publish","format-standard","has-post-thumbnail","hentry","category-pernambuco"],"_links":{"self":[{"href":"https:\/\/www.caririemacao.com\/1\/wp-json\/wp\/v2\/posts\/320524","targetHints":{"allow":["GET"]}}],"collection":[{"href":"https:\/\/www.caririemacao.com\/1\/wp-json\/wp\/v2\/posts"}],"about":[{"href":"https:\/\/www.caririemacao.com\/1\/wp-json\/wp\/v2\/types\/post"}],"author":[{"embeddable":true,"href":"https:\/\/www.caririemacao.com\/1\/wp-json\/wp\/v2\/users\/6"}],"replies":[{"embeddable":true,"href":"https:\/\/www.caririemacao.com\/1\/wp-json\/wp\/v2\/comments?post=320524"}],"version-history":[{"count":3,"href":"https:\/\/www.caririemacao.com\/1\/wp-json\/wp\/v2\/posts\/320524\/revisions"}],"predecessor-version":[{"id":320528,"href":"https:\/\/www.caririemacao.com\/1\/wp-json\/wp\/v2\/posts\/320524\/revisions\/320528"}],"wp:featuredmedia":[{"embeddable":true,"href":"https:\/\/www.caririemacao.com\/1\/wp-json\/wp\/v2\/media\/320525"}],"wp:attachment":[{"href":"https:\/\/www.caririemacao.com\/1\/wp-json\/wp\/v2\/media?parent=320524"}],"wp:term":[{"taxonomy":"category","embeddable":true,"href":"https:\/\/www.caririemacao.com\/1\/wp-json\/wp\/v2\/categories?post=320524"},{"taxonomy":"post_tag","embeddable":true,"href":"https:\/\/www.caririemacao.com\/1\/wp-json\/wp\/v2\/tags?post=320524"}],"curies":[{"name":"wp","href":"https:\/\/api.w.org\/{rel}","templated":true}]}}