{"id":320541,"date":"2026-08-26T15:33:16","date_gmt":"2026-08-26T18:33:16","guid":{"rendered":"https:\/\/www.caririemacao.com\/1\/?p=320541"},"modified":"2026-08-26T15:33:16","modified_gmt":"2026-08-26T18:33:16","slug":"radialista-tacio-henrique-volta-a-direcao-da-radio-monteiro-fm","status":"publish","type":"post","link":"https:\/\/www.caririemacao.com\/1\/2026\/08\/26\/radialista-tacio-henrique-volta-a-direcao-da-radio-monteiro-fm\/","title":{"rendered":"Radialista T\u00e1cio Henrique volta \u00e0 dire\u00e7\u00e3o da R\u00e1dio Monteiro FM"},"content":{"rendered":"<p>O radialista T\u00e1cio Henrique est\u00e1 de volta \u00e0 dire\u00e7\u00e3o da R\u00e1dio Monteiro FM. O retorno marca o in\u00edcio de uma nova fase da emissora, que anuncia investimentos em inova\u00e7\u00e3o, comunica\u00e7\u00e3o e aproxima\u00e7\u00e3o com o p\u00fablico.<\/p>\n<p>A hist\u00f3ria de T\u00e1cio Henrique com a Monteiro FM come\u00e7ou ainda em 2009, quando participou da implanta\u00e7\u00e3o da emissora. Ele permaneceu como produtor at\u00e9 dezembro de 2010 e, em janeiro de 2011, assumiu a ger\u00eancia geral, fun\u00e7\u00e3o que exerceu at\u00e9 junho de 2017.<\/p>\n<p>Ap\u00f3s deixar a emissora, T\u00e1cio seguiu para Sert\u00e2nia, em Pernambuco, onde atuou na assessoria de comunica\u00e7\u00e3o e posteriormente como secret\u00e1rio de Juventude, Esporte, Cultura e Turismo, permanecendo nessas atividades at\u00e9 dezembro de 2024.<\/p>\n<p>Em 2025, passou a se dedicar ao setor privado, atrav\u00e9s de uma produtora de \u00e1udio e v\u00eddeo. A nova atividade ampliou sua atua\u00e7\u00e3o no segmento art\u00edstico e audiovisual. Entre os trabalhos realizados, esteve a produ\u00e7\u00e3o e atua\u00e7\u00e3o como videomaker no S\u00e3o Jo\u00e3o de Lara Am\u00e9lia e em projetos com o cantor Fl\u00e1vio Jos\u00e9.<\/p>\n<p>Entre novembro de 2025 e abril de 2026, T\u00e1cio atuou como videomaker do cantor Batista Lima. J\u00e1 nos meses de maio e junho, voltou a trabalhar na cobertura e produ\u00e7\u00e3o audiovisual do S\u00e3o Jo\u00e3o, acompanhando Lara Am\u00e9lia e Fl\u00e1vio Jos\u00e9.<\/p>\n<p>Agora, em agosto, o radialista retorna \u00e0 Monteiro FM para assumir novamente a dire\u00e7\u00e3o da emissora.<\/p>\n<p><img fetchpriority=\"high\" decoding=\"async\" class=\"wp-image-105670  aligncenter\" src=\"https:\/\/www.caririligado.com.br\/wp-content\/uploads\/2026\/08\/Screenshot_20260824_224646_Gallery-1024x946.jpg\" sizes=\"(max-width: 1024px) 100vw, 1024px\" srcset=\"https:\/\/www.caririligado.com.br\/wp-content\/uploads\/2026\/08\/Screenshot_20260824_224646_Gallery-1024x946.jpg 1024w, https:\/\/www.caririligado.com.br\/wp-content\/uploads\/2026\/08\/Screenshot_20260824_224646_Gallery-300x277.jpg 300w, https:\/\/www.caririligado.com.br\/wp-content\/uploads\/2026\/08\/Screenshot_20260824_224646_Gallery-768x710.jpg 768w, https:\/\/www.caririligado.com.br\/wp-content\/uploads\/2026\/08\/Screenshot_20260824_224646_Gallery-800x739.jpg 800w, https:\/\/www.caririligado.com.br\/wp-content\/uploads\/2026\/08\/Screenshot_20260824_224646_Gallery.jpg 1080w\" alt=\"\" width=\"516\" height=\"477\" \/><\/p>\n<p><strong>\u201cO futuro j\u00e1 chegou\u201d<\/strong><\/p>\n<p>Ao anunciar o novo momento da r\u00e1dio, T\u00e1cio Henrique destacou que a Monteiro FM inicia uma nova era, sem perder a ess\u00eancia que marcou sua trajet\u00f3ria.<\/p>\n<p>A nova fase chega com o conceito \u201cMonteiro FM, atual e do seu jeito\u201d, al\u00e9m dos lemas \u201cA R\u00e1dio Que Eu Sempre Quis\u201d, \u201cMotiva\u00e7\u00e3o Que Conecta\u201d e \u201cCredibilidade em Primeiro Lugar\u201d.<\/p>\n<p>O retorno de T\u00e1cio Henrique representa, portanto, a retomada de uma parceria que come\u00e7ou na pr\u00f3pria constru\u00e7\u00e3o da Monteiro FM e que agora ganha um novo cap\u00edtulo, com a experi\u00eancia acumulada ao longo de mais de uma d\u00e9cada e a proposta de conectar o r\u00e1dio tradicional \u00e0s novas formas de comunica\u00e7\u00e3o.<\/p>\n","protected":false},"excerpt":{"rendered":"<p>O radialista T\u00e1cio Henrique est\u00e1 de volta \u00e0 dire\u00e7\u00e3o da R\u00e1dio Monteiro FM. O retorno marca o in\u00edcio de uma nova fase da emissora, que anuncia investimentos em inova\u00e7\u00e3o, comunica\u00e7\u00e3o e aproxima\u00e7\u00e3o com o p\u00fablico. A hist\u00f3ria de T\u00e1cio Henrique com a Monteiro FM come\u00e7ou ainda em 2009, quando participou da implanta\u00e7\u00e3o da emissora. Ele permaneceu como produtor at\u00e9 dezembro de 2010 e, em janeiro de 2011, assumiu a ger\u00eancia geral, fun\u00e7\u00e3o que exerceu at\u00e9 junho de 2017. Ap\u00f3s deixar a emissora, T\u00e1cio seguiu para Sert\u00e2nia, em Pernambuco, onde atuou na assessoria de comunica\u00e7\u00e3o e posteriormente como secret\u00e1rio de Juventude, Esporte, Cultura e Turismo, permanecendo nessas atividades at\u00e9 dezembro de 2024. Em 2025, passou a se dedicar ao setor privado, atrav\u00e9s de uma produtora de \u00e1udio e v\u00eddeo. A nova atividade ampliou sua atua\u00e7\u00e3o no segmento art\u00edstico e audiovisual. Entre os trabalhos realizados, esteve a produ\u00e7\u00e3o e atua\u00e7\u00e3o como videomaker no S\u00e3o Jo\u00e3o de Lara Am\u00e9lia e em projetos com o cantor Fl\u00e1vio Jos\u00e9. Entre novembro de 2025 e abril de 2026, T\u00e1cio atuou como videomaker do cantor Batista Lima. J\u00e1 nos meses de maio e junho, voltou a trabalhar na cobertura e produ\u00e7\u00e3o audiovisual do S\u00e3o Jo\u00e3o, acompanhando Lara Am\u00e9lia e Fl\u00e1vio Jos\u00e9. Agora, em agosto, o radialista retorna \u00e0 Monteiro FM para assumir novamente a dire\u00e7\u00e3o da emissora. \u201cO futuro j\u00e1 chegou\u201d Ao anunciar o novo momento da r\u00e1dio, T\u00e1cio Henrique destacou que a Monteiro FM inicia uma nova era, sem perder a ess\u00eancia que marcou sua trajet\u00f3ria. A nova fase chega com o conceito \u201cMonteiro FM, atual e do seu jeito\u201d, al\u00e9m dos lemas \u201cA R\u00e1dio Que Eu Sempre Quis\u201d, \u201cMotiva\u00e7\u00e3o Que Conecta\u201d e \u201cCredibilidade em Primeiro Lugar\u201d. O retorno de T\u00e1cio Henrique representa, portanto, a retomada de uma parceria que come\u00e7ou na pr\u00f3pria constru\u00e7\u00e3o da Monteiro FM e que agora ganha um novo cap\u00edtulo, com a experi\u00eancia acumulada ao longo de mais de uma d\u00e9cada e a proposta de conectar o r\u00e1dio tradicional \u00e0s novas formas de comunica\u00e7\u00e3o.<\/p>\n","protected":false},"author":6,"featured_media":320542,"comment_status":"closed","ping_status":"closed","sticky":false,"template":"","format":"standard","meta":{"sfsi_plus_gutenberg_text_before_share":"","sfsi_plus_gutenberg_show_text_before_share":"","sfsi_plus_gutenberg_icon_type":"","sfsi_plus_gutenberg_icon_alignemt":"","sfsi_plus_gutenburg_max_per_row":"","footnotes":""},"categories":[2],"tags":[],"class_list":["post-320541","post","type-post","status-publish","format-standard","has-post-thumbnail","hentry","category-geral"],"_links":{"self":[{"href":"https:\/\/www.caririemacao.com\/1\/wp-json\/wp\/v2\/posts\/320541","targetHints":{"allow":["GET"]}}],"collection":[{"href":"https:\/\/www.caririemacao.com\/1\/wp-json\/wp\/v2\/posts"}],"about":[{"href":"https:\/\/www.caririemacao.com\/1\/wp-json\/wp\/v2\/types\/post"}],"author":[{"embeddable":true,"href":"https:\/\/www.caririemacao.com\/1\/wp-json\/wp\/v2\/users\/6"}],"replies":[{"embeddable":true,"href":"https:\/\/www.caririemacao.com\/1\/wp-json\/wp\/v2\/comments?post=320541"}],"version-history":[{"count":1,"href":"https:\/\/www.caririemacao.com\/1\/wp-json\/wp\/v2\/posts\/320541\/revisions"}],"predecessor-version":[{"id":320543,"href":"https:\/\/www.caririemacao.com\/1\/wp-json\/wp\/v2\/posts\/320541\/revisions\/320543"}],"wp:featuredmedia":[{"embeddable":true,"href":"https:\/\/www.caririemacao.com\/1\/wp-json\/wp\/v2\/media\/320542"}],"wp:attachment":[{"href":"https:\/\/www.caririemacao.com\/1\/wp-json\/wp\/v2\/media?parent=320541"}],"wp:term":[{"taxonomy":"category","embeddable":true,"href":"https:\/\/www.caririemacao.com\/1\/wp-json\/wp\/v2\/categories?post=320541"},{"taxonomy":"post_tag","embeddable":true,"href":"https:\/\/www.caririemacao.com\/1\/wp-json\/wp\/v2\/tags?post=320541"}],"curies":[{"name":"wp","href":"https:\/\/api.w.org\/{rel}","templated":true}]}}